{"id":217521,"date":"2016-09-15T16:15:56","date_gmt":"2016-09-15T16:15:56","guid":{"rendered":"http:\/\/diariodominicano.ddns.net\/?p=217521"},"modified":"2016-09-15T16:15:56","modified_gmt":"2016-09-15T16:15:56","slug":"danilo-medina-juramenta-a-funcionarios-designados-mediante-decretos-246-16-y-257-16","status":"publish","type":"post","link":"https:\/\/diariodominicano.com\/?p=217521","title":{"rendered":"&#13;&#13;Danilo Medina juramenta a funcionarios designados mediante decretos 246-16 y 257-16"},"content":{"rendered":"<p><body><\/p>\n<p><img decoding=\"async\" src=\"img3\/prtejuramenta.jpg\" \/><br \/><img decoding=\"async\" src=\"img3\/juramentacion.jpg\" \/><br \/><img decoding=\"async\" src=\"img3\/juramentacion2.jpg\" \/>  <\/p>\n<\/p>\n<p>Santo Domingo, RD, 15 de septiembre.- El presidente Danilo Medina jurament\u00f3 hoy a los nuevos funcionarios designados mediante los decretos 246-16 y 257-16. La juramentaci\u00f3n se llev\u00f3 a cabo en una solemne ceremonia, en el sal\u00f3n de Embajadores del Palacio Nacional.<\/p>\n<\/p>\n<p>Al mediod\u00eda de hoy el jefe de Estado tom\u00f3 el juramento a los funcionarios que  pasar\u00e1n a formar parte del tren gubernamental.<\/p>\n<\/p>\n<p>Le acompa\u00f1\u00f3 el ministro Administrativo de la Presidencia, Jos\u00e9 Ram\u00f3n Peralta.<\/p>\n<\/p>\n<p>Juramentados mediante decreto 246-16<\/p>\n<\/p>\n<p>Omar Caama\u00f1o y Rufino Javier Clark, fueron juramentados Contralor y subcontralor General de la Rep\u00fablica, respectivamente.<\/p>\n<\/p>\n<p>V\u00edctor G\u00f3mez Casanova recibi\u00f3 juramento como director de la Autoridad Portuaria Dominicana y Nicol\u00e1s Calder\u00f3n como director de los Comedores Economicos.<\/p>\n<\/p>\n<p>Carlos Antonio Castillo, jur\u00f3 como c\u00f3nsul general de la Rep\u00fablica Dominicana en Nueva York y Jorge Minaya como director del Instituto Nacional de Educaci\u00f3n F\u00edsica.<\/p>\n<\/p>\n<p>El Gobernante jurament\u00f3 de igual modo a  Lidio Cadet, como presidente de la Comisi\u00f3n de \u00c9tica e Integridad Gubernamental.<\/p>\n<\/p>\n<p>Asimismo,  a Antonia Altagracia Guaba, directora del Plan Social de la Presidencia.<\/p>\n<\/p>\n<p>Adem\u00e1s, a Ram\u00f3n Mar\u00eda Rodr\u00edguez en la Direcci\u00f3n General de Pasaportes.<\/p>\n<\/p>\n<p>Danilo Medina tom\u00f3 juramento a Julio Mar\u00ed\u00f1ez, como director del Instituto de Desarrollo y Cr\u00e9dito y Cooperativo (IDECOOP). A C\u00e9sar Prieto como superintendente de Electricidad.<\/p>\n<\/p>\n<p>Mayobanex Escoto fue juramentado como director del Instituto Nacional de la Vivienda (INVI) y Ernesto Reyna como vicepresidente del Consejo Nacional para el Cambio Clim\u00e1tico. <\/p>\n<\/p>\n<p>Mientras que Bautista Rojas G\u00f3mez fue juramentado como ministro sin cartera para Pol\u00edticas de Desarrollo.<\/p>\n<\/p>\n<p>Danilo Medina le tom\u00f3 el juramento a Domingo Contreras como director de los Programas Especiales de la Presidencia.<\/p>\n<\/p>\n<p>Asimismo, jurament\u00f3 a Rafael Peguero Peralta como presidente del Consejo Nacional de Drogas (CND) y a Fidias Aristy como asesor del Poder Ejecutivo para Asuntos de Drogas.<\/p>\n<\/p>\n<p>Alexandra Izquierdo fue juramentada como directora de la Oficina Nacional de Estad\u00edsticas y Cristian Paredes como enlace del Poder Ejecutivo y el Poder Legislativo.<\/p>\n<\/p>\n<p>Mientras que Miguel Mej\u00eda, ministro sin cartera para Pol\u00edticas de Integraci\u00f3n Regional.<\/p>\n<\/p>\n<p>Asimismo, Antonio L\u00f3pez, director del Instituto Nacional del Az\u00facar y Freddy Radham\u00e9s Rodr\u00edguez,  como viceministro administrativo del Ministerio de Educaci\u00f3n.<\/p>\n<\/p>\n<p>Jos\u00e9 Antonio Rodr\u00edguez, embajador dominicano ante la UNESCO y Elena Fern\u00e1ndez, lo hizo como asesora del Poder Ejecutivo en Materia de Medicamentos, entre otros.<\/p>\n<\/p>\n<p>Juramentados con nuevo decreto 257-16<\/p>\n<\/p>\n<p>En la actividad se agregaron los nuevos funcionarios designados mediante el decreto 257-16, el cual designa a Alma Fern\u00e1ndez, como directora del Centro de Desarrollo y Competitividad Industrial (PROINDUSTRIA).<\/p>\n<h6> 2016-09-15 16:15:56 <\/h6>\n<p><!--\n<link rel=\"stylesheet\" href=\"css\/bootstrap.min.css\">\n\n\n<ul class=\"pagination\">\n\t    \n\t\n\n<li >\n\t<a href='?page_no=12033'>Previous<\/a>\n\t<\/li>\n\n\n       \n    \n\n<li><a href='?page_no=1'>1<\/a><\/li>\n\n\n\n<li><a href='?page_no=2'>2<\/a><\/li>\n\n\n\n<li><a>...<\/a><\/li>\n\n\n\n<li><a href='?page_no=12032'>12032<\/a><\/li>\n\n\n\n<li><a href='?page_no=12033'>12033<\/a><\/li>\n\n\n\n<li class='active'><a>12034<\/a><\/li>\n\n\n\n<li><a href='?page_no=12035'>12035<\/a><\/li>\n\n\n\n<li><a href='?page_no=12036'>12036<\/a><\/li>\n\n\n\n<li><a>...<\/a><\/li>\n\n\n\n<li><a href='?page_no=56169'>56169<\/a><\/li>\n\n\n\n<li><a href='?page_no=56170'>56170<\/a><\/li>\n\n    \n\t\n\n<li >\n\t<a href='?page_no=12035'>Next<\/a>\n\t<\/li>\n\n\n    \n\n<li><a href='?page_no=56170'>Last &rsaquo;&rsaquo;<\/a><\/li>\n\n<\/ul>\n\n\n--><br \/>\n<\/body><\/p>\n","protected":false},"excerpt":{"rendered":"<p>Santo Domingo, RD, 15 de septiembre.- El presidente Danilo Medina jurament\u00f3 hoy a los nuevos funcionarios designados mediante los decretos 246-16 y 257-16. La juramentaci\u00f3n se llev\u00f3 a cabo en una solemne ceremonia, en el sal\u00f3n de Embajadores del Palacio Nacional. Al mediod\u00eda de hoy el jefe de Estado tom\u00f3 el juramento a los funcionarios [&hellip;]<\/p>\n","protected":false},"author":3,"featured_media":0,"comment_status":"open","ping_status":"open","sticky":false,"template":"","format":"standard","meta":{"footnotes":""},"categories":[20],"tags":[],"class_list":["post-217521","post","type-post","status-publish","format-standard","hentry","category-dominicana-hoy"],"_links":{"self":[{"href":"https:\/\/diariodominicano.com\/index.php?rest_route=\/wp\/v2\/posts\/217521","targetHints":{"allow":["GET"]}}],"collection":[{"href":"https:\/\/diariodominicano.com\/index.php?rest_route=\/wp\/v2\/posts"}],"about":[{"href":"https:\/\/diariodominicano.com\/index.php?rest_route=\/wp\/v2\/types\/post"}],"author":[{"embeddable":true,"href":"https:\/\/diariodominicano.com\/index.php?rest_route=\/wp\/v2\/users\/3"}],"replies":[{"embeddable":true,"href":"https:\/\/diariodominicano.com\/index.php?rest_route=%2Fwp%2Fv2%2Fcomments&post=217521"}],"version-history":[{"count":0,"href":"https:\/\/diariodominicano.com\/index.php?rest_route=\/wp\/v2\/posts\/217521\/revisions"}],"wp:attachment":[{"href":"https:\/\/diariodominicano.com\/index.php?rest_route=%2Fwp%2Fv2%2Fmedia&parent=217521"}],"wp:term":[{"taxonomy":"category","embeddable":true,"href":"https:\/\/diariodominicano.com\/index.php?rest_route=%2Fwp%2Fv2%2Fcategories&post=217521"},{"taxonomy":"post_tag","embeddable":true,"href":"https:\/\/diariodominicano.com\/index.php?rest_route=%2Fwp%2Fv2%2Ftags&post=217521"}],"curies":[{"name":"wp","href":"https:\/\/api.w.org\/{rel}","templated":true}]}}