{"id":217519,"date":"2016-09-16T15:58:32","date_gmt":"2016-09-16T15:58:32","guid":{"rendered":"http:\/\/diariodominicano.ddns.net\/?p=217519"},"modified":"2016-09-16T15:58:32","modified_gmt":"2016-09-16T15:58:32","slug":"danilo-medina-margarita-y-cientos-de-funcionarios-presentan-declaracion-jurada","status":"publish","type":"post","link":"https:\/\/diariodominicano.com\/?p=217519","title":{"rendered":"Danilo Medina, Margarita y cientos de funcionarios presentan declaraci\u00f3n jurada"},"content":{"rendered":"<p><body><\/p>\n<p><img decoding=\"async\" src=\"img3\/camara cuentas.jpg\" \/>  <\/p>\n<\/p>\n<p><strong><span class=\"text1noticias\"> <\/span><\/strong><\/p>\n<p><strong> <\/strong><\/p>\n<p><strong><span class=\"text1noticias\"> <\/span><\/strong><\/p>\n<p><strong><span class=\"text1noticias\">Santo Domingo, RD, 16 de septiembre. &#8211; <\/span><\/strong><span class=\"text1noticias\">El presidente de la Rep\u00fablica, Danilo Medina, y la Vicepresidenta, Margarita Cede\u00f1o de Fern\u00e1ndez, y cientos de funcionarios han acudido en los \u00faltimos d\u00edas a la C\u00e1mara de Cuentas de la Rep\u00fablica Dominicana (CCRD) a presentar su declaraci\u00f3n jurada de patrimonio al vencer este viernes el plazo que establece la ley 311-14 para su realizaci\u00f3n, que es dentro de los 30 d\u00edas siguientes a la toma de posesi\u00f3n.<\/span><\/p>\n<\/p>\n<p><span class=\"text1noticias\">Adem\u00e1s del Jefe del Estado y la Vicepresidenta de la Rep\u00fablica, entregaron su declaraci\u00f3n jurada de patrimonio senadores, diputados, embajadores, c\u00f3nsules, alcaldes, regidores, encargados de compras, directores administrativos y financieros y otros funcionarios p\u00fablicos obligados por ley a declarar sus bienes.<\/span><\/p>\n<\/p>\n<p><span class=\"text1noticias\">Se explic\u00f3 que unos quinientos servidores han llevado sus declaraciones juradas a la Oficina de Evaluaci\u00f3n y Fiscalizaci\u00f3n del Patrimonio de los Funcionarios P\u00fablicos, un organismo especial de la C\u00e1mara de Cuentas creado para esos fines, desde el 16 de agosto hasta la fecha.<\/span><\/p>\n<\/p>\n<p><span class=\"text1noticias\">Recordaron que la ley 311-14 sobre Declaraci\u00f3n Jurada de Patrimonio establece que los funcionarios p\u00fablicos obligados a declarar tienen que presentar, dentro de los treinta d\u00edas siguientes a la toma de posesi\u00f3n, la declaraci\u00f3n jurada de los bienes que constituyen su patrimonio y el de la comunidad conyugal.<\/span><\/p>\n<\/p>\n<p><span class=\"text1noticias\">Igualmente, dicha ley dice que cada vez que un funcionario p\u00fablico inicie el ejercicio de un cargo, o sea reelegido para un nuevo periodo, presentar\u00e1 una nueva declaraci\u00f3n jurada de patrimonio.<\/span><\/p>\n<\/p>\n<p><span class=\"text1noticias\">Tambi\u00e9n, que los funcionarios que han cesado en el cargo est\u00e1n obligados a declarar sus bienes dentro del plazo m\u00e1ximo de 30 d\u00edas.<\/span><\/p>\n<\/p>\n<p><span class=\"text1noticias\">Entre los bienes obligados a declarar, y que est\u00e1n contemplados en la normativa, se encuentran la identificaci\u00f3n del lugar de trabajo e ingresos, detalles de productos bancarios o extranjeros, activos y pasivos de la comunidad conyugal, membres\u00eda en juntas o consejos p\u00fablicos y privados, car\u00e1cter de socio o accionista en el pa\u00eds y el extranjero, bienes e inmuebles, registrados o no, en Rep\u00fablica dominicana y el exterior, entre otras.<\/span><\/p>\n<\/p>\n<p><span class=\"text1noticias\">Adem\u00e1s, declaraciones con fines impositivos ante la Direcci\u00f3n General de Impuestos Internos (DGII).<\/span><\/p>\n<\/p>\n<p><span class=\"text1noticias\">La C\u00e1mara de Cuentas recibi\u00f3 a los funcionarios que presentaron su declaraci\u00f3n jurada dentro del plazo establecido por la ley hasta las 4:00 de la tarde de este viernes,  pero el personal de la instituci\u00f3n fiscalizadora trabaj\u00f3 hasta la culminaci\u00f3n del proceso con quienes ya estaban a la espera de ser atendidos.<\/span><\/p>\n<h6> 2016-09-16 15:58:32 <\/h6>\n<p><!--\n<link rel=\"stylesheet\" href=\"css\/bootstrap.min.css\">\n\n\n<ul class=\"pagination\">\n\t    \n\t\n\n<li >\n\t<a href='?page_no=12031'>Previous<\/a>\n\t<\/li>\n\n\n       \n    \n\n<li><a href='?page_no=1'>1<\/a><\/li>\n\n\n\n<li><a href='?page_no=2'>2<\/a><\/li>\n\n\n\n<li><a>...<\/a><\/li>\n\n\n\n<li><a href='?page_no=12030'>12030<\/a><\/li>\n\n\n\n<li><a href='?page_no=12031'>12031<\/a><\/li>\n\n\n\n<li class='active'><a>12032<\/a><\/li>\n\n\n\n<li><a href='?page_no=12033'>12033<\/a><\/li>\n\n\n\n<li><a href='?page_no=12034'>12034<\/a><\/li>\n\n\n\n<li><a>...<\/a><\/li>\n\n\n\n<li><a href='?page_no=56169'>56169<\/a><\/li>\n\n\n\n<li><a href='?page_no=56170'>56170<\/a><\/li>\n\n    \n\t\n\n<li >\n\t<a href='?page_no=12033'>Next<\/a>\n\t<\/li>\n\n\n    \n\n<li><a href='?page_no=56170'>Last &rsaquo;&rsaquo;<\/a><\/li>\n\n<\/ul>\n\n\n--><br \/>\n<\/body><\/p>\n","protected":false},"excerpt":{"rendered":"<p>Santo Domingo, RD, 16 de septiembre. &#8211; El presidente de la Rep\u00fablica, Danilo Medina, y la Vicepresidenta, Margarita Cede\u00f1o de Fern\u00e1ndez, y cientos de funcionarios han acudido en los \u00faltimos d\u00edas a la C\u00e1mara de Cuentas de la Rep\u00fablica Dominicana (CCRD) a presentar su declaraci\u00f3n jurada de patrimonio al vencer este viernes el plazo que [&hellip;]<\/p>\n","protected":false},"author":3,"featured_media":0,"comment_status":"open","ping_status":"open","sticky":false,"template":"","format":"standard","meta":{"footnotes":""},"categories":[20],"tags":[],"class_list":["post-217519","post","type-post","status-publish","format-standard","hentry","category-dominicana-hoy"],"_links":{"self":[{"href":"https:\/\/diariodominicano.com\/index.php?rest_route=\/wp\/v2\/posts\/217519","targetHints":{"allow":["GET"]}}],"collection":[{"href":"https:\/\/diariodominicano.com\/index.php?rest_route=\/wp\/v2\/posts"}],"about":[{"href":"https:\/\/diariodominicano.com\/index.php?rest_route=\/wp\/v2\/types\/post"}],"author":[{"embeddable":true,"href":"https:\/\/diariodominicano.com\/index.php?rest_route=\/wp\/v2\/users\/3"}],"replies":[{"embeddable":true,"href":"https:\/\/diariodominicano.com\/index.php?rest_route=%2Fwp%2Fv2%2Fcomments&post=217519"}],"version-history":[{"count":0,"href":"https:\/\/diariodominicano.com\/index.php?rest_route=\/wp\/v2\/posts\/217519\/revisions"}],"wp:attachment":[{"href":"https:\/\/diariodominicano.com\/index.php?rest_route=%2Fwp%2Fv2%2Fmedia&parent=217519"}],"wp:term":[{"taxonomy":"category","embeddable":true,"href":"https:\/\/diariodominicano.com\/index.php?rest_route=%2Fwp%2Fv2%2Fcategories&post=217519"},{"taxonomy":"post_tag","embeddable":true,"href":"https:\/\/diariodominicano.com\/index.php?rest_route=%2Fwp%2Fv2%2Ftags&post=217519"}],"curies":[{"name":"wp","href":"https:\/\/api.w.org\/{rel}","templated":true}]}}