{"id":217518,"date":"2016-09-16T16:06:45","date_gmt":"2016-09-16T16:06:45","guid":{"rendered":"http:\/\/diariodominicano.ddns.net\/?p=217518"},"modified":"2016-09-16T16:06:45","modified_gmt":"2016-09-16T16:06:45","slug":"consejo-de-gobierno-reafirma-compromiso-con-mejorar-la-vida-de-la-gente","status":"publish","type":"post","link":"https:\/\/diariodominicano.com\/?p=217518","title":{"rendered":"Consejo de Gobierno reafirma compromiso con mejorar la vida de la gente"},"content":{"rendered":"<p><body><\/p>\n<p><img decoding=\"async\" src=\"img3\/montalvo2.jpg\" \/>  <\/p>\n<p><strong> <\/strong><\/p>\n<p><strong> Servicios DICOM<\/strong><\/p>\n<p><strong><span class=\"text1noticias\">Santo Domingo, RD, 16 de septiembre.-<\/span><\/strong><span class=\"text1noticias\"> Danilo Medina enfatiz\u00f3 hoy que su responsabilidad es obtener resultados y metas para mejorar la vida de la gente. As\u00ed lo consign\u00f3 el ministro de la Presidencia, Gustavo Montalvo, al t\u00e9rmino del Consejo de Gobierno Ampliado.<\/span><\/p>\n<\/p>\n<p><span class=\"text1noticias\">Montalvo habl\u00f3 en el sal\u00f3n Orlando Mart\u00ednez del Palacio Nacional, luego del primer Consejo de Gobierno Ampliado de esta gesti\u00f3n. <\/span><\/p>\n<\/p>\n<p><span class=\"text1noticias\">Como orquesta, con partitura de programa de Gobierno<\/span><\/p>\n<\/p>\n<p><span class=\"text1noticias\">Para lograr estos resultados en beneficio del pueblo, se trabajar\u00e1 con unidad en el Gobierno.<\/span><\/p>\n<\/p>\n<p><span class=\"text1noticias\">\u00abMediante la adecuada coordinaci\u00f3n y cooperaci\u00f3n en todas las \u00e1reas del gobierno, trabajando como una orquesta. Tocando la partitura descrita en el Programa de Gobierno y en el discurso de toma de posesi\u00f3n del Presidente\u00bb. <\/span><\/p>\n<p><strong> <\/strong><\/p>\n<p><strong><span class=\"text1noticias\">Gobierno de unidad nacional, di\u00e1logo y concertaci\u00f3n<\/span><\/strong><\/p>\n<\/p>\n<p><span class=\"text1noticias\">Montalvo revel\u00f3 que Danilo Medina enfatiz\u00f3 que este es un Gobierno de unidad nacional. Asimismo, que la mejor forma de lograr resultados es escuchando al pueblo dominicano.<\/span><\/p>\n<\/p>\n<p><span class=\"text1noticias\">De igual modo, tomando decisiones de la mano con las instituciones organizadas de la sociedad, en un constante proceso de di\u00e1logo y concertaci\u00f3n.<\/span><\/p>\n<\/p>\n<p><span class=\"text1noticias\">Registro de Monitoreo de la Gesti\u00f3n de Gobierno<\/span><\/p>\n<\/p>\n<p><span class=\"text1noticias\">Revel\u00f3 que se dar\u00e1 inicio a un Sistema de Registro y Monitoreo de la Gesti\u00f3n del Gobierno. Ser\u00e1 coordinado por el Ministerio de la Presidencia.<\/span><\/p>\n<\/p>\n<p><span class=\"text1noticias\">Lo anunci\u00f3 el Presidente en este primer Consejo de Gobierno Ampliado. Se busca asegurar una gesti\u00f3n p\u00fablica orientada a resultados. Tambi\u00e9n transparente y con est\u00e1ndares adecuados de calidad y control.<\/span><\/p>\n<\/p>\n<p><strong><span class=\"text1noticias\">Seguimiento al cumplimiento de desempe\u00f1o de las instituciones<\/span><\/strong><\/p>\n<\/p>\n<p><span class=\"text1noticias\">Del mismo modo, consolidar y dar seguimiento al cumplimiento y desempe\u00f1o de dichas instituciones y sus funcionarios. Se har\u00e1 a trav\u00e9s de indicadores de gesti\u00f3n.  <\/span><\/p>\n<\/p>\n<p><span class=\"text1noticias\">Entre estos, los instrumentos de los \u00f3rganos rectores, la planificaci\u00f3n estrat\u00e9gica y el servicio a los ciudadanos.<\/span><\/p>\n<\/p>\n<p><span class=\"text1noticias\">M\u00e1ximos est\u00e1ndares de honestidad<\/span><\/p>\n<\/p>\n<p><span class=\"text1noticias\">Danilo Medina exigi\u00f3 los m\u00e1ximos est\u00e1ndares de honestidad y respeto a la ley en el servicio a la ciudadan\u00eda.<\/span><\/p>\n<\/p>\n<p><span class=\"text1noticias\">Este mensaje fue dirigido a las cabezas de cada instituci\u00f3n como de todos sus empleados.<\/span><\/p>\n<\/p>\n<p><span class=\"text1noticias\">Sociedad vigilante<\/span><\/p>\n<\/p>\n<p><span class=\"text1noticias\">\u00abInvitamos a toda la sociedad a estar vigilantes de las actuaciones de los servidores p\u00fablicos, dijo Montalvo. Exhort\u00f3 a la sociedad a denunciar cualquier acci\u00f3n incorrecta.<\/span><\/p>\n<\/p>\n<p><span class=\"text1noticias\">El ministro de la Presidencia fue categ\u00f3rico. Afirm\u00f3 que las indelicadezas o las faltas que lleguen a la Presidencia van a ser atendidas.<\/span><\/p>\n<\/p>\n<p><span class=\"text1noticias\">\u00abRemitiremos toda denuncia a la Direcci\u00f3n de \u00c9tica e Integridad Gubernamental\u00bb, indic\u00f3.  \u00abO a la Procuradur\u00eda General de la Rep\u00fablica, seg\u00fan corresponda\u00bb, precis\u00f3.<\/span><\/p>\n<\/p>\n<p><span class=\"text1noticias\">Principales prioridades de este cuatrienio<\/span><\/p>\n<\/p>\n<p><span class=\"text1noticias\">A seguidas pas\u00f3 a exponer las principales prioridades de este cuatrienio.<\/span><\/p>\n<\/p>\n<p><span class=\"text1noticias\">Destac\u00f3 los objetivos de reducir la pobreza en otras 830,000 personas.<\/span><\/p>\n<\/p>\n<p><span class=\"text1noticias\">Crear 400,000 puestos de trabajo; invertir en calidad educativa. <\/span><\/p>\n<\/p>\n<p><span class=\"text1noticias\">Mejorar la seguridad en las calles; reformar la salud y poner en marcha la iniciativa Rep\u00fablica Digital.  Dedicar una atenci\u00f3n sin precedentes a la vivienda, la gesti\u00f3n del agua y el transporte urbano.<\/span><\/p>\n<\/p>\n<p><span class=\"text1noticias\">El ministro de la Presidencia inform\u00f3 que en el Consejo se dieron a conocer 12 extractos de nuevos decretos:<\/span><\/p>\n<\/p>\n<p><strong><span class=\"text1noticias\">1. El decreto que crea un reglamento para el Instituto Superior de Formaci\u00f3n Docente Salom\u00e9 Ure\u00f1a, <\/span><\/strong><span class=\"text1noticias\">formalizando as\u00ed la labor de esta instituci\u00f3n dedicada a la formaci\u00f3n de docentes, a la investigaci\u00f3n y a la mejora de nuestra calidad educativa.<\/span><\/p>\n<\/p>\n<p><strong><span class=\"text1noticias\">2. El decreto que crea la Comisi\u00f3n Gubernamental de Seguridad Interior que tendr\u00e1 como objeto <\/span><\/strong><span class=\"text1noticias\">aconsejar, implementar, y evaluar las pol\u00edticas de seguridad ciudadana y coordinar la actuaci\u00f3n de las agencias de seguridad, el Ministerio P\u00fablico y los cuerpos de inteligencia del Estado.<\/span><\/p>\n<\/p>\n<p><strong><span class=\"text1noticias\">3.   El decreto que crea oficialmente el programa \u00abRep\u00fablica Digital\u00bb, para promover la inclusi\u00f3n de las <\/span><\/strong><span class=\"text1noticias\">tecnolog\u00edas de la informaci\u00f3n y comunicaci\u00f3n en los procesos productivos, educativos, gubernamentales y de servicios a los ciudadanos.<\/span><\/p>\n<\/p>\n<p><strong><span class=\"text1noticias\">4.   El decreto que instruye a los Comandantes Generales de las Fuerzas Armadas, as\u00ed como a todas las <\/span><\/strong><span class=\"text1noticias\">dependencias militares y de inteligencia, a designar los candidatos a posiciones de directores o subdirectores de todas las instituciones castrenses, exclusivamente en base a requisitos de competencia y tiempo de servicio.<\/span><\/p>\n<\/p>\n<p><strong><span class=\"text1noticias\">5. El decreto que crea una Comisi\u00f3n de Alto Nivel para Evaluar el Impacto del Tratado de Libre <\/span><\/strong><span class=\"text1noticias\">Comercio DR-CAFTA en los Productos Sensibles del Sector Agropecuario Dominicano, emplaz\u00e1ndola a rendir un informe al Presidente en un plazo de 45 d\u00edas. <\/span><\/p>\n<\/p>\n<p><strong><span class=\"text1noticias\">6. El decreto que crea la Comisi\u00f3n Presidencial para la Seguridad Vial que impulsar\u00e1 el dise\u00f1o, <\/span><\/strong><span class=\"text1noticias\">implementaci\u00f3n y evaluaci\u00f3n de pol\u00edticas p\u00fablicas, as\u00ed como la ejecuci\u00f3n de un plan nacional de seguridad vial, a corto y mediano plazo para la reducci\u00f3n de lesiones y muertes ocasionadas por el tr\u00e1nsito, especialmente de veh\u00edculos de motor.<\/span><\/p>\n<\/p>\n<p><strong><span class=\"text1noticias\">7. El decreto que reglamenta la composici\u00f3n y funcionamiento del Consejo de Seguridad y Defensa <\/span><\/strong><span class=\"text1noticias\">Nacional, que asistir\u00e1 al Presidente en la definici\u00f3n de la agenda estrat\u00e9gica de seguridad y defensa; as\u00ed como de la agenda nacional de riesgos y amenazas.<\/span><\/p>\n<\/p>\n<p><strong><span class=\"text1noticias\">8. El decreto que regula el funcionamiento del Portal Transaccional de las Compras y Contrataciones del <\/span><\/strong><span class=\"text1noticias\">Estado, haciendo su uso obligatorio  en todas las instituciones estatales a la hora de adquirir bienes, servicios y adjudicar obras o concesiones. <\/span><\/p>\n<\/p>\n<p><strong><span class=\"text1noticias\">9.  El decreto que regula la gesti\u00f3n de los terrenos del Consejo Estatal del Az\u00facar, y dispone un <\/span><\/strong><span class=\"text1noticias\">inventario de sus inmuebles, estableciendo reglas para las transferencias de inmuebles y priorizando el uso de terrenos del Estado para proyectos de inter\u00e9s social.<\/span><\/p>\n<\/p>\n<p><strong><span class=\"text1noticias\">10.     El decreto que crea la Mesa de Coordinaci\u00f3n del Recurso Agua como instancia de coordinaci\u00f3n <\/span><\/strong><span class=\"text1noticias\">intersectorial, encargada de la elaboraci\u00f3n y aprobaci\u00f3n de una estrategia integral de manejo del agua en el pa\u00eds, a los fines de preservar la calidad y la cantidad de los recursos h\u00eddricos que requiere el desarrollo sostenible de la Naci\u00f3n.<\/span><\/p>\n<\/p>\n<p><strong><span class=\"text1noticias\">11.   El  decreto que modifica la Direcci\u00f3n General de Programas  Especiales de la Presidencia <\/span><\/strong><span class=\"text1noticias\">(DIGEPEP), creando un consejo de coordinaci\u00f3n de los distintos programas que son parte de Quisqueya sin Miseria e incorporando el Programa de Reducci\u00f3n de Pobreza Extrema. <\/span><\/p>\n<\/p>\n<p><strong><span class=\"text1noticias\">12.   Finalmente, el decreto que establece nuevos principios y reglas respecto a las compras y <\/span><\/strong><span class=\"text1noticias\">contrataciones del Estado.<\/span><\/p>\n<h6> 2016-09-16 16:06:45 <\/h6>\n<p><!--\n<link rel=\"stylesheet\" href=\"css\/bootstrap.min.css\">\n\n\n<ul class=\"pagination\">\n\t    \n\t\n\n<li >\n\t<a href='?page_no=12030'>Previous<\/a>\n\t<\/li>\n\n\n       \n    \n\n<li><a href='?page_no=1'>1<\/a><\/li>\n\n\n\n<li><a href='?page_no=2'>2<\/a><\/li>\n\n\n\n<li><a>...<\/a><\/li>\n\n\n\n<li><a href='?page_no=12029'>12029<\/a><\/li>\n\n\n\n<li><a href='?page_no=12030'>12030<\/a><\/li>\n\n\n\n<li class='active'><a>12031<\/a><\/li>\n\n\n\n<li><a href='?page_no=12032'>12032<\/a><\/li>\n\n\n\n<li><a href='?page_no=12033'>12033<\/a><\/li>\n\n\n\n<li><a>...<\/a><\/li>\n\n\n\n<li><a href='?page_no=56169'>56169<\/a><\/li>\n\n\n\n<li><a href='?page_no=56170'>56170<\/a><\/li>\n\n    \n\t\n\n<li >\n\t<a href='?page_no=12032'>Next<\/a>\n\t<\/li>\n\n\n    \n\n<li><a href='?page_no=56170'>Last &rsaquo;&rsaquo;<\/a><\/li>\n\n<\/ul>\n\n\n--><br \/>\n<\/body><\/p>\n","protected":false},"excerpt":{"rendered":"<p>Servicios DICOM Santo Domingo, RD, 16 de septiembre.- Danilo Medina enfatiz\u00f3 hoy que su responsabilidad es obtener resultados y metas para mejorar la vida de la gente. As\u00ed lo consign\u00f3 el ministro de la Presidencia, Gustavo Montalvo, al t\u00e9rmino del Consejo de Gobierno Ampliado. Montalvo habl\u00f3 en el sal\u00f3n Orlando Mart\u00ednez del Palacio Nacional, luego [&hellip;]<\/p>\n","protected":false},"author":3,"featured_media":0,"comment_status":"open","ping_status":"open","sticky":false,"template":"","format":"standard","meta":{"footnotes":""},"categories":[20],"tags":[],"class_list":["post-217518","post","type-post","status-publish","format-standard","hentry","category-dominicana-hoy"],"_links":{"self":[{"href":"https:\/\/diariodominicano.com\/index.php?rest_route=\/wp\/v2\/posts\/217518","targetHints":{"allow":["GET"]}}],"collection":[{"href":"https:\/\/diariodominicano.com\/index.php?rest_route=\/wp\/v2\/posts"}],"about":[{"href":"https:\/\/diariodominicano.com\/index.php?rest_route=\/wp\/v2\/types\/post"}],"author":[{"embeddable":true,"href":"https:\/\/diariodominicano.com\/index.php?rest_route=\/wp\/v2\/users\/3"}],"replies":[{"embeddable":true,"href":"https:\/\/diariodominicano.com\/index.php?rest_route=%2Fwp%2Fv2%2Fcomments&post=217518"}],"version-history":[{"count":0,"href":"https:\/\/diariodominicano.com\/index.php?rest_route=\/wp\/v2\/posts\/217518\/revisions"}],"wp:attachment":[{"href":"https:\/\/diariodominicano.com\/index.php?rest_route=%2Fwp%2Fv2%2Fmedia&parent=217518"}],"wp:term":[{"taxonomy":"category","embeddable":true,"href":"https:\/\/diariodominicano.com\/index.php?rest_route=%2Fwp%2Fv2%2Fcategories&post=217518"},{"taxonomy":"post_tag","embeddable":true,"href":"https:\/\/diariodominicano.com\/index.php?rest_route=%2Fwp%2Fv2%2Ftags&post=217518"}],"curies":[{"name":"wp","href":"https:\/\/api.w.org\/{rel}","templated":true}]}}