{"id":217517,"date":"2016-09-17T08:12:13","date_gmt":"2016-09-17T08:12:13","guid":{"rendered":"http:\/\/diariodominicano.ddns.net\/?p=217517"},"modified":"2016-09-17T08:12:13","modified_gmt":"2016-09-17T08:12:13","slug":"celebrando-un-triunfo-de-la-diplomacia-del-papa-con-respaldo-dominicano","status":"publish","type":"post","link":"https:\/\/diariodominicano.com\/?p=217517","title":{"rendered":"Celebrando Un triunfo de la Diplomacia del Papa con respaldo dominicano&#13;"},"content":{"rendered":"<p><body><\/p>\n<p><img decoding=\"async\" src=\"img3\/victor y nuncio16092016.jpg\" \/>  <\/p>\n<p>Victor Manuel Grimaldi C\u00e9spedes<\/p>\n<\/p>\n<p>CIUDAD DEL VATICANO, 16 de Septiembre de 2016.- El embajador V\u00edctor Grimaldi con Monse\u00f1or Fortunatus Nwachukwu, Nuncio Ap\u00f3stolico en Nicaragua. Muy buen Amigo de la Rep\u00fablica Dominicana. <\/p>\n<\/p>\n<p>Monse\u00f1or Fortunatus naci\u00f3 en Nigeria y ha sido Jefe del Protocolo de la Santa Sede. Nuestro pa\u00eds lo condecor\u00f3 en 2012 por los excelentes lazos de amistad promovidos por Monse\u00f1or Fortunatus hacia la Rep\u00fablica Dominicana. Fortunatus habla ocho idiomas. <\/p>\n<\/p>\n<p>En Nicaragua coordin\u00f3 la visita del Cardenal Nicol\u00e1s de Jes\u00fas L\u00f3pez Rodr\u00edguez cuando fue enviado por el Papa Francisco en 2013 como su Enviado Especial. Foto tomada en el lobby del Auditorio Pablo VI, Ciudad del Vaticano, Roma, Italia, el viernes 16 de septiembre 2016 durante la recepci\u00f3n a la que fueron invitados los embajadores acreditados ante la Santa Sede, con motivo del Jubileo de los Nuncios.<\/p>\n<\/p>\n<p> Los embajadores del Papa, representates pontificios o Nuncios, se reunieron en Roma durante la semana del 12 al 18 de septiembre. La Santa Sede mantiene Relaciones Diplom\u00e1ticas con 180 Estados en todo el mundo.<\/p>\n<\/p>\n<p>Cristianofobia es un concepto que Gracias a la gran capacidad Diplom\u00e1tica de Monse\u00f1or Fortunatus los Organismos de Naciones Unidas aceptaron incluir en sus textos de derechos humanos&#8230; La Rep\u00fablica Dominicana apoy\u00f3 esta gesti\u00f3n de la Santa Sede realizada a trav\u00e9s de Monse\u00f1or Fortunatus en Ginebra, Suiza.<\/p>\n<\/p>\n<h6> 2016-09-17 08:12:13 <\/h6>\n<p><!--\n<link rel=\"stylesheet\" href=\"css\/bootstrap.min.css\">\n\n\n<ul class=\"pagination\">\n\t    \n\t\n\n<li >\n\t<a href='?page_no=12029'>Previous<\/a>\n\t<\/li>\n\n\n       \n    \n\n<li><a href='?page_no=1'>1<\/a><\/li>\n\n\n\n<li><a href='?page_no=2'>2<\/a><\/li>\n\n\n\n<li><a>...<\/a><\/li>\n\n\n\n<li><a href='?page_no=12028'>12028<\/a><\/li>\n\n\n\n<li><a href='?page_no=12029'>12029<\/a><\/li>\n\n\n\n<li class='active'><a>12030<\/a><\/li>\n\n\n\n<li><a href='?page_no=12031'>12031<\/a><\/li>\n\n\n\n<li><a href='?page_no=12032'>12032<\/a><\/li>\n\n\n\n<li><a>...<\/a><\/li>\n\n\n\n<li><a href='?page_no=56169'>56169<\/a><\/li>\n\n\n\n<li><a href='?page_no=56170'>56170<\/a><\/li>\n\n    \n\t\n\n<li >\n\t<a href='?page_no=12031'>Next<\/a>\n\t<\/li>\n\n\n    \n\n<li><a href='?page_no=56170'>Last &rsaquo;&rsaquo;<\/a><\/li>\n\n<\/ul>\n\n\n--><br \/>\n<\/body><\/p>\n","protected":false},"excerpt":{"rendered":"<p>Victor Manuel Grimaldi C\u00e9spedes CIUDAD DEL VATICANO, 16 de Septiembre de 2016.- El embajador V\u00edctor Grimaldi con Monse\u00f1or Fortunatus Nwachukwu, Nuncio Ap\u00f3stolico en Nicaragua. Muy buen Amigo de la Rep\u00fablica Dominicana. Monse\u00f1or Fortunatus naci\u00f3 en Nigeria y ha sido Jefe del Protocolo de la Santa Sede. Nuestro pa\u00eds lo condecor\u00f3 en 2012 por los excelentes [&hellip;]<\/p>\n","protected":false},"author":3,"featured_media":0,"comment_status":"open","ping_status":"open","sticky":false,"template":"","format":"standard","meta":{"footnotes":""},"categories":[20],"tags":[],"class_list":["post-217517","post","type-post","status-publish","format-standard","hentry","category-dominicana-hoy"],"_links":{"self":[{"href":"https:\/\/diariodominicano.com\/index.php?rest_route=\/wp\/v2\/posts\/217517","targetHints":{"allow":["GET"]}}],"collection":[{"href":"https:\/\/diariodominicano.com\/index.php?rest_route=\/wp\/v2\/posts"}],"about":[{"href":"https:\/\/diariodominicano.com\/index.php?rest_route=\/wp\/v2\/types\/post"}],"author":[{"embeddable":true,"href":"https:\/\/diariodominicano.com\/index.php?rest_route=\/wp\/v2\/users\/3"}],"replies":[{"embeddable":true,"href":"https:\/\/diariodominicano.com\/index.php?rest_route=%2Fwp%2Fv2%2Fcomments&post=217517"}],"version-history":[{"count":0,"href":"https:\/\/diariodominicano.com\/index.php?rest_route=\/wp\/v2\/posts\/217517\/revisions"}],"wp:attachment":[{"href":"https:\/\/diariodominicano.com\/index.php?rest_route=%2Fwp%2Fv2%2Fmedia&parent=217517"}],"wp:term":[{"taxonomy":"category","embeddable":true,"href":"https:\/\/diariodominicano.com\/index.php?rest_route=%2Fwp%2Fv2%2Fcategories&post=217517"},{"taxonomy":"post_tag","embeddable":true,"href":"https:\/\/diariodominicano.com\/index.php?rest_route=%2Fwp%2Fv2%2Ftags&post=217517"}],"curies":[{"name":"wp","href":"https:\/\/api.w.org\/{rel}","templated":true}]}}