{"id":217514,"date":"2016-09-18T09:44:30","date_gmt":"2016-09-18T09:44:30","guid":{"rendered":"http:\/\/diariodominicano.ddns.net\/?p=217514"},"modified":"2016-09-18T09:44:30","modified_gmt":"2016-09-18T09:44:30","slug":"pide-a-funcionarios-imitar-al-presidente-medina-declarando-sus-bienes","status":"publish","type":"post","link":"https:\/\/diariodominicano.com\/?p=217514","title":{"rendered":"Pide a funcionarios imitar al Presidente Medina declarando sus bienes"},"content":{"rendered":"<p><body><\/p>\n<p><img decoding=\"async\" src=\"img3\/ministropide.jpg\" \/>  <\/p>\n<\/p>\n<p><span class=\"text1noticias\">Jos\u00e9 Ram\u00f3n Peralta  hizo extensiva la solicitud no s\u00f3lo a los funcionarios del Gobierno, sino, tambi\u00e9n, a los de los poderes Legislativo y Municipal; dice su dependencia est\u00e1 al d\u00eda con ese mandato<\/span><\/p>\n<\/p>\n<p><strong><span class=\"text1noticias\">SANTO DOMINGO, RD, 18 de Septiembre de 2016.-<\/span><\/strong><span class=\"text1noticias\"> El ministro Administrativo de la Presidencia, Jos\u00e9 Ram\u00f3n Peralta, invit\u00f3 este domingo a los funcionarios p\u00fablicos que a\u00fan no han hecho la declaraci\u00f3n jurada de bienes, a que cumplan con ese mandato legal, siguiendo el ejemplo del Presidente Danilo Medina.<\/span><\/p>\n<\/p>\n<p><span class=\"text1noticias\">Dijo que no se trata solamente de un mandato de la legislaci\u00f3n vigente sobre la materia, sino que va en la direcci\u00f3n del Jefe del Estado de actuar con la debida transparencia y respeto a los principios morales en el ejercicio del poder.<\/span><\/p>\n<\/p>\n<p><span class=\"text1noticias\">Observ\u00f3 que la Ley 311-14  dispone que los funcionarios p\u00fablicos electos, reelectos, designados, ratificados o que contin\u00faan en sus cargos, deben proceder a depositar la declaraci\u00f3n jurada de patrimonio en un plazo de 30 d\u00edas a contar de la fecha de toma de posesi\u00f3n de sus respectivos puestos.<\/span><\/p>\n<\/p>\n<p><span class=\"text1noticias\">\u00abInvitamos no s\u00f3lo a los funcionarios designados, sino tambi\u00e9n a los legisladores y autoridades electas municipales a que cumplan con la ley. En el Ministerio Administrativo de la Presidencia, bajo mi cargo, todos los funcionarios hemos hecho la declaraci\u00f3n jurada de bienes\u00bb, expres\u00f3.<\/span><\/p>\n<\/p>\n<p><span class=\"text1noticias\">Incluso, tambi\u00e9n est\u00e1n en la obligaci\u00f3n de hacerlo, agreg\u00f3, en el cumplimiento de la referida legislaci\u00f3n, aquellos funcionarios que cesaron en alguna funci\u00f3n p\u00fablica.<\/span><\/p>\n<\/p>\n<p><span class=\"text1noticias\">Dijo que la transparencia constituye el norte de la actual gesti\u00f3n del Presidente Medina, \u00abpor lo que todos sus funcionarios debemos caminar en ese direcci\u00f3n\u00bb.<\/span><\/p>\n<\/p>\n<p><span class=\"text1noticias\">Peralta se\u00f1al\u00f3 que Gobierno tiene un firme y fuerte compromiso con el cumplimiento de la ley y de promoci\u00f3n de las buenas pr\u00e1cticas en la Rep\u00fablica Dominicana.<\/span><\/p>\n<\/p>\n<p><span class=\"text1noticias\">Esta administraci\u00f3n del Presidente Medina, agreg\u00f3, har\u00e1 todo lo necesario para asegurar que los fondos p\u00fablicos se inviertan de forma eficiente  en  necesidades del pueblo.<\/span><\/p>\n<\/p>\n<h6> 2016-09-18 09:44:30 <\/h6>\n<p><!--\n<link rel=\"stylesheet\" href=\"css\/bootstrap.min.css\">\n\n\n<ul class=\"pagination\">\n\t    \n\t\n\n<li >\n\t<a href='?page_no=12027'>Previous<\/a>\n\t<\/li>\n\n\n       \n    \n\n<li><a href='?page_no=1'>1<\/a><\/li>\n\n\n\n<li><a href='?page_no=2'>2<\/a><\/li>\n\n\n\n<li><a>...<\/a><\/li>\n\n\n\n<li><a href='?page_no=12026'>12026<\/a><\/li>\n\n\n\n<li><a href='?page_no=12027'>12027<\/a><\/li>\n\n\n\n<li class='active'><a>12028<\/a><\/li>\n\n\n\n<li><a href='?page_no=12029'>12029<\/a><\/li>\n\n\n\n<li><a href='?page_no=12030'>12030<\/a><\/li>\n\n\n\n<li><a>...<\/a><\/li>\n\n\n\n<li><a href='?page_no=56169'>56169<\/a><\/li>\n\n\n\n<li><a href='?page_no=56170'>56170<\/a><\/li>\n\n    \n\t\n\n<li >\n\t<a href='?page_no=12029'>Next<\/a>\n\t<\/li>\n\n\n    \n\n<li><a href='?page_no=56170'>Last &rsaquo;&rsaquo;<\/a><\/li>\n\n<\/ul>\n\n\n--><br \/>\n<\/body><\/p>\n","protected":false},"excerpt":{"rendered":"<p>Jos\u00e9 Ram\u00f3n Peralta hizo extensiva la solicitud no s\u00f3lo a los funcionarios del Gobierno, sino, tambi\u00e9n, a los de los poderes Legislativo y Municipal; dice su dependencia est\u00e1 al d\u00eda con ese mandato SANTO DOMINGO, RD, 18 de Septiembre de 2016.- El ministro Administrativo de la Presidencia, Jos\u00e9 Ram\u00f3n Peralta, invit\u00f3 este domingo a los [&hellip;]<\/p>\n","protected":false},"author":3,"featured_media":0,"comment_status":"open","ping_status":"open","sticky":false,"template":"","format":"standard","meta":{"footnotes":""},"categories":[20],"tags":[],"class_list":["post-217514","post","type-post","status-publish","format-standard","hentry","category-dominicana-hoy"],"_links":{"self":[{"href":"https:\/\/diariodominicano.com\/index.php?rest_route=\/wp\/v2\/posts\/217514","targetHints":{"allow":["GET"]}}],"collection":[{"href":"https:\/\/diariodominicano.com\/index.php?rest_route=\/wp\/v2\/posts"}],"about":[{"href":"https:\/\/diariodominicano.com\/index.php?rest_route=\/wp\/v2\/types\/post"}],"author":[{"embeddable":true,"href":"https:\/\/diariodominicano.com\/index.php?rest_route=\/wp\/v2\/users\/3"}],"replies":[{"embeddable":true,"href":"https:\/\/diariodominicano.com\/index.php?rest_route=%2Fwp%2Fv2%2Fcomments&post=217514"}],"version-history":[{"count":0,"href":"https:\/\/diariodominicano.com\/index.php?rest_route=\/wp\/v2\/posts\/217514\/revisions"}],"wp:attachment":[{"href":"https:\/\/diariodominicano.com\/index.php?rest_route=%2Fwp%2Fv2%2Fmedia&parent=217514"}],"wp:term":[{"taxonomy":"category","embeddable":true,"href":"https:\/\/diariodominicano.com\/index.php?rest_route=%2Fwp%2Fv2%2Fcategories&post=217514"},{"taxonomy":"post_tag","embeddable":true,"href":"https:\/\/diariodominicano.com\/index.php?rest_route=%2Fwp%2Fv2%2Ftags&post=217514"}],"curies":[{"name":"wp","href":"https:\/\/api.w.org\/{rel}","templated":true}]}}