{"id":217513,"date":"2016-09-18T21:05:28","date_gmt":"2016-09-18T21:05:28","guid":{"rendered":"http:\/\/diariodominicano.ddns.net\/?p=217513"},"modified":"2016-09-18T21:05:28","modified_gmt":"2016-09-18T21:05:28","slug":"gobierno-financiara-productores-de-rancho-arriba-ocoa-afectados-por-veda-ee-uu","status":"publish","type":"post","link":"https:\/\/diariodominicano.com\/?p=217513","title":{"rendered":"Gobierno financiar\u00e1 productores de Rancho Arriba, Ocoa, afectados por veda EE.UU."},"content":{"rendered":"<p><body><\/p>\n<p><img decoding=\"async\" src=\"img3\/1er_subtitulo_30_0.jpg\" \/><br \/><img decoding=\"async\" src=\"img3\/2do_subtitulo_20_0.jpg\" \/>  <\/p>\n<p><strong><span class=\"text1noticias\">\u00abEl presidente se reuni\u00f3 con productores de invernaderos y exportadores para solucionar los problemas causados por la veda, dijo Peralta.<\/span><\/strong><\/p>\n<p><strong><span class=\"text1noticias\">Servicios DICOM<\/span><\/strong><\/p>\n<\/p>\n<p><strong><span class=\"text1noticias\">SANTO DOMINGO, RD, 18 de Septiembre de 2016.- <\/span><\/strong><span class=\"text1noticias\">El Banco Agr\u00edcola facilitar\u00e1 recursos a productores por p\u00e9rdidas y descapitalizaci\u00f3n provocadas por la veda de Estados Unidos.<\/span><\/p>\n<p><span class=\"text1noticias\"> <\/span><\/p>\n<p><span class=\"text1noticias\">El ministro Administrativo de la Presidencia dio la informaci\u00f3n en su cuenta de Twitter @JoseRPeraltaF. Jos\u00e9 Ram\u00f3n Peralta agreg\u00f3 que para esos fines, una comisi\u00f3n se reunir\u00e1 con productores de Valle Nuevo la pr\u00f3xima semana.<\/span><\/p>\n<p><span class=\"text1noticias\"> <\/span><\/p>\n<p><span class=\"text1noticias\">Integran la comisi\u00f3n, el ministro de Agricultura, \u00c1ngel Est\u00e9vez y el administrador del Bagr\u00edcola, Carlos Segura Foster. <\/span><\/p>\n<p><span class=\"text1noticias\"> <\/span><\/p>\n<p><span class=\"text1noticias\">Explic\u00f3 que los funcionarios analizar\u00e1n la problem\u00e1tica y afinar\u00e1n los detalles de lugar para dar soluci\u00f3n a los productores.<\/span><\/p>\n<p><span class=\"text1noticias\"> <\/span><\/p>\n<p><span class=\"text1noticias\">\u00abEl presidente se reuni\u00f3 con productores de invernaderos y exportadores para solucionar los problemas causados por la veda, dijo Peralta.<\/span><\/p>\n<p><span class=\"text1noticias\"> <\/span><\/p>\n<p><span class=\"text1noticias\">Indic\u00f3 que desde San Jos\u00e9 de Ocoa hasta Constanza, el presidente hizo un recorrido por toda la Cordillera Central. <\/span><\/p>\n<p><span class=\"text1noticias\"> <\/span><\/p>\n<p><span class=\"text1noticias\">All\u00ed nacen importantes r\u00edos del pa\u00eds como son Nizao, Yuna, Grande, Cuevas, Blanco, Banilejo, Ocoa y otros.<\/span><\/p>\n<p><span class=\"text1noticias\"> <\/span><\/p>\n<p><span class=\"text1noticias\">Estuvieron presentes, el ministro de Obras P\u00fablicas, Gonzalo Castillo. As\u00ed como los asistentes especiales del presidente, Carlos Pared P\u00e9rez y Robert de la Cruz.<\/span><\/p>\n<\/p>\n<\/p>\n<h6> 2016-09-18 21:05:28 <\/h6>\n<p><!--\n<link rel=\"stylesheet\" href=\"css\/bootstrap.min.css\">\n\n\n<ul class=\"pagination\">\n\t    \n\t\n\n<li >\n\t<a href='?page_no=12026'>Previous<\/a>\n\t<\/li>\n\n\n       \n    \n\n<li><a href='?page_no=1'>1<\/a><\/li>\n\n\n\n<li><a href='?page_no=2'>2<\/a><\/li>\n\n\n\n<li><a>...<\/a><\/li>\n\n\n\n<li><a href='?page_no=12025'>12025<\/a><\/li>\n\n\n\n<li><a href='?page_no=12026'>12026<\/a><\/li>\n\n\n\n<li class='active'><a>12027<\/a><\/li>\n\n\n\n<li><a href='?page_no=12028'>12028<\/a><\/li>\n\n\n\n<li><a href='?page_no=12029'>12029<\/a><\/li>\n\n\n\n<li><a>...<\/a><\/li>\n\n\n\n<li><a href='?page_no=56169'>56169<\/a><\/li>\n\n\n\n<li><a href='?page_no=56170'>56170<\/a><\/li>\n\n    \n\t\n\n<li >\n\t<a href='?page_no=12028'>Next<\/a>\n\t<\/li>\n\n\n    \n\n<li><a href='?page_no=56170'>Last &rsaquo;&rsaquo;<\/a><\/li>\n\n<\/ul>\n\n\n--><br \/>\n<\/body><\/p>\n","protected":false},"excerpt":{"rendered":"<p>\u00abEl presidente se reuni\u00f3 con productores de invernaderos y exportadores para solucionar los problemas causados por la veda, dijo Peralta. Servicios DICOM SANTO DOMINGO, RD, 18 de Septiembre de 2016.- El Banco Agr\u00edcola facilitar\u00e1 recursos a productores por p\u00e9rdidas y descapitalizaci\u00f3n provocadas por la veda de Estados Unidos. El ministro Administrativo de la Presidencia dio [&hellip;]<\/p>\n","protected":false},"author":3,"featured_media":0,"comment_status":"open","ping_status":"open","sticky":false,"template":"","format":"standard","meta":{"footnotes":""},"categories":[20],"tags":[],"class_list":["post-217513","post","type-post","status-publish","format-standard","hentry","category-dominicana-hoy"],"_links":{"self":[{"href":"https:\/\/diariodominicano.com\/index.php?rest_route=\/wp\/v2\/posts\/217513","targetHints":{"allow":["GET"]}}],"collection":[{"href":"https:\/\/diariodominicano.com\/index.php?rest_route=\/wp\/v2\/posts"}],"about":[{"href":"https:\/\/diariodominicano.com\/index.php?rest_route=\/wp\/v2\/types\/post"}],"author":[{"embeddable":true,"href":"https:\/\/diariodominicano.com\/index.php?rest_route=\/wp\/v2\/users\/3"}],"replies":[{"embeddable":true,"href":"https:\/\/diariodominicano.com\/index.php?rest_route=%2Fwp%2Fv2%2Fcomments&post=217513"}],"version-history":[{"count":0,"href":"https:\/\/diariodominicano.com\/index.php?rest_route=\/wp\/v2\/posts\/217513\/revisions"}],"wp:attachment":[{"href":"https:\/\/diariodominicano.com\/index.php?rest_route=%2Fwp%2Fv2%2Fmedia&parent=217513"}],"wp:term":[{"taxonomy":"category","embeddable":true,"href":"https:\/\/diariodominicano.com\/index.php?rest_route=%2Fwp%2Fv2%2Fcategories&post=217513"},{"taxonomy":"post_tag","embeddable":true,"href":"https:\/\/diariodominicano.com\/index.php?rest_route=%2Fwp%2Fv2%2Ftags&post=217513"}],"curies":[{"name":"wp","href":"https:\/\/api.w.org\/{rel}","templated":true}]}}