{"id":217512,"date":"2016-09-18T21:34:09","date_gmt":"2016-09-18T21:34:09","guid":{"rendered":"http:\/\/diariodominicano.ddns.net\/?p=217512"},"modified":"2016-09-18T21:34:09","modified_gmt":"2016-09-18T21:34:09","slug":"danilo-medina-viaja-este-lunes-a-nueva-york-para-participar-en-71va-asamblea-general-de-la-onu","status":"publish","type":"post","link":"https:\/\/diariodominicano.com\/?p=217512","title":{"rendered":"Danilo Medina viaja este lunes a Nueva York para participar en 71va. Asamblea General de la ONU"},"content":{"rendered":"<p><body><\/p>\n<p><img decoding=\"async\" src=\"img3\/Daniloar18.jpg\" \/>  <\/p>\n<p><strong>Servicios DICOM<\/strong><\/p>\n<p><strong>SANTO DOMINGO, RD, 19 de Septiembre de 2016.-<\/strong> El presidente Danilo Medina saldr\u00e1 este lunes hacia la ciudad de Nueva York, Estados Unidos, para  participar en el septuag\u00e9simo primer per\u00edodo de sesiones de la Organizaci\u00f3n de las Naciones Unidas (ONU).<\/p>\n<\/p>\n<p>All\u00ed el Gobernante pronunciar\u00e1 un discurso y sostendr\u00e1 varias reuniones bilaterales. Tambi\u00e9n asistir\u00e1 a otros importantes encuentros.<\/p>\n<\/p>\n<p>El jefe de Estado dominicano partir\u00e1 a las 2:15 de la tarde de hoy, por el Aeropuerto Internacional de Las Am\u00e9ricas, en un vuelo comercial. Le acompa\u00f1ar\u00e1 su esposa, la primera dama, C\u00e1ndida Montilla de Medina.<\/p>\n<\/p>\n<p>De igual modo, una reducida comitiva. La integran Jos\u00e9 Ram\u00f3n Peralta, ministro Administrativo de la Presidencia y Carlos Pared, asistente del Presidente. Tambi\u00e9n, el jefe del Cuerpo de Seguridad Presidencial, mayor general Ad\u00e1n C\u00e1ceres.<\/p>\n<\/p>\n<p>El canciller, Miguel Vargas y el portavoz del Gobierno, Roberto Rodr\u00edguez Marchena, se le unir\u00e1n en Nueva York.<\/p>\n<\/p>\n<p>Discurso ser\u00e1 el mi\u00e9rcoles 21<\/p>\n<\/p>\n<p>El martes 20 Danilo Medina participar\u00e1 en la apertura de la 71va. Asamblea General de la ONU, fijada a las 9:00 a.m. El presidente dominicano hablar\u00e1 ante este foro el mi\u00e9rcoles 21, presumiblemente en tempranas horas de la tarde.<\/p>\n<\/p>\n<p>Importantes encuentros<\/p>\n<\/p>\n<p>En el marco de esta reuni\u00f3n, Danilo Medina sostendr\u00e1 varias bilaterales y otros importantes encuentros. Entre estos, uno con el cuarteto de la Comunidad de Estados Latinoamericanos y Caribe\u00f1os (CELAC). Rep\u00fablica Dominicana ostenta la Presidencia Pro T\u00e9mpore de ese organismo.<\/p>\n<h6> 2016-09-18 21:34:09 <\/h6>\n<p><!--\n<link rel=\"stylesheet\" href=\"css\/bootstrap.min.css\">\n\n\n<ul class=\"pagination\">\n\t    \n\t\n\n<li >\n\t<a href='?page_no=12025'>Previous<\/a>\n\t<\/li>\n\n\n       \n    \n\n<li><a href='?page_no=1'>1<\/a><\/li>\n\n\n\n<li><a href='?page_no=2'>2<\/a><\/li>\n\n\n\n<li><a>...<\/a><\/li>\n\n\n\n<li><a href='?page_no=12024'>12024<\/a><\/li>\n\n\n\n<li><a href='?page_no=12025'>12025<\/a><\/li>\n\n\n\n<li class='active'><a>12026<\/a><\/li>\n\n\n\n<li><a href='?page_no=12027'>12027<\/a><\/li>\n\n\n\n<li><a href='?page_no=12028'>12028<\/a><\/li>\n\n\n\n<li><a>...<\/a><\/li>\n\n\n\n<li><a href='?page_no=56169'>56169<\/a><\/li>\n\n\n\n<li><a href='?page_no=56170'>56170<\/a><\/li>\n\n    \n\t\n\n<li >\n\t<a href='?page_no=12027'>Next<\/a>\n\t<\/li>\n\n\n    \n\n<li><a href='?page_no=56170'>Last &rsaquo;&rsaquo;<\/a><\/li>\n\n<\/ul>\n\n\n--><br \/>\n<\/body><\/p>\n","protected":false},"excerpt":{"rendered":"<p>Servicios DICOM SANTO DOMINGO, RD, 19 de Septiembre de 2016.- El presidente Danilo Medina saldr\u00e1 este lunes hacia la ciudad de Nueva York, Estados Unidos, para participar en el septuag\u00e9simo primer per\u00edodo de sesiones de la Organizaci\u00f3n de las Naciones Unidas (ONU). All\u00ed el Gobernante pronunciar\u00e1 un discurso y sostendr\u00e1 varias reuniones bilaterales. Tambi\u00e9n asistir\u00e1 [&hellip;]<\/p>\n","protected":false},"author":3,"featured_media":0,"comment_status":"open","ping_status":"open","sticky":false,"template":"","format":"standard","meta":{"footnotes":""},"categories":[20],"tags":[],"class_list":["post-217512","post","type-post","status-publish","format-standard","hentry","category-dominicana-hoy"],"_links":{"self":[{"href":"https:\/\/diariodominicano.com\/index.php?rest_route=\/wp\/v2\/posts\/217512","targetHints":{"allow":["GET"]}}],"collection":[{"href":"https:\/\/diariodominicano.com\/index.php?rest_route=\/wp\/v2\/posts"}],"about":[{"href":"https:\/\/diariodominicano.com\/index.php?rest_route=\/wp\/v2\/types\/post"}],"author":[{"embeddable":true,"href":"https:\/\/diariodominicano.com\/index.php?rest_route=\/wp\/v2\/users\/3"}],"replies":[{"embeddable":true,"href":"https:\/\/diariodominicano.com\/index.php?rest_route=%2Fwp%2Fv2%2Fcomments&post=217512"}],"version-history":[{"count":0,"href":"https:\/\/diariodominicano.com\/index.php?rest_route=\/wp\/v2\/posts\/217512\/revisions"}],"wp:attachment":[{"href":"https:\/\/diariodominicano.com\/index.php?rest_route=%2Fwp%2Fv2%2Fmedia&parent=217512"}],"wp:term":[{"taxonomy":"category","embeddable":true,"href":"https:\/\/diariodominicano.com\/index.php?rest_route=%2Fwp%2Fv2%2Fcategories&post=217512"},{"taxonomy":"post_tag","embeddable":true,"href":"https:\/\/diariodominicano.com\/index.php?rest_route=%2Fwp%2Fv2%2Ftags&post=217512"}],"curies":[{"name":"wp","href":"https:\/\/api.w.org\/{rel}","templated":true}]}}