{"id":217511,"date":"2016-09-18T21:53:51","date_gmt":"2016-09-18T21:53:51","guid":{"rendered":"http:\/\/diariodominicano.ddns.net\/?p=217511"},"modified":"2016-09-18T21:53:51","modified_gmt":"2016-09-18T21:53:51","slug":"leonel-fernandez-agotara-agenda-de-diez-dias-en-nueva-york","status":"publish","type":"post","link":"https:\/\/diariodominicano.com\/?p=217511","title":{"rendered":"Leonel Fern\u00e1ndez agotar\u00e1 agenda de diez d\u00edas en Nueva York"},"content":{"rendered":"<p><body><\/p>\n<p><img decoding=\"async\" src=\"img3\/leonel00.jpg\" \/>  <\/p>\n<p><strong><span class=\"text1noticias\">NUEVA YORK, 18 de Septiembre de 2016.-<\/span><\/strong><span class=\"text1noticias\"> El expresidente de la Rep\u00fablica y presidente de la Fundaci\u00f3n Global Democracia y Desarrollo (Funglode), Doctor Leonel Fern\u00e1ndez, inicia este lunes una gira de diez d\u00edas en Estados Unidos, donde desarrollar\u00e1 un amplio programa de trabajo que incluye numerosos compromisos institucionales en esta ciudad.<\/span><\/p>\n<\/p>\n<p><span class=\"text1noticias\">Una nota informativa distribuida por la periodista Annia Valdez, encargada de prensa de Fern\u00e1ndez, explica que como parte de su agenda en Nueva York, el exmandatario participar\u00e1 en la reuni\u00f3n anual de la Iniciativa Global Clinton (CGI, por sus siglas en ingl\u00e9s), donde compartir\u00e1 escenario con destacadas personalidades, entre ellas el expresidente estadounidense Bill Clinton, el Secretario de Estado de Estados Unidos, John Kerry; el presidente de Argentina, Mauricio Macri; el primer ministro italiano Matteo Renzi y el alcalde de Londres, Sadiq Khan.<\/span><\/p>\n<\/p>\n<p><span class=\"text1noticias\">De igual manera, el intelectual y pol\u00edtico sostendr\u00e1 sendas reuniones de trabajo con Gordon Brown, Enviado Especial de Naciones Unidas para Educaci\u00f3n Global, y Alistair Edgar, director ejecutivo del Consejo Acad\u00e9mico del Sistema de Naciones Unidas; as\u00ed como con ejecutivos del Instituto Tecnol\u00f3gico de Nueva York, representantes del Partido Dem\u00f3crata y directivos de organizaciones profesionales dominicanas.<\/span><\/p>\n<\/p>\n<p><span class=\"text1noticias\">Asimismo, participar\u00e1 en la Conferencia Internacional sobre Desarrollo Sostenible,  organizada por la Red de Soluciones para el Desarrollo Sostenible (SDSN), y en la 7\u00aa Conferencia Anual Internacional de Seguridad Cibern\u00e9tica, as\u00ed como en el debate entre la candidata presidencial dem\u00f3crata Hillary Clinton y su par republicano Donald Trump, a celebrarse el 26 de este mes en la Universidad de Hofstra, en Long Island.<\/span><\/p>\n<\/p>\n<p><span class=\"text1noticias\">Adem\u00e1s, Fern\u00e1ndez, quien tambi\u00e9n preside el Partido de la Liberaci\u00f3n Dominicana, presentar\u00e1 en Nueva York la iniciativa Rep\u00fablica Dominicana 2044 (RD2044), un plan de desarrollo de infraestructuras con una proyecci\u00f3n a 30 a\u00f1os en las 32 provincias del pa\u00eds de cara a la celebraci\u00f3n del Bicentenario de la Naci\u00f3n.<\/span><\/p>\n<\/p>\n<p><span class=\"text1noticias\">Por \u00faltimo, el presidente de Funglode encabezar\u00e1 la inauguraci\u00f3n del torneo de golf que organiza cada a\u00f1o la Global Foundation for Democracy and Development (GFDD), organizaci\u00f3n hermana de Funglode en los Estados Unidos<\/span><\/p>\n<\/p>\n<\/p>\n<h6> 2016-09-18 21:53:51 <\/h6>\n<p><!--\n<link rel=\"stylesheet\" href=\"css\/bootstrap.min.css\">\n\n\n<ul class=\"pagination\">\n\t    \n\t\n\n<li >\n\t<a href='?page_no=12024'>Previous<\/a>\n\t<\/li>\n\n\n       \n    \n\n<li><a href='?page_no=1'>1<\/a><\/li>\n\n\n\n<li><a href='?page_no=2'>2<\/a><\/li>\n\n\n\n<li><a>...<\/a><\/li>\n\n\n\n<li><a href='?page_no=12023'>12023<\/a><\/li>\n\n\n\n<li><a href='?page_no=12024'>12024<\/a><\/li>\n\n\n\n<li class='active'><a>12025<\/a><\/li>\n\n\n\n<li><a href='?page_no=12026'>12026<\/a><\/li>\n\n\n\n<li><a href='?page_no=12027'>12027<\/a><\/li>\n\n\n\n<li><a>...<\/a><\/li>\n\n\n\n<li><a href='?page_no=56169'>56169<\/a><\/li>\n\n\n\n<li><a href='?page_no=56170'>56170<\/a><\/li>\n\n    \n\t\n\n<li >\n\t<a href='?page_no=12026'>Next<\/a>\n\t<\/li>\n\n\n    \n\n<li><a href='?page_no=56170'>Last &rsaquo;&rsaquo;<\/a><\/li>\n\n<\/ul>\n\n\n--><br \/>\n<\/body><\/p>\n","protected":false},"excerpt":{"rendered":"<p>NUEVA YORK, 18 de Septiembre de 2016.- El expresidente de la Rep\u00fablica y presidente de la Fundaci\u00f3n Global Democracia y Desarrollo (Funglode), Doctor Leonel Fern\u00e1ndez, inicia este lunes una gira de diez d\u00edas en Estados Unidos, donde desarrollar\u00e1 un amplio programa de trabajo que incluye numerosos compromisos institucionales en esta ciudad. Una nota informativa distribuida [&hellip;]<\/p>\n","protected":false},"author":3,"featured_media":0,"comment_status":"open","ping_status":"open","sticky":false,"template":"","format":"standard","meta":{"footnotes":""},"categories":[20],"tags":[],"class_list":["post-217511","post","type-post","status-publish","format-standard","hentry","category-dominicana-hoy"],"_links":{"self":[{"href":"https:\/\/diariodominicano.com\/index.php?rest_route=\/wp\/v2\/posts\/217511","targetHints":{"allow":["GET"]}}],"collection":[{"href":"https:\/\/diariodominicano.com\/index.php?rest_route=\/wp\/v2\/posts"}],"about":[{"href":"https:\/\/diariodominicano.com\/index.php?rest_route=\/wp\/v2\/types\/post"}],"author":[{"embeddable":true,"href":"https:\/\/diariodominicano.com\/index.php?rest_route=\/wp\/v2\/users\/3"}],"replies":[{"embeddable":true,"href":"https:\/\/diariodominicano.com\/index.php?rest_route=%2Fwp%2Fv2%2Fcomments&post=217511"}],"version-history":[{"count":0,"href":"https:\/\/diariodominicano.com\/index.php?rest_route=\/wp\/v2\/posts\/217511\/revisions"}],"wp:attachment":[{"href":"https:\/\/diariodominicano.com\/index.php?rest_route=%2Fwp%2Fv2%2Fmedia&parent=217511"}],"wp:term":[{"taxonomy":"category","embeddable":true,"href":"https:\/\/diariodominicano.com\/index.php?rest_route=%2Fwp%2Fv2%2Fcategories&post=217511"},{"taxonomy":"post_tag","embeddable":true,"href":"https:\/\/diariodominicano.com\/index.php?rest_route=%2Fwp%2Fv2%2Ftags&post=217511"}],"curies":[{"name":"wp","href":"https:\/\/api.w.org\/{rel}","templated":true}]}}