{"id":217510,"date":"2016-09-18T22:01:43","date_gmt":"2016-09-18T22:01:43","guid":{"rendered":"http:\/\/diariodominicano.ddns.net\/?p=217510"},"modified":"2016-09-18T22:01:43","modified_gmt":"2016-09-18T22:01:43","slug":"el-arzobispo-cumple-una-apretada-agenda-en-su-primera-semana","status":"publish","type":"post","link":"https:\/\/diariodominicano.com\/?p=217510","title":{"rendered":"El Arzobispo cumple una apretada agenda en su primera semana"},"content":{"rendered":"<p><body><\/p>\n<p><img decoding=\"async\" src=\"img3\/oozoria01.jpg\" \/>  <\/p>\n<p><span class=\"text1noticias\">En  la foto de archivo monse\u00f1or Francisco Ozoria Acosta el d\u00eda de su entronizaci\u00f3n.<\/span><\/p>\n<\/p>\n<p><strong><span class=\"text1noticias\">SANTO DOMINGO, RD, 18 de Septiembre de 2016.-<\/span><\/strong><span class=\"text1noticias\"> En sus primeros ocho d\u00edas en el gobierno de la Arquidi\u00f3cesis de Santo Domingo, el nuevo arzobispo Primado de Am\u00e9rica, monse\u00f1or Francisco Ozoria Acosta, agot\u00f3 una apretada agenda, que incluy\u00f3 la celebraci\u00f3n de varias misas, reuniones con el clero secular y religiosos, movimientos y grupos apost\u00f3licos, comisiones arquidi\u00f3cesanas, visitas a seminarios y zonas pastorales, entrevistas con medios de comunicaci\u00f3n y una visita por casi cuatro horas a la c\u00e1rcel p\u00fablica de La Victoria.<\/span><\/p>\n<\/p>\n<p><span class=\"text1noticias\">El prelado visit\u00f3, asimismo, casas religiosas y conventos, como las Hermanas Carmelitas Contemplativas; la parroquia San Antonio de Padua, en Gascue, donde presidi\u00f3 la eucarist\u00eda televisada de ayer domingo, y previamente visit\u00f3 el santuario de la Virgen de Schonstatt, de La Victoria. En este lugar ofreci\u00f3 el b\u00e1culo, s\u00edmbolo del pastoreo de los obispos, a la voluntad de la Madre de Dios.<\/span><\/p>\n<\/p>\n<p><span class=\"text1noticias\">Entre sus primeras actividades, monse\u00f1or Ozoria convoc\u00f3 a todo el clero diocesano y religioso y unos 225 sacerdotes participaron en este primer encuentro. Posteriormente encabez\u00f3 se reuni\u00f3 con 145 di\u00e1conos permanentes, que realizan labores de administraci\u00f3n, lit\u00fargica y caridad en distintas parroquias. Celebr\u00f3 la misa con ellos y les dijo que los ministros ordenados (di\u00e1conos) son parte de su prioridad.<\/span><\/p>\n<\/p>\n<p><span class=\"text1noticias\">En su primer d\u00eda como Arzobispo, Ozoria visit\u00f3 el Seminario Pre-Filosofado Fernando Arturo de Meri\u00f1o y el Seminario Menor Jes\u00fas Buen Pastor; all\u00ed comparti\u00f3 con los seminaristas y conoci\u00f3 los nombres y las procedencias de cada uno.<\/span><\/p>\n<\/p>\n<p><span class=\"text1noticias\">Monse\u00f1or Ozoria sus primeras visitas incluyen los grupos que determinan la vida de la arquidi\u00f3cesis, pero que en su agenda est\u00e1 llegar a todos.<\/span><\/p>\n<\/p>\n<p><span class=\"text1noticias\">La actividad m\u00e1s larga y agotadora fue la visita al penal de La Victoria, donde el nuevo arzobispo visit\u00f3 varios los pabellones donde se alojan los presidiarios (internos), convers\u00f3 con ellos, estrech\u00f3 sus manos y mezcl\u00f3 ellos compartiendo distintas ideas y pareceres, Los dijo que aunque ellos \u00abestuvieran privados de su libertad, nadie podr\u00eda suprimirles ni privarlos de su dignidad como personas y de hijos de Dios\u00bb.<\/span><\/p>\n<\/p>\n<p><span class=\"text1noticias\">Visit\u00f3 varias instalaciones donde los reclusos reciben ense\u00f1anza t\u00e9cnica y vocacional, les exhort\u00f3 a prepararse y aprovechar la oportunidad de la ense\u00f1anzas, de modo que puedan insertarse positivamente en la sociedad para beneficio propio y de sus familias.<\/span><\/p>\n<\/p>\n<p><span class=\"text1noticias\">\u00abEl arzobispo ha elaborado una intensa agenda de trabajo hasta el mes de noviembre, de manera que para esa fecha haya tenido contacto directo e indirecto con todas las zonas pastorales y parroquias del Distrito Nacional y las provincias de Santo Domingo y Puerto Plata\u00bb dijo monse\u00f1or Benito Angeles, director de Comunicaciones de la Arquidi\u00f3cesis.<\/span><\/p>\n<\/p>\n<h6> 2016-09-18 22:01:43 <\/h6>\n<p><!--\n<link rel=\"stylesheet\" href=\"css\/bootstrap.min.css\">\n\n\n<ul class=\"pagination\">\n\t    \n\t\n\n<li >\n\t<a href='?page_no=12023'>Previous<\/a>\n\t<\/li>\n\n\n       \n    \n\n<li><a href='?page_no=1'>1<\/a><\/li>\n\n\n\n<li><a href='?page_no=2'>2<\/a><\/li>\n\n\n\n<li><a>...<\/a><\/li>\n\n\n\n<li><a href='?page_no=12022'>12022<\/a><\/li>\n\n\n\n<li><a href='?page_no=12023'>12023<\/a><\/li>\n\n\n\n<li class='active'><a>12024<\/a><\/li>\n\n\n\n<li><a href='?page_no=12025'>12025<\/a><\/li>\n\n\n\n<li><a href='?page_no=12026'>12026<\/a><\/li>\n\n\n\n<li><a>...<\/a><\/li>\n\n\n\n<li><a href='?page_no=56169'>56169<\/a><\/li>\n\n\n\n<li><a href='?page_no=56170'>56170<\/a><\/li>\n\n    \n\t\n\n<li >\n\t<a href='?page_no=12025'>Next<\/a>\n\t<\/li>\n\n\n    \n\n<li><a href='?page_no=56170'>Last &rsaquo;&rsaquo;<\/a><\/li>\n\n<\/ul>\n\n\n--><br \/>\n<\/body><\/p>\n","protected":false},"excerpt":{"rendered":"<p>En la foto de archivo monse\u00f1or Francisco Ozoria Acosta el d\u00eda de su entronizaci\u00f3n. SANTO DOMINGO, RD, 18 de Septiembre de 2016.- En sus primeros ocho d\u00edas en el gobierno de la Arquidi\u00f3cesis de Santo Domingo, el nuevo arzobispo Primado de Am\u00e9rica, monse\u00f1or Francisco Ozoria Acosta, agot\u00f3 una apretada agenda, que incluy\u00f3 la celebraci\u00f3n de [&hellip;]<\/p>\n","protected":false},"author":3,"featured_media":0,"comment_status":"open","ping_status":"open","sticky":false,"template":"","format":"standard","meta":{"footnotes":""},"categories":[20],"tags":[],"class_list":["post-217510","post","type-post","status-publish","format-standard","hentry","category-dominicana-hoy"],"_links":{"self":[{"href":"https:\/\/diariodominicano.com\/index.php?rest_route=\/wp\/v2\/posts\/217510","targetHints":{"allow":["GET"]}}],"collection":[{"href":"https:\/\/diariodominicano.com\/index.php?rest_route=\/wp\/v2\/posts"}],"about":[{"href":"https:\/\/diariodominicano.com\/index.php?rest_route=\/wp\/v2\/types\/post"}],"author":[{"embeddable":true,"href":"https:\/\/diariodominicano.com\/index.php?rest_route=\/wp\/v2\/users\/3"}],"replies":[{"embeddable":true,"href":"https:\/\/diariodominicano.com\/index.php?rest_route=%2Fwp%2Fv2%2Fcomments&post=217510"}],"version-history":[{"count":0,"href":"https:\/\/diariodominicano.com\/index.php?rest_route=\/wp\/v2\/posts\/217510\/revisions"}],"wp:attachment":[{"href":"https:\/\/diariodominicano.com\/index.php?rest_route=%2Fwp%2Fv2%2Fmedia&parent=217510"}],"wp:term":[{"taxonomy":"category","embeddable":true,"href":"https:\/\/diariodominicano.com\/index.php?rest_route=%2Fwp%2Fv2%2Fcategories&post=217510"},{"taxonomy":"post_tag","embeddable":true,"href":"https:\/\/diariodominicano.com\/index.php?rest_route=%2Fwp%2Fv2%2Ftags&post=217510"}],"curies":[{"name":"wp","href":"https:\/\/api.w.org\/{rel}","templated":true}]}}