{"id":217509,"date":"2016-09-19T00:23:12","date_gmt":"2016-09-19T00:23:12","guid":{"rendered":"http:\/\/diariodominicano.ddns.net\/?p=217509"},"modified":"2016-09-19T00:23:12","modified_gmt":"2016-09-19T00:23:12","slug":"director-del-indrhi-olgo-fernandez-advierte-la-sequia-no-ha-terminado","status":"publish","type":"post","link":"https:\/\/diariodominicano.com\/?p=217509","title":{"rendered":"Director del INDRHI Olgo Fern\u00e1ndez advierte la sequ\u00eda no ha terminado"},"content":{"rendered":"<p><body><\/p>\n<p><img decoding=\"async\" src=\"img3\/olg33.jpg\" \/>  <\/p>\n<p> Externa<\/p>\n<\/p>\n<p><span class=\"text1noticias\">Insiste el pa\u00eds necesita concertar el Pacto Nacional del Agua<\/span><\/p>\n<\/p>\n<p><strong><span class=\"text1noticias\">SANTO DOMINGO, RD, 18 de Septiembre de 2016.- <\/span><\/strong><span class=\"text1noticias\"> El director del Instituto Nacional de Recursos Hidr\u00e1ulicos (INDRHI), advirti\u00f3 que pese a las lluvias que han estado cayendo en los \u00faltimos meses en todo el territorio nacional, la sequ\u00eda que ha afectado al pa\u00eds por m\u00e1s de dos a\u00f1os todav\u00eda no ha desaparecido.<\/span><\/p>\n<\/p>\n<p><span class=\"text1noticias\"> Olgo Fern\u00e1ndez puso como ejemplo de esa situaci\u00f3n, el hecho de que la mayor\u00eda de los embalses de las presas que hay en la Rep\u00fablica Dominicana est\u00e1n operando con un 50 por ciento de su capacidad de almacenamiento.<\/span><\/p>\n<\/p>\n<p><span class=\"text1noticias\">Explic\u00f3 que por eso resulta imprescindibles de que las fuerzas vivas del pa\u00eds, se aboquen a discutir y concertar un Gran Pacto Nacional del Agua, para garantizar la disponibilidad del preciado l\u00edquido por las pr\u00f3ximas d\u00e9cadas.<\/span><\/p>\n<\/p>\n<p><span class=\"text1noticias\">Entrevistado por H\u00e9ctor Herrera Cabral en el programa D\u00b4AGENDA que cada domingo se difunde por Telesistema Canal 11, el funcionario calific\u00f3 como  un hecho hist\u00f3rico y trascendental el que el presidente Danilo Medina haya definido este periodo de gobierno como el cuatrienio del agua.<\/span><\/p>\n<\/p>\n<p><span class=\"text1noticias\">Igualmente destac\u00f3 la importancia que est\u00e1n teniendo las visitas sorpresa que est\u00e1 realizando el primer mandatario, las cuales van en la direcci\u00f3n de revertir el proceso de desforestaci\u00f3n de las monta\u00f1as del pa\u00eds donde nacen las principales cuencas hidrogr\u00e1ficas.<\/span><\/p>\n<\/p>\n<p><span class=\"text1noticias\">\u00abPara muchos ciudadanos entienden que la sequ\u00eda que nos estuvo azotando hasta febrero de este a\u00f1o desapareci\u00f3, y no es as\u00ed, la sequ\u00eda no ha desaparecido porque la mayor\u00eda de los embalses todav\u00eda est\u00e1n en proceso de recuperaci\u00f3n, o sea tienen un vaso disponible para almacenar agua de m\u00e1s de la mitad\u00bb, insisti\u00f3 el director del Indrhi.<\/span><\/p>\n<\/p>\n<p><span class=\"text1noticias\">Puso como ejemplo que la presa de Tavera tiene una cota para almacenar de 3.20 y 3.23, pero ahora est\u00e1 operando en la cota 3.17, y as\u00ed sucesivamente se encuentran todos los embalses de las presas del pa\u00eds.<\/span><\/p>\n<\/p>\n<p><span class=\"text1noticias\">\u00abTodas las presas tienen una capacidad suficiente para almacenar alrededor de mil 200 millones de metros c\u00fabicos, es decir en las 34 presas que tenemos en todo el pa\u00eds, lo que significa que debemos recuperar esa capacidad total en lo que nos queda de la temporada cicl\u00f3nica que concluye el 30 de noviembre\u00bb, Explic\u00f3 el ingeniero Olgo Fern\u00e1ndez.<\/span><\/p>\n<\/p>\n<p><span class=\"text1noticias\">Sostuvo que con eso se garantiza una disponibilidad h\u00eddrica para el pr\u00f3ximo a\u00f1o, que no se sabe si ser\u00e1 bueno o de sequ\u00eda, raz\u00f3n por la cual mientras no se garantice almacenar las aguas en los embalses para ser utilizadas en el 2017, entonces se puede afirmar que la sequ\u00eda no ha desparecido.<\/span><\/p>\n<\/p>\n<p><span class=\"text1noticias\">\u00abFaltan alrededor de mil 200 millones de metros c\u00fabicos, a Tavera le faltan 250, a Sabana Yegua 300 millones, a Monci\u00f3n le faltan entre 250 y 300 millones, Hatillo 150, Rinc\u00f3n 125, Valdesia 200 millones, a Sabaneta 120 millones, o sea estoy hablando de las grandes presas\u00bb, apostill\u00f3 el ingeniero Fern\u00e1ndez.<\/span><\/p>\n<p><span class=\"text1noticias\">Reiter\u00f3 que los vasos de esas presas est\u00e1n h\u00e1biles para recibir esos vol\u00famenes de agua, y as\u00ed garantizar el l\u00edquido para el 2017, ya que la \u00fanica agua que se puede usar con regularizaci\u00f3n es la que se encuentra almacenada en las presas.<\/span><\/p>\n<\/p>\n<p><strong><span class=\"text1noticias\">Urge la concertaci\u00f3n del Pacto Nacional del Agua<\/span><\/strong><\/p>\n<\/p>\n<p><span class=\"text1noticias\">El director del Instituto Nacional de Recursos Hidr\u00e1ulicos (INDRHI), Olgo Fern\u00e1ndez reiter\u00f3 la necesidad que tiene la Rep\u00fablica Dominicana de firmar un Gran Pacto Nacional del Agua para ser ejecutado en los pr\u00f3ximos 20 a\u00f1os.<\/span><\/p>\n<\/p>\n<p><span class=\"text1noticias\">Fern\u00e1ndez explic\u00f3 que para tales fines la instituci\u00f3n que dirige ha preparado un plan que est\u00e1 socializando con todas las fuerzas vivas del pa\u00eds, para que el presidente Danilo Medina pueda asumir el compromiso de llevar a cabo esa iniciativa.<\/span><\/p>\n<\/p>\n<p><span class=\"text1noticias\">\u00abEn ese caso al presidente Medina le van a tocar los primeros cuatro a\u00f1os del Pacto que es a 20 a\u00f1os, y luego el pr\u00f3ximo gobierno que le suceda le d\u00e9 continuidad con el objetivo de resolver el problema del agua\u00bb, explic\u00f3 el funcionario.<\/span><\/p>\n<\/p>\n<p><span class=\"text1noticias\">Dijo que dentro de ese pacto se contempla la construcci\u00f3n de nueve grandes presas, 52 medianas y peque\u00f1as presas y 70 reservorios de almacenamiento diversos desde 50mil metros c\u00fabicos hasta 150 mil, 200 mil y 225 mil.<\/span><\/p>\n<\/p>\n<p><span class=\"text1noticias\">\u00abNosotros no solo estamos obligados a seguir produciendo agua, sino tambi\u00e9n a seguir almacenando agua, porque en estos momentos el pa\u00eds solo puede almacenar y regular el 14 por ciento de las aguas superficiales\u00bb.<\/span><\/p>\n<\/p>\n<p><span class=\"text1noticias\">Aclar\u00f3 que eso significa que el 86 por ciento de las lluvias que caen a nivel nacional se pierden porque no hay medios como regularlas, porque muchas de ellas se regulan con obras de toma directa que solamente pueden ser aprovechadas cuando el r\u00edo est\u00e1 en crecida.<\/span><\/p>\n<\/p>\n<p><span class=\"text1noticias\">Explic\u00f3 que luego de haber discutido el plan con los distintos sectores del pa\u00eds, el presidente Danilo Medina convocar\u00e1 a la Mesa del Agua y trazar\u00e1 las l\u00edneas maestras sobre el enfoque que \u00e9l quiere darle a lo que ha definido como el cuatrienio del agua.<\/span><\/p>\n<\/p>\n<p><span class=\"text1noticias\">Olgo Fern\u00e1ndez dijo que tanto las grandes presas, como las medianas y peque\u00f1as, as\u00ed como los reservorios tienen un costo total que ronda los 88 mil millones de pesos.<\/span><\/p>\n<\/p>\n<p><span class=\"text1noticias\">Aclar\u00f3 que como se trata de un plan a 20 a\u00f1os, a cada gobierno le tocar\u00eda financiar unos cuatro mil millones, es decir a mil millones por a\u00f1o, lo que no significar\u00eda una carga pesada para una sola administraci\u00f3n.<\/span><\/p>\n<\/p>\n<p><span class=\"text1noticias\">Agreg\u00f3 que adem\u00e1s de que se puede recurrir al financiamiento externo, con esos recursos no solo se construir\u00e1n las obras citadas anteriormente, sino que tambi\u00e9n se le dar\u00e1 mantenimiento a las que existen en la actualidad.<\/span><\/p>\n<\/p>\n<\/p>\n<\/p>\n<h6> 2016-09-19 00:23:12 <\/h6>\n<p><!--\n<link rel=\"stylesheet\" href=\"css\/bootstrap.min.css\">\n\n\n<ul class=\"pagination\">\n\t    \n\t\n\n<li >\n\t<a href='?page_no=12022'>Previous<\/a>\n\t<\/li>\n\n\n       \n    \n\n<li><a href='?page_no=1'>1<\/a><\/li>\n\n\n\n<li><a href='?page_no=2'>2<\/a><\/li>\n\n\n\n<li><a>...<\/a><\/li>\n\n\n\n<li><a href='?page_no=12021'>12021<\/a><\/li>\n\n\n\n<li><a href='?page_no=12022'>12022<\/a><\/li>\n\n\n\n<li class='active'><a>12023<\/a><\/li>\n\n\n\n<li><a href='?page_no=12024'>12024<\/a><\/li>\n\n\n\n<li><a href='?page_no=12025'>12025<\/a><\/li>\n\n\n\n<li><a>...<\/a><\/li>\n\n\n\n<li><a href='?page_no=56169'>56169<\/a><\/li>\n\n\n\n<li><a href='?page_no=56170'>56170<\/a><\/li>\n\n    \n\t\n\n<li >\n\t<a href='?page_no=12024'>Next<\/a>\n\t<\/li>\n\n\n    \n\n<li><a href='?page_no=56170'>Last &rsaquo;&rsaquo;<\/a><\/li>\n\n<\/ul>\n\n\n--><br \/>\n<\/body><\/p>\n","protected":false},"excerpt":{"rendered":"<p>Externa Insiste el pa\u00eds necesita concertar el Pacto Nacional del Agua SANTO DOMINGO, RD, 18 de Septiembre de 2016.- El director del Instituto Nacional de Recursos Hidr\u00e1ulicos (INDRHI), advirti\u00f3 que pese a las lluvias que han estado cayendo en los \u00faltimos meses en todo el territorio nacional, la sequ\u00eda que ha afectado al pa\u00eds por [&hellip;]<\/p>\n","protected":false},"author":3,"featured_media":0,"comment_status":"open","ping_status":"open","sticky":false,"template":"","format":"standard","meta":{"footnotes":""},"categories":[20],"tags":[],"class_list":["post-217509","post","type-post","status-publish","format-standard","hentry","category-dominicana-hoy"],"_links":{"self":[{"href":"https:\/\/diariodominicano.com\/index.php?rest_route=\/wp\/v2\/posts\/217509","targetHints":{"allow":["GET"]}}],"collection":[{"href":"https:\/\/diariodominicano.com\/index.php?rest_route=\/wp\/v2\/posts"}],"about":[{"href":"https:\/\/diariodominicano.com\/index.php?rest_route=\/wp\/v2\/types\/post"}],"author":[{"embeddable":true,"href":"https:\/\/diariodominicano.com\/index.php?rest_route=\/wp\/v2\/users\/3"}],"replies":[{"embeddable":true,"href":"https:\/\/diariodominicano.com\/index.php?rest_route=%2Fwp%2Fv2%2Fcomments&post=217509"}],"version-history":[{"count":0,"href":"https:\/\/diariodominicano.com\/index.php?rest_route=\/wp\/v2\/posts\/217509\/revisions"}],"wp:attachment":[{"href":"https:\/\/diariodominicano.com\/index.php?rest_route=%2Fwp%2Fv2%2Fmedia&parent=217509"}],"wp:term":[{"taxonomy":"category","embeddable":true,"href":"https:\/\/diariodominicano.com\/index.php?rest_route=%2Fwp%2Fv2%2Fcategories&post=217509"},{"taxonomy":"post_tag","embeddable":true,"href":"https:\/\/diariodominicano.com\/index.php?rest_route=%2Fwp%2Fv2%2Ftags&post=217509"}],"curies":[{"name":"wp","href":"https:\/\/api.w.org\/{rel}","templated":true}]}}