{"id":217508,"date":"2016-09-19T08:21:21","date_gmt":"2016-09-19T08:21:21","guid":{"rendered":"http:\/\/diariodominicano.ddns.net\/?p=217508"},"modified":"2016-09-19T08:21:21","modified_gmt":"2016-09-19T08:21:21","slug":"realizan-jornada-de-limpieza-canadas-y-el-rio-yaguasa-en-guaricanos","status":"publish","type":"post","link":"https:\/\/diariodominicano.com\/?p=217508","title":{"rendered":"Realizan jornada de limpieza ca\u00f1adas y  el r\u00edo Yaguasa  en Guaricanos"},"content":{"rendered":"<p><body><\/p>\n<p><img decoding=\"async\" src=\"img3\/limpieza rio 19-9.jpg\" \/>  <\/p>\n<p><span class=\"text1noticias\">Santo Domingo, R. D., 19 de septiembre.-El Ayuntamiento del municipio de Santo Domingo Norte conjuntamente con la Fundaci\u00f3n Ecoambiental Dominicana realizo una amplia jornada de limpieza de ca\u00f1adas y rescate del rio  Yaguasa  en la comunidad de los Guaricanos.<\/span><\/p>\n<p><span class=\"text1noticias\"> <\/span><\/p>\n<p><span class=\"text1noticias\">El alcalde Ren\u00e9 Polanco ofreci\u00f3  su apoyo a la iniciativa de la Fundaci\u00f3n y dijo estar a la disposici\u00f3n para canalizar con la Oficina de Ingenieros de Obras del Estado OISOE una limpieza general.<\/span><\/p>\n<p><span class=\"text1noticias\"> <\/span><\/p>\n<p><span class=\"text1noticias\">Asimismo  expreso que dispuso a trav\u00e9s de los  departamentos correspondientes del cabildo desarrollar un plan de orientaci\u00f3n a los mun\u00edcipes en coordinaci\u00f3n  con dicha Fundaci\u00f3n para  de esta forma evitar que se contin\u00fae afectado el  entorno de este importante  r\u00edo.<\/span><\/p>\n<p><span class=\"text1noticias\"> <\/span><\/p>\n<p><span class=\"text1noticias\">Polanco orden\u00f3 tambi\u00e9n que se realicen los compromisos  de lugar  a fin de que  los camiones realicen un programa de recogida de basura  en la zona y as\u00ed evitar que los moradores lancen desperdicios en las cercan\u00edas del afluente fluvial afectando as\u00ed la salud de las personas que residen en su entorno.<\/span><\/p>\n<p><span class=\"text1noticias\"> <\/span><\/p>\n<p><span class=\"text1noticias\">Por otro lado el Ejecutivo Municipal particip\u00f3  junto al director de INESPRE Jorge Radham\u00e9s  Zorrilla Ozuna en unas  ventas  populares de art\u00edculos de la canasta familiar en el parque del sector el Milloncito de Sabana Perdida<\/span>. <\/p>\n<\/p>\n<h6> 2016-09-19 08:21:21 <\/h6>\n<p><!--\n<link rel=\"stylesheet\" href=\"css\/bootstrap.min.css\">\n\n\n<ul class=\"pagination\">\n\t    \n\t\n\n<li >\n\t<a href='?page_no=12021'>Previous<\/a>\n\t<\/li>\n\n\n       \n    \n\n<li><a href='?page_no=1'>1<\/a><\/li>\n\n\n\n<li><a href='?page_no=2'>2<\/a><\/li>\n\n\n\n<li><a>...<\/a><\/li>\n\n\n\n<li><a href='?page_no=12020'>12020<\/a><\/li>\n\n\n\n<li><a href='?page_no=12021'>12021<\/a><\/li>\n\n\n\n<li class='active'><a>12022<\/a><\/li>\n\n\n\n<li><a href='?page_no=12023'>12023<\/a><\/li>\n\n\n\n<li><a href='?page_no=12024'>12024<\/a><\/li>\n\n\n\n<li><a>...<\/a><\/li>\n\n\n\n<li><a href='?page_no=56169'>56169<\/a><\/li>\n\n\n\n<li><a href='?page_no=56170'>56170<\/a><\/li>\n\n    \n\t\n\n<li >\n\t<a href='?page_no=12023'>Next<\/a>\n\t<\/li>\n\n\n    \n\n<li><a href='?page_no=56170'>Last &rsaquo;&rsaquo;<\/a><\/li>\n\n<\/ul>\n\n\n--><br \/>\n<\/body><\/p>\n","protected":false},"excerpt":{"rendered":"<p>Santo Domingo, R. D., 19 de septiembre.-El Ayuntamiento del municipio de Santo Domingo Norte conjuntamente con la Fundaci\u00f3n Ecoambiental Dominicana realizo una amplia jornada de limpieza de ca\u00f1adas y rescate del rio Yaguasa en la comunidad de los Guaricanos. El alcalde Ren\u00e9 Polanco ofreci\u00f3 su apoyo a la iniciativa de la Fundaci\u00f3n y dijo estar [&hellip;]<\/p>\n","protected":false},"author":3,"featured_media":0,"comment_status":"open","ping_status":"open","sticky":false,"template":"","format":"standard","meta":{"footnotes":""},"categories":[20],"tags":[],"class_list":["post-217508","post","type-post","status-publish","format-standard","hentry","category-dominicana-hoy"],"_links":{"self":[{"href":"https:\/\/diariodominicano.com\/index.php?rest_route=\/wp\/v2\/posts\/217508","targetHints":{"allow":["GET"]}}],"collection":[{"href":"https:\/\/diariodominicano.com\/index.php?rest_route=\/wp\/v2\/posts"}],"about":[{"href":"https:\/\/diariodominicano.com\/index.php?rest_route=\/wp\/v2\/types\/post"}],"author":[{"embeddable":true,"href":"https:\/\/diariodominicano.com\/index.php?rest_route=\/wp\/v2\/users\/3"}],"replies":[{"embeddable":true,"href":"https:\/\/diariodominicano.com\/index.php?rest_route=%2Fwp%2Fv2%2Fcomments&post=217508"}],"version-history":[{"count":0,"href":"https:\/\/diariodominicano.com\/index.php?rest_route=\/wp\/v2\/posts\/217508\/revisions"}],"wp:attachment":[{"href":"https:\/\/diariodominicano.com\/index.php?rest_route=%2Fwp%2Fv2%2Fmedia&parent=217508"}],"wp:term":[{"taxonomy":"category","embeddable":true,"href":"https:\/\/diariodominicano.com\/index.php?rest_route=%2Fwp%2Fv2%2Fcategories&post=217508"},{"taxonomy":"post_tag","embeddable":true,"href":"https:\/\/diariodominicano.com\/index.php?rest_route=%2Fwp%2Fv2%2Ftags&post=217508"}],"curies":[{"name":"wp","href":"https:\/\/api.w.org\/{rel}","templated":true}]}}