{"id":217507,"date":"2016-09-19T09:15:14","date_gmt":"2016-09-19T09:15:14","guid":{"rendered":"http:\/\/diariodominicano.ddns.net\/?p=217507"},"modified":"2016-09-19T09:15:14","modified_gmt":"2016-09-19T09:15:14","slug":"adasec-y-14-organizaciones-oran-por-la-paz-en-rd","status":"publish","type":"post","link":"https:\/\/diariodominicano.com\/?p=217507","title":{"rendered":"ADASEC y 14 organizaciones oran por la paz en RD"},"content":{"rendered":"<p><body><\/p>\n<p><img decoding=\"async\" src=\"img3\/adecec 19-9.jpg\" \/>  <\/p>\n<p><span class=\"text1noticias\">Santo Domingo, R. D.,  19 de septiembre.- La Asociaci\u00f3n de Ayuda Social, Ecol\u00f3gica y Cultural (ADASEC) junto a 14 grupos, culturales, de servicios, ecol\u00f3gicos, religiosos y espirituales, realizaron la jornada nacional de oraci\u00f3n Unidos por la Paz, como parte de una campa\u00f1a internacional coordinada por la Federaci\u00f3n Internacional de Asociaciones de Ayuda Social (FIADASEC).<\/span><\/p>\n<p><span class=\"text1noticias\"> <\/span><\/p>\n<p><span class=\"text1noticias\">El doctor Guillermo Celado, presidente de ADASEC dijo que el encuentro busca crear una conciencia colectiva en el pa\u00eds donde predominen los valores positivos de la paz y potenciar, con el poder de la oraci\u00f3n, un fortalecimiento de los lazos de hermandad entre todos los seres humanos.<\/span><\/p>\n<p><span class=\"text1noticias\"> <\/span><\/p>\n<p><span class=\"text1noticias\">Resalt\u00f3 que esa organizaci\u00f3n trabaja permanentemente en una campa\u00f1a nacional por la preservaci\u00f3n de los valores, basados en el curso Vivencia Esencial M\u00e9todo Desoto que se imparte en las once filiales de la Asociaci\u00f3n en todo el pa\u00eds.<\/span><\/p>\n<p><span class=\"text1noticias\"> <\/span><\/p>\n<p><span class=\"text1noticias\">\u00abNosotros ense\u00f1amos que desde que nacemos vamos estructurando la personalidad con un c\u00famulo de conocimientos que si son negativos conducen a muchos tipos de comportamientos err\u00f3neos, que son la causa de la violencia y el mal comportamiento\u00bb, enfatiz\u00f3.<\/span><\/p>\n<p><span class=\"text1noticias\"> <\/span><\/p>\n<p><span class=\"text1noticias\">De su lado, el licenciado Ram\u00f3n Tom\u00e1s Aybar, vicepresidente de FIADASEC, dijo que esa Federaci\u00f3n con presencia en 15 pa\u00edses, propicia entre sus organizaciones la difusi\u00f3n del mensaje de que para que se reduzca la violencia en el mundo,  hay que impulsar el cambio interior en el individuo.<\/span><\/p>\n<p><span class=\"text1noticias\"> <\/span><\/p>\n<p><span class=\"text1noticias\">\u00abDurante 32 a\u00f1os hemos estado trabajando por la paz a trav\u00e9s de la motivaci\u00f3n para cambiar al individuo mediante los programas que implementamos en las distintas instituciones, porque cuando ese individuo logra conquistar la paz en su interior, puede proyectarla hacia los dem\u00e1s y transformar todo a su alrededor\u00bb, expres\u00f3.<\/span><\/p>\n<p><span class=\"text1noticias\"> <\/span><\/p>\n<p><span class=\"text1noticias\">En el encuentro participaron m\u00e1s 400 personas de la Federaci\u00f3n FIADASEC, la Pastoral Juvenil de Santo Domingo, Fundaci\u00f3n Bosque Sagrado, las iglesias Asamblea de Dios y Cristiana Unity, Fundaci\u00f3n El Arte de Vivir, Organizaci\u00f3n Sathya Sai Baba, Fe Bah\u00e1&#8217;\u00ed. Asimismo, Rotary International, Fe Dominicana (Fedom), Instituto de Juventudes con Taize Dominicana y el Consejo Nacional de Mujeres y otras instituciones invitadas.<\/span><\/p>\n<p><span class=\"text1noticias\"> <\/span><\/p>\n<p><span class=\"text1noticias\">El programa incluy\u00f3 peticiones por la igualdad en el mundo, por misericordia para el planeta y la humanidad, por la protecci\u00f3n de la naturaleza, los ni\u00f1os, la juventud, la familia, la conciencia de los gobernantes y los pa\u00edses que est\u00e1n en conflicto; adem\u00e1s de canciones y mantras.<\/span><\/p>\n<p><span class=\"text1noticias\"> <\/span><\/p>\n<p><span class=\"text1noticias\">Tambi\u00e9n se or\u00f3 para impulsar un cambio en la forma de pensar de las personas y para mejorar las relaciones, reducir la violencia y la criminalidad en la sociedad y construir una cultura de paz.<\/span><\/p>\n<p><span class=\"text1noticias\"> <\/span><\/p>\n<p><span class=\"text1noticias\">La actividad se efectu\u00f3 en el Ministerio con motivo de la celebraci\u00f3n el 21 de este mes del D\u00eda Internacional de la Paz.<\/span><\/p>\n<\/p>\n<h6> 2016-09-19 09:15:14 <\/h6>\n<p><!--\n<link rel=\"stylesheet\" href=\"css\/bootstrap.min.css\">\n\n\n<ul class=\"pagination\">\n\t    \n\t\n\n<li >\n\t<a href='?page_no=12020'>Previous<\/a>\n\t<\/li>\n\n\n       \n    \n\n<li><a href='?page_no=1'>1<\/a><\/li>\n\n\n\n<li><a href='?page_no=2'>2<\/a><\/li>\n\n\n\n<li><a>...<\/a><\/li>\n\n\n\n<li><a href='?page_no=12019'>12019<\/a><\/li>\n\n\n\n<li><a href='?page_no=12020'>12020<\/a><\/li>\n\n\n\n<li class='active'><a>12021<\/a><\/li>\n\n\n\n<li><a href='?page_no=12022'>12022<\/a><\/li>\n\n\n\n<li><a href='?page_no=12023'>12023<\/a><\/li>\n\n\n\n<li><a>...<\/a><\/li>\n\n\n\n<li><a href='?page_no=56169'>56169<\/a><\/li>\n\n\n\n<li><a href='?page_no=56170'>56170<\/a><\/li>\n\n    \n\t\n\n<li >\n\t<a href='?page_no=12022'>Next<\/a>\n\t<\/li>\n\n\n    \n\n<li><a href='?page_no=56170'>Last &rsaquo;&rsaquo;<\/a><\/li>\n\n<\/ul>\n\n\n--><br \/>\n<\/body><\/p>\n","protected":false},"excerpt":{"rendered":"<p>Santo Domingo, R. D., 19 de septiembre.- La Asociaci\u00f3n de Ayuda Social, Ecol\u00f3gica y Cultural (ADASEC) junto a 14 grupos, culturales, de servicios, ecol\u00f3gicos, religiosos y espirituales, realizaron la jornada nacional de oraci\u00f3n Unidos por la Paz, como parte de una campa\u00f1a internacional coordinada por la Federaci\u00f3n Internacional de Asociaciones de Ayuda Social (FIADASEC). El [&hellip;]<\/p>\n","protected":false},"author":3,"featured_media":0,"comment_status":"open","ping_status":"open","sticky":false,"template":"","format":"standard","meta":{"footnotes":""},"categories":[20],"tags":[],"class_list":["post-217507","post","type-post","status-publish","format-standard","hentry","category-dominicana-hoy"],"_links":{"self":[{"href":"https:\/\/diariodominicano.com\/index.php?rest_route=\/wp\/v2\/posts\/217507","targetHints":{"allow":["GET"]}}],"collection":[{"href":"https:\/\/diariodominicano.com\/index.php?rest_route=\/wp\/v2\/posts"}],"about":[{"href":"https:\/\/diariodominicano.com\/index.php?rest_route=\/wp\/v2\/types\/post"}],"author":[{"embeddable":true,"href":"https:\/\/diariodominicano.com\/index.php?rest_route=\/wp\/v2\/users\/3"}],"replies":[{"embeddable":true,"href":"https:\/\/diariodominicano.com\/index.php?rest_route=%2Fwp%2Fv2%2Fcomments&post=217507"}],"version-history":[{"count":0,"href":"https:\/\/diariodominicano.com\/index.php?rest_route=\/wp\/v2\/posts\/217507\/revisions"}],"wp:attachment":[{"href":"https:\/\/diariodominicano.com\/index.php?rest_route=%2Fwp%2Fv2%2Fmedia&parent=217507"}],"wp:term":[{"taxonomy":"category","embeddable":true,"href":"https:\/\/diariodominicano.com\/index.php?rest_route=%2Fwp%2Fv2%2Fcategories&post=217507"},{"taxonomy":"post_tag","embeddable":true,"href":"https:\/\/diariodominicano.com\/index.php?rest_route=%2Fwp%2Fv2%2Ftags&post=217507"}],"curies":[{"name":"wp","href":"https:\/\/api.w.org\/{rel}","templated":true}]}}