{"id":217504,"date":"2016-09-19T10:27:53","date_gmt":"2016-09-19T10:27:53","guid":{"rendered":"http:\/\/diariodominicano.ddns.net\/?p=217504"},"modified":"2016-09-19T10:27:53","modified_gmt":"2016-09-19T10:27:53","slug":"califica-sin-precedente-y-trascendental-jornada-de-limpieza-de-rios-y-playas","status":"publish","type":"post","link":"https:\/\/diariodominicano.com\/?p=217504","title":{"rendered":"Califica \u00absin precedente y trascendental\u00bb Jornada de Limpieza de R\u00edos y Playas"},"content":{"rendered":"<p><body><\/p>\n<p><img decoding=\"async\" src=\"img3\/brigada 19-9.jpg\" \/>  <\/p>\n<p><span class=\"text1noticias\">Santo Domingo, R. D., 19 de septiembre.- Como sin precedente y trascendental, fue calificada la jornada de limpieza de playas, r\u00edos y costas, desarrollada por las brigadas internacional, integrada por aspirantes a Agentes de Vigilancia y Tratamiento Penitenciaros dominicanos y de Guatemala, que recogieron cientos de toneladas de desechos  s\u00f3lidos y pl\u00e1sticos  lanzados en la margen de los  acu\u00edferos de todo el pa\u00eds.<\/span><\/p>\n<p><span class=\"text1noticias\"> <\/span><\/p>\n<p><span class=\"text1noticias\">La afirmaci\u00f3n la hizo el Coordinador del Nuevo Modelo Penitenciario Dominicano, Dr. Ysmael Paniagua Guerrero, al encabezar la actividad, junto a funcionario de la Escuela Nacional Penitenciaria y de la embajada de los Estados Unidos en Guatemala.<\/span><\/p>\n<p><span class=\"text1noticias\"> <\/span><\/p>\n<p><span class=\"text1noticias\">El Dr. Paniagua Guerrero, inform\u00f3 que  la jornada de limpieza de playas, costas y r\u00edos se realiz\u00f3 en toda la margen del rio Nigua en San Crist\u00f3bal, as\u00ed como en las playas de Puerto Plata, La Romana, Higuey, Moca, y r\u00edos de San Pedro de Macor\u00eds, San Francisco de Macor\u00eds, La Vega, El\u00edas Pi\u00f1a, Dajab\u00f3n, Bani, Santiago y Monte Plata.<\/span><\/p>\n<p><span class=\"text1noticias\"> <\/span><\/p>\n<p><span class=\"text1noticias\">Dijo que en los pueblos donde funcionan  Centros de Correcci\u00f3n y Rehabilitaci\u00f3n, se coordin\u00f3 con  otras instituciones oficiales, entre ellas, Medio Ambiente y Recursos Naturales.<\/span><\/p>\n<p><span class=\"text1noticias\"> <\/span><\/p>\n<p><span class=\"text1noticias\">El Coordinador del Nuevo Modelo Penitenciario de la Procuradur\u00eda General de la Republica,  consider\u00f3 que la participaci\u00f3n de los aspirantes a Agentes de Vigilancia y Tratamiento Penitenciarios de Guatemala, ??es un acto que estrecha la hermandad entre dos pueblos hermanos de Latinoam\u00e9rica??.<\/span><\/p>\n<p><span class=\"text1noticias\"> <\/span><\/p>\n<p><span class=\"text1noticias\">Expres\u00f3 que desde el principio, el Nuevo Modelo Penitenciario Dominicano ha comprendido la importancia de la preservaci\u00f3n del medio ambiente y el reciclaje, ??puesto que en la medida que se crea conciencia entre los privados de libertad y sus familias, en esa medida se hace patria y contribuimos a la preservaci\u00f3n de nuestro planeta tierra, el \u00fanico que tenemos los seres humanos??.<\/span><\/p>\n<p><span class=\"text1noticias\"> <\/span><\/p>\n<p><span class=\"text1noticias\">Advierte sobre lanzamiento de pl\u00e1sticos <\/span><\/p>\n<p><span class=\"text1noticias\"> <\/span><\/p>\n<p><span class=\"text1noticias\">El Dr. Paniagua Guerrero, Inform\u00f3 que el 80 por ciento de la basura tirada a r\u00edos y playas corresponden a fundas pl\u00e1sticas, vasos, botellas y otros materiales pl\u00e1sticos, por lo que se debe crear conciencia e integrar a las comunidades que viven en las cercan\u00edas  de las playas y r\u00edos, para que hagan de este problema una oportunidad de negocios.<\/span><\/p>\n<p><span class=\"text1noticias\"> <\/span><\/p>\n<p><span class=\"text1noticias\">En la actualidad se calcula que de media hay 13.000 pl\u00e1sticos por milla cuadrada de oc\u00e9ano, con un peso total de 100 millones de toneladas, manifest\u00f3 el Dr. Paniagua Guerrero.<\/span><\/p>\n<p><span class=\"text1noticias\"> <\/span><\/p>\n<p><span class=\"text1noticias\">Gesta participaci\u00f3n de aspirantes a VTP de Guatemala<\/span><\/p>\n<p><span class=\"text1noticias\"> <\/span><\/p>\n<p><span class=\"text1noticias\">El Director General de la Escuela Nacional Penitenciaria, destaco la participaci\u00f3n de los aspirantes a Agentes de Vigilancia y Tratamiento Penitenciarios de Guatemala, en la Jornada Mundial de Limpieza de R\u00edos, Costas y Playas.<\/span><\/p>\n<p><span class=\"text1noticias\"> <\/span><\/p>\n<p><span class=\"text1noticias\">Explic\u00f3 que los j\u00f3venes de la hermana Rep\u00fablica de Guatemala, se encuentran en el pa\u00eds, en el marco del proceso de formaci\u00f3n y entrenamiento que reciben en las instalaciones de la Sede Nacional de la ENAP, ubicada en San Crist\u00f3bal.<\/span><\/p>\n<p><span class=\"text1noticias\"> <\/span><\/p>\n<p><span class=\"text1noticias\">Indic\u00f3 que la formaci\u00f3n de los Agentes Penitenciarios de Guatemala, se hace en el marco de los acuerdos firmados recientemente entre el gobierno de ese pa\u00eds y la Republica Dominicana, entre el Ministro de Gobernaci\u00f3n, Francisco Rivas  y el Procurador General de la Republica, Jean Alain Rod<\/span>r\u00edguez. <\/p>\n<\/p>\n<\/p>\n<h6> 2016-09-19 10:27:53 <\/h6>\n<p><!--\n<link rel=\"stylesheet\" href=\"css\/bootstrap.min.css\">\n\n\n<ul class=\"pagination\">\n\t    \n\t\n\n<li >\n\t<a href='?page_no=12018'>Previous<\/a>\n\t<\/li>\n\n\n       \n    \n\n<li><a href='?page_no=1'>1<\/a><\/li>\n\n\n\n<li><a href='?page_no=2'>2<\/a><\/li>\n\n\n\n<li><a>...<\/a><\/li>\n\n\n\n<li><a href='?page_no=12017'>12017<\/a><\/li>\n\n\n\n<li><a href='?page_no=12018'>12018<\/a><\/li>\n\n\n\n<li class='active'><a>12019<\/a><\/li>\n\n\n\n<li><a href='?page_no=12020'>12020<\/a><\/li>\n\n\n\n<li><a href='?page_no=12021'>12021<\/a><\/li>\n\n\n\n<li><a>...<\/a><\/li>\n\n\n\n<li><a href='?page_no=56169'>56169<\/a><\/li>\n\n\n\n<li><a href='?page_no=56170'>56170<\/a><\/li>\n\n    \n\t\n\n<li >\n\t<a href='?page_no=12020'>Next<\/a>\n\t<\/li>\n\n\n    \n\n<li><a href='?page_no=56170'>Last &rsaquo;&rsaquo;<\/a><\/li>\n\n<\/ul>\n\n\n--><br \/>\n<\/body><\/p>\n","protected":false},"excerpt":{"rendered":"<p>Santo Domingo, R. D., 19 de septiembre.- Como sin precedente y trascendental, fue calificada la jornada de limpieza de playas, r\u00edos y costas, desarrollada por las brigadas internacional, integrada por aspirantes a Agentes de Vigilancia y Tratamiento Penitenciaros dominicanos y de Guatemala, que recogieron cientos de toneladas de desechos s\u00f3lidos y pl\u00e1sticos lanzados en la [&hellip;]<\/p>\n","protected":false},"author":3,"featured_media":0,"comment_status":"open","ping_status":"open","sticky":false,"template":"","format":"standard","meta":{"footnotes":""},"categories":[20],"tags":[],"class_list":["post-217504","post","type-post","status-publish","format-standard","hentry","category-dominicana-hoy"],"_links":{"self":[{"href":"https:\/\/diariodominicano.com\/index.php?rest_route=\/wp\/v2\/posts\/217504","targetHints":{"allow":["GET"]}}],"collection":[{"href":"https:\/\/diariodominicano.com\/index.php?rest_route=\/wp\/v2\/posts"}],"about":[{"href":"https:\/\/diariodominicano.com\/index.php?rest_route=\/wp\/v2\/types\/post"}],"author":[{"embeddable":true,"href":"https:\/\/diariodominicano.com\/index.php?rest_route=\/wp\/v2\/users\/3"}],"replies":[{"embeddable":true,"href":"https:\/\/diariodominicano.com\/index.php?rest_route=%2Fwp%2Fv2%2Fcomments&post=217504"}],"version-history":[{"count":0,"href":"https:\/\/diariodominicano.com\/index.php?rest_route=\/wp\/v2\/posts\/217504\/revisions"}],"wp:attachment":[{"href":"https:\/\/diariodominicano.com\/index.php?rest_route=%2Fwp%2Fv2%2Fmedia&parent=217504"}],"wp:term":[{"taxonomy":"category","embeddable":true,"href":"https:\/\/diariodominicano.com\/index.php?rest_route=%2Fwp%2Fv2%2Fcategories&post=217504"},{"taxonomy":"post_tag","embeddable":true,"href":"https:\/\/diariodominicano.com\/index.php?rest_route=%2Fwp%2Fv2%2Ftags&post=217504"}],"curies":[{"name":"wp","href":"https:\/\/api.w.org\/{rel}","templated":true}]}}