{"id":217503,"date":"2016-09-19T15:48:45","date_gmt":"2016-09-19T15:48:45","guid":{"rendered":"http:\/\/diariodominicano.ddns.net\/?p=217503"},"modified":"2016-09-19T15:48:45","modified_gmt":"2016-09-19T15:48:45","slug":"presidente-danilo-medina-viaja-a-nueva-york-participara-en-reunion-de-la-onu","status":"publish","type":"post","link":"https:\/\/diariodominicano.com\/?p=217503","title":{"rendered":"Presidente Danilo Medina viaja a Nueva York participar\u00e1 en reuni\u00f3n de la ONU"},"content":{"rendered":"<p><body><\/p>\n<p><img decoding=\"async\" src=\"img3\/en la escalera.jpg\" \/>  <\/p>\n<p>SANTO DOMINGO, 19 de septiembre.-El presidente Danilo Medina viaj\u00f3 esta tarde  a Nueva York, Estados Unidos, en compa\u00f1\u00eda de una reducida comitiva, para participar en la 71 Asamblea General de la Organizaci\u00f3n de las Naciones Unidas (ONU).<\/p>\n<\/p>\n<p>El jefe de Estado lleg\u00f3 acompa\u00f1ado de su esposa, la primera dama Candida Montilla de Medina, al Aeropuerto Internacional Las Am\u00e9ricas (AILA), por donde sali\u00f3 el vuelo comercial a las 2:40 de la tarde.<\/p>\n<\/p>\n<p>Adem\u00e1s, le acompa\u00f1a una reducida comitiva, integrada por Jos\u00e9 Ram\u00f3n Peralta, ministro Administrativo de la Presidencia y Carlos Pared, asistente del presidente. Tambi\u00e9n, el jefe del Cuerpo de Seguridad Presidencial, mayor general Ad\u00e1n C\u00e1ceres.<\/p>\n<\/p>\n<p>El canciller Miguel Vargas y el portavoz del Gobierno, Roberto Rodr\u00edguez Marchena, se le unir\u00e1n en Nueva York.<\/p>\n<\/p>\n<p>Medina participar\u00e1 este martes en la apertura de la Asamblea General de la ONU, fijada para las 9:00 de la ma\u00f1ana y el mi\u00e9rcoles en la tarde pronunciar\u00e1 un discurso.<\/p>\n<h6> 2016-09-19 15:48:45 <\/h6>\n<p><!--\n<link rel=\"stylesheet\" href=\"css\/bootstrap.min.css\">\n\n\n<ul class=\"pagination\">\n\t    \n\t\n\n<li >\n\t<a href='?page_no=12017'>Previous<\/a>\n\t<\/li>\n\n\n       \n    \n\n<li><a href='?page_no=1'>1<\/a><\/li>\n\n\n\n<li><a href='?page_no=2'>2<\/a><\/li>\n\n\n\n<li><a>...<\/a><\/li>\n\n\n\n<li><a href='?page_no=12016'>12016<\/a><\/li>\n\n\n\n<li><a href='?page_no=12017'>12017<\/a><\/li>\n\n\n\n<li class='active'><a>12018<\/a><\/li>\n\n\n\n<li><a href='?page_no=12019'>12019<\/a><\/li>\n\n\n\n<li><a href='?page_no=12020'>12020<\/a><\/li>\n\n\n\n<li><a>...<\/a><\/li>\n\n\n\n<li><a href='?page_no=56169'>56169<\/a><\/li>\n\n\n\n<li><a href='?page_no=56170'>56170<\/a><\/li>\n\n    \n\t\n\n<li >\n\t<a href='?page_no=12019'>Next<\/a>\n\t<\/li>\n\n\n    \n\n<li><a href='?page_no=56170'>Last &rsaquo;&rsaquo;<\/a><\/li>\n\n<\/ul>\n\n\n--><br \/>\n<\/body><\/p>\n","protected":false},"excerpt":{"rendered":"<p>SANTO DOMINGO, 19 de septiembre.-El presidente Danilo Medina viaj\u00f3 esta tarde a Nueva York, Estados Unidos, en compa\u00f1\u00eda de una reducida comitiva, para participar en la 71 Asamblea General de la Organizaci\u00f3n de las Naciones Unidas (ONU). El jefe de Estado lleg\u00f3 acompa\u00f1ado de su esposa, la primera dama Candida Montilla de Medina, al Aeropuerto [&hellip;]<\/p>\n","protected":false},"author":3,"featured_media":0,"comment_status":"open","ping_status":"open","sticky":false,"template":"","format":"standard","meta":{"footnotes":""},"categories":[20],"tags":[],"class_list":["post-217503","post","type-post","status-publish","format-standard","hentry","category-dominicana-hoy"],"_links":{"self":[{"href":"https:\/\/diariodominicano.com\/index.php?rest_route=\/wp\/v2\/posts\/217503","targetHints":{"allow":["GET"]}}],"collection":[{"href":"https:\/\/diariodominicano.com\/index.php?rest_route=\/wp\/v2\/posts"}],"about":[{"href":"https:\/\/diariodominicano.com\/index.php?rest_route=\/wp\/v2\/types\/post"}],"author":[{"embeddable":true,"href":"https:\/\/diariodominicano.com\/index.php?rest_route=\/wp\/v2\/users\/3"}],"replies":[{"embeddable":true,"href":"https:\/\/diariodominicano.com\/index.php?rest_route=%2Fwp%2Fv2%2Fcomments&post=217503"}],"version-history":[{"count":0,"href":"https:\/\/diariodominicano.com\/index.php?rest_route=\/wp\/v2\/posts\/217503\/revisions"}],"wp:attachment":[{"href":"https:\/\/diariodominicano.com\/index.php?rest_route=%2Fwp%2Fv2%2Fmedia&parent=217503"}],"wp:term":[{"taxonomy":"category","embeddable":true,"href":"https:\/\/diariodominicano.com\/index.php?rest_route=%2Fwp%2Fv2%2Fcategories&post=217503"},{"taxonomy":"post_tag","embeddable":true,"href":"https:\/\/diariodominicano.com\/index.php?rest_route=%2Fwp%2Fv2%2Ftags&post=217503"}],"curies":[{"name":"wp","href":"https:\/\/api.w.org\/{rel}","templated":true}]}}