{"id":217499,"date":"2016-09-20T10:19:38","date_gmt":"2016-09-20T10:19:38","guid":{"rendered":"http:\/\/diariodominicano.ddns.net\/?p=217499"},"modified":"2016-09-20T10:19:38","modified_gmt":"2016-09-20T10:19:38","slug":"ventura-camejo-dice-la-coordinacion-en-el-sector-publico-es-uno-de-los-retos-y-desafios","status":"publish","type":"post","link":"https:\/\/diariodominicano.com\/?p=217499","title":{"rendered":"Ventura Camejo dice la coordinaci\u00f3n en el sector p\u00fablico es uno de los retos y desaf\u00edos"},"content":{"rendered":"<p><body><\/p>\n<p><img decoding=\"async\" src=\"img3\/comejo 20-9.jpg\" \/>  <\/p>\n<p> <span class=\"text1noticias\">Santiago, R. D., 20 de septiembre.- El ministro de Administraci\u00f3n P\u00fablica, Ram\u00f3n Ventura Camejo, asegur\u00f3 que uno de los retos y desaf\u00edos  del sector p\u00fablico, es la necesaria  coordinaci\u00f3n de los actores, la cual debe ser articulada para la optimizaci\u00f3n de los recursos, facilitar el cumplimiento de los planes estrat\u00e9gicos u operacionales.<\/span><\/p>\n<p><span class=\"text1noticias\"> <\/span><\/p>\n<p><span class=\"text1noticias\">El funcionario dijo que  juntar a los actores  estrat\u00e9gicos del agua, es una voluntad del Presidente Danilo Medina, especialmente para la coordinaci\u00f3n de sus planes.  <\/span><\/p>\n<p><span class=\"text1noticias\"> <\/span><\/p>\n<p><span class=\"text1noticias\">Explic\u00f3 que eso reduce la dispersi\u00f3n, el aislamiento y los costos operacionales.<\/span><\/p>\n<p><span class=\"text1noticias\"> <\/span><\/p>\n<p><span class=\"text1noticias\">Precis\u00f3 que se busca que se mantenga la coordinaci\u00f3n del sector agua, como una forma de que se pueda  trabajar en conjunto.<\/span><\/p>\n<p><span class=\"text1noticias\"> <\/span><\/p>\n<p><span class=\"text1noticias\"> Inform\u00f3 que el Ministerio de Administraci\u00f3n P\u00fablica (MAP), bajo su direcci\u00f3n, organiz\u00f3 el seminario: Articulando los actores claves para la preservaci\u00f3n y gesti\u00f3n de la calidad del recurso agua, con la participaci\u00f3n de los representantes de ese sector a nivel nacional, acogiendo la disposici\u00f3n del Presidente Medina, quien declar\u00f3 que \u00abestos cuatro a\u00f1os son los del agua\u00bb.  <\/span><\/p>\n<p><span class=\"text1noticias\"> <\/span><\/p>\n<p><span class=\"text1noticias\"> <\/span><\/p>\n<p><span class=\"text1noticias\"> <\/span><\/p>\n<p><span class=\"text1noticias\">El seminario fue realizado en la Pontificia Universidad Cat\u00f3lica Madre y Maestra (PUCMM). En ese evento particip\u00f3 el director del Programa de las Antillas Mayores para la Conservaci\u00f3n de la Naturaleza, Francisco N\u00fa\u00f1ez Henr\u00edquez, quien pronunci\u00f3 una conferencia magistral. Ventura Camejo declar\u00f3 que las pol\u00edticas p\u00fablicas pueden ejecutarse con eficiencia y calidad, si son bien gestionadas.<\/span><\/p>\n<p><span class=\"text1noticias\"> <\/span><\/p>\n<p><span class=\"text1noticias\">Indic\u00f3 que la gesti\u00f3n o la administraci\u00f3n tienen sus conceptos y sus m\u00e9todos. \u00abComo ocurre con la salud y la educaci\u00f3n\u00bb, afirm\u00f3.  Dijo que es necesario gestionar debidamente, para que en los procesos de llegar al valor agregado, que son los ciudadanos, se  puedan ofertar servicios con calidad.<\/span><\/p>\n<p><span class=\"text1noticias\"> <\/span><\/p>\n<p><span class=\"text1noticias\">El funcionario manifest\u00f3 que  los ministros, directores y los servidores p\u00fablicos,  \u00abseguimos aquellas pol\u00edticas que los Presidentes se trazan\u00bb. \u00abEsa  es la relaci\u00f3n entre burocracia y democracia, entre pol\u00edticos y t\u00e9cnicos\u00bb, agreg\u00f3.<\/span><\/p>\n<p><span class=\"text1noticias\"> <\/span><\/p>\n<p><span class=\"text1noticias\">Dijo que la raz\u00f3n de ser del MAP es la de trabajar en el sector p\u00fablico para que haya mejor\u00eda de los servicios que brindan todas las instituciones del Estado, para responder a las inquietudes de los ciudadanos. \u00abNo hay otra raz\u00f3n\u00bb, aclar\u00f3.  <\/span><\/p>\n<p><span class=\"text1noticias\"> <\/span><\/p>\n<p><span class=\"text1noticias\">El ministro precis\u00f3 que los pol\u00edticos tienen un programa de gobierno, el cual les fue ofertado a los ciudadanos, por el cual fueron votados y elegidos. \u00abEn consecuencia, los t\u00e9cnicos tienen la responsabilidad, con sus conocimientos, para hacer operativas esas pol\u00edticas, y en consecuencia de eso se trata\u00bb, agreg\u00f3.<\/span><\/p>\n<p><span class=\"text1noticias\"> <\/span><\/p>\n<p><span class=\"text1noticias\">En el seminario expusieron al director del Programa de las Antillas Mayores para la Conservaci\u00f3n de la Naturaleza, en alianza con el Banco Interamericano de Desarrollo (BID), Francisco N\u00fa\u00f1ez Henr\u00edquez, y Olgo Fern\u00e1ndez, quien dirige el Instituto Nacional de Recursos Hidr\u00e1ulicos (HINDRHI).<\/span><\/p>\n<p><span class=\"text1noticias\"> <\/span><\/p>\n<p><span class=\"text1noticias\">Tambi\u00e9n expusieron Alejandro Mont\u00e1s, director de la Corporaci\u00f3n de Acueducto de Santo Domingo (CAASD), Silvio Dur\u00e1n, de la Corporaci\u00f3n de Acueducto y Alcantarillado de Santiago (CORAASAN), Lu\u00eds Polanco, de la Sociedad Ecol\u00f3gica del Cibao (SOECI), y V\u00edctor Guzm\u00e1n, de la Empresa Hidroel\u00e9ctrica Dominicana.<\/span><\/p>\n<p><span class=\"text1noticias\"> <\/span><\/p>\n<p><span class=\"text1noticias\">La PUCMM) estuvo representada por Silvio Carrasco. Tambi\u00e9n expusieron Bol\u00edvar Troncoso, asesor del Senado de la Rep\u00fablica, Dominga Polanco, directora del Grupo T\u00e9cnico Inter-institucional, Horacio Mazara, director del Instituto Nacional de Aguas Potables y Alcantarillados (INAPA), y otras personalidades. Con la presencia del director de la Asociaci\u00f3n para el Desarrollo Incorporada (APEDI), Sa\u00fal Abr\u00e9u.<\/span><\/p>\n<p><span class=\"text1noticias\"> <\/span><\/p>\n<p><span class=\"text1noticias\">El ministro Ventura Camejo dijo que el seminario sobre agua y otras actividades que ser\u00e1n desarrolladas en ese sector, buscan llevar a la pr\u00e1ctica la inquietud del Presidente Medina, en lo que respecta a la gesti\u00f3n de la calidad y otras obligaciones que tiene el MAP en el sector p\u00fablico.<\/span><\/p>\n<p><span class=\"text1noticias\"> <\/span><\/p>\n<p><span class=\"text1noticias\">Dijo que, obviamente, el tema del agua es un sistema estrat\u00e9gico, que est\u00e1 en la agenda mundial y es por esa raz\u00f3n que tambi\u00e9n se cuenta con la presencia de organismos internacionales, como es el caso de Francisco N\u00fa\u00f1ez Henr\u00edquez.<\/span><\/p>\n<p><span class=\"text1noticias\"> <\/span><\/p>\n<p><span class=\"text1noticias\">Explic\u00f3 que  hay que buscar la forma de preservar el agua, porque ya no es posible contar con el realismo m\u00e1gico de hace unos a\u00f1os, que fue una corriente de escritores e intelectuales de Am\u00e9rica Latina, de corriente literaria, de la cual fueron exponentes, muy sobresalientes,  Gabriel Garc\u00eda M\u00e1rquez, Julio Cort\u00e1zar y el profesor Juan Bosch. <\/span><\/p>\n<p><span class=\"text1noticias\"> <\/span><\/p>\n<p><span class=\"text1noticias\">Y record\u00f3  el libro de Bosch, en el cual cita dos pesos de agua. Afirm\u00f3 que  a consecuencia de la sequ\u00eda de entonces, los campesinos, a trav\u00e9s de procesiones, ofrec\u00edan  dos pesos a las \u00e1nimas para que lloviera.<\/span><\/p>\n<p><span class=\"text1noticias\"> <\/span><\/p>\n<p><span class=\"text1noticias\">Observ\u00f3 que las pol\u00edticas p\u00fablicas no se pueden ejecutar, ni siquiera con el conocimiento de los especialistas, ni con los recursos econ\u00f3micos o tecnol\u00f3gicos, si no hay una buena gesti\u00f3n. \u00abEs ah\u00ed donde hay que hacer el mayor trabajo\u00bb, indic\u00f3.<\/span><\/p>\n<p><span class=\"text1noticias\"> <\/span><\/p>\n<p><span class=\"text1noticias\">Agreg\u00f3 que si no hay una buena gesti\u00f3n, los recursos financieros  no tendr\u00edan ninguna utilidad, ni tampoco los tecnol\u00f3gicos o personales. \u00abEs por esa raz\u00f3n que el MAP convoc\u00f3 a este encuentro, porque le corresponde la etapa de la gesti\u00f3n de la calidad\u00bb, aclar\u00f3.<\/span><\/p>\n<p><span class=\"text1noticias\"> <\/span><\/p>\n<p><span class=\"text1noticias\">Dijo que con el sector agua se est\u00e1 trabajando con todos los Subsistemas de Gesti\u00f3n de personal, Reclutamiento, Selecci\u00f3n,  Estructuras, Pol\u00edticas salariales y Evaluaci\u00f3n del desempe\u00f1o.<\/span><\/p>\n<p><span class=\"text1noticias\"> <\/span><\/p>\n<p><span class=\"text1noticias\">El ministro Ventura Camejo agreg\u00f3 que  la evaluaci\u00f3n del desempe\u00f1o se est\u00e1 convirtiendo en una herramienta formidable,  para el cumplimiento de los deberes en el sector p\u00fablico.      <\/span><\/p>\n<p><span class=\"text1noticias\"> <\/span><\/p>\n<\/p>\n<h6> 2016-09-20 10:19:38 <\/h6>\n<p><!--\n<link rel=\"stylesheet\" href=\"css\/bootstrap.min.css\">\n\n\n<ul class=\"pagination\">\n\t    \n\t\n\n<li >\n\t<a href='?page_no=12013'>Previous<\/a>\n\t<\/li>\n\n\n       \n    \n\n<li><a href='?page_no=1'>1<\/a><\/li>\n\n\n\n<li><a href='?page_no=2'>2<\/a><\/li>\n\n\n\n<li><a>...<\/a><\/li>\n\n\n\n<li><a href='?page_no=12012'>12012<\/a><\/li>\n\n\n\n<li><a href='?page_no=12013'>12013<\/a><\/li>\n\n\n\n<li class='active'><a>12014<\/a><\/li>\n\n\n\n<li><a href='?page_no=12015'>12015<\/a><\/li>\n\n\n\n<li><a href='?page_no=12016'>12016<\/a><\/li>\n\n\n\n<li><a>...<\/a><\/li>\n\n\n\n<li><a href='?page_no=56169'>56169<\/a><\/li>\n\n\n\n<li><a href='?page_no=56170'>56170<\/a><\/li>\n\n    \n\t\n\n<li >\n\t<a href='?page_no=12015'>Next<\/a>\n\t<\/li>\n\n\n    \n\n<li><a href='?page_no=56170'>Last &rsaquo;&rsaquo;<\/a><\/li>\n\n<\/ul>\n\n\n--><br \/>\n<\/body><\/p>\n","protected":false},"excerpt":{"rendered":"<p>Santiago, R. D., 20 de septiembre.- El ministro de Administraci\u00f3n P\u00fablica, Ram\u00f3n Ventura Camejo, asegur\u00f3 que uno de los retos y desaf\u00edos del sector p\u00fablico, es la necesaria coordinaci\u00f3n de los actores, la cual debe ser articulada para la optimizaci\u00f3n de los recursos, facilitar el cumplimiento de los planes estrat\u00e9gicos u operacionales. El funcionario dijo [&hellip;]<\/p>\n","protected":false},"author":3,"featured_media":0,"comment_status":"open","ping_status":"open","sticky":false,"template":"","format":"standard","meta":{"footnotes":""},"categories":[20],"tags":[],"class_list":["post-217499","post","type-post","status-publish","format-standard","hentry","category-dominicana-hoy"],"_links":{"self":[{"href":"https:\/\/diariodominicano.com\/index.php?rest_route=\/wp\/v2\/posts\/217499","targetHints":{"allow":["GET"]}}],"collection":[{"href":"https:\/\/diariodominicano.com\/index.php?rest_route=\/wp\/v2\/posts"}],"about":[{"href":"https:\/\/diariodominicano.com\/index.php?rest_route=\/wp\/v2\/types\/post"}],"author":[{"embeddable":true,"href":"https:\/\/diariodominicano.com\/index.php?rest_route=\/wp\/v2\/users\/3"}],"replies":[{"embeddable":true,"href":"https:\/\/diariodominicano.com\/index.php?rest_route=%2Fwp%2Fv2%2Fcomments&post=217499"}],"version-history":[{"count":0,"href":"https:\/\/diariodominicano.com\/index.php?rest_route=\/wp\/v2\/posts\/217499\/revisions"}],"wp:attachment":[{"href":"https:\/\/diariodominicano.com\/index.php?rest_route=%2Fwp%2Fv2%2Fmedia&parent=217499"}],"wp:term":[{"taxonomy":"category","embeddable":true,"href":"https:\/\/diariodominicano.com\/index.php?rest_route=%2Fwp%2Fv2%2Fcategories&post=217499"},{"taxonomy":"post_tag","embeddable":true,"href":"https:\/\/diariodominicano.com\/index.php?rest_route=%2Fwp%2Fv2%2Ftags&post=217499"}],"curies":[{"name":"wp","href":"https:\/\/api.w.org\/{rel}","templated":true}]}}