{"id":217497,"date":"2016-09-20T10:56:17","date_gmt":"2016-09-20T10:56:17","guid":{"rendered":"http:\/\/diariodominicano.ddns.net\/?p=217497"},"modified":"2016-09-20T10:56:17","modified_gmt":"2016-09-20T10:56:17","slug":"acompanamiento-sicologico-a-pacientes-con-cancer-de-mama-aun-tratamiento-pendiente","status":"publish","type":"post","link":"https:\/\/diariodominicano.com\/?p=217497","title":{"rendered":"Acompa\u00f1amiento sicol\u00f3gico a pacientes con c\u00e1ncer de mama a\u00fan tratamiento pendiente"},"content":{"rendered":"<p><body><\/p>\n<p><img decoding=\"async\" src=\"img3\/cancer 20-9.jpg\" \/>  <\/p>\n<p><span class=\"text1noticias\">Santo Domingo, R. D., 20 de septiembre.- Desesperanza, angustia, incredulidad, temor a la muerte, anestesia emocional y shock son algunas de las reacciones que puede manifestar una mujer cuando es detectada con c\u00e1ncer de mam\u00e1. De aqu\u00ed que el tratamiento para acompa\u00f1ar a las pacientes de c\u00e1ncer sea un trabajo conjunto con el doctor onc\u00f3logo y el apoyo de un sic\u00f3logo.<\/span><\/p>\n<p><span class=\"text1noticias\"> <\/span><\/p>\n<p><span class=\"text1noticias\">Durante un operativo organizado por el Patronato Pro-Desarrollo de Haina (PADESHA) con el apoyo del Despacho de la Primera Dama y Max Corredores de Seguros, la sic\u00f3loga, licenciada Nihika Guill\u00e9n Alvarado, enfatiz\u00f3 que el acompa\u00f1amiento sicol\u00f3gico es tanto para la paciente de la enfermedad como para el n\u00facleo familiar completo.<\/span><\/p>\n<p><span class=\"text1noticias\"> <\/span><\/p>\n<p><span class=\"text1noticias\">  \u00abEn el n\u00facleo familiar se presentan cambios de diferentes \u00edndoles:  personal, laboral, espiritual y social y es obligatorio ofrecer asistencia profesional que permita fortalecer la familia para dar el soporte y la ayuda que necesita la paciente de c\u00e1ncer\u00bb, afirm\u00f3 la especialista.<\/span><\/p>\n<p><span class=\"text1noticias\"> <\/span><\/p>\n<p><span class=\"text1noticias\">Guillen Alvarado enfatiz\u00f3 la importancia que juegan los aspectos de prevenci\u00f3n como elementos propensos para el padecimiento de esta enfermedad. El estr\u00e9s, la depresi\u00f3n, transmisi\u00f3n eficaz de informaci\u00f3n, cuidado integral, propiciar un espacio de interacci\u00f3n confiable y abierto, cumplimiento de las prescripciones m\u00e9dicas, y sobre todo el acompa\u00f1amiento emocional adecuado.<\/span><\/p>\n<p><span class=\"text1noticias\"> <\/span><\/p>\n<p><span class=\"text1noticias\">\u00abEl papel del Psico-Onc\u00f3logo facilita la adaptaci\u00f3n de la paciente y de su familia a la enfermedad, intentando promover un adecuado afrontamiento durante todo el proceso. Adicionalmente consigue una buena adherencia al tratamiento, implicando a la paciente en la toma de decisiones\u00bb afirm\u00f3 la  Doctora Guillen.<\/span><\/p>\n<p><span class=\"text1noticias\"> <\/span><\/p>\n<p><span class=\"text1noticias\">El operativo contin\u00fao con la charla del doctor Rafael M\u00e9ndez quien instruy\u00f3 a las participantes sobre como practicarse un auto examen de mama y al finalizar las mujeres pasaron a practicarse la mamograf\u00eda.<\/span><\/p>\n<p><span class=\"text1noticias\"> <\/span><\/p>\n<p><span class=\"text1noticias\">El doctor M\u00e9ndez destac\u00f3 como factores de riesgo para esta enfermedad, menstruaci\u00f3n a edad temprana (antes de los 12 a\u00f1os), menopausia despu\u00e9s de los 55 a\u00f1os, tratamientos previos a la radiaci\u00f3n, uso de Dietiletibestrol (DES) durante el embarazo.<\/span><\/p>\n<p><span class=\"text1noticias\"> <\/span><\/p>\n<p><span class=\"text1noticias\">\u00abNo existen medidas preventivas, pero es curable si se detecta a tiempo. La autoexploraci\u00f3n es la primera norma para enfrentarlo.  Toda mujer debe realizarse un autoexamen una vez al mes, preferiblemente una semana despu\u00e9s de la menstruaci\u00f3n y despu\u00e9s de cumplir 20 a\u00f1os. <\/span><\/p>\n<p><span class=\"text1noticias\"> <\/span><\/p>\n<p><span class=\"text1noticias\"> Se recomienda realizar la primera mamograf\u00eda entre los 35 y 39 a\u00f1os. La mamograf\u00eda debe realizarse cada dos a\u00f1os entre los 40 y 50 a\u00f1os y luego de los 50 debe hacerse una todos los a\u00f1os\u00bb, inform\u00f3 el doctor M\u00e9ndez al centenar de mujeres que participaron en el operativo m\u00e9dico.<\/span><\/p>\n<p><span class=\"text1noticias\"> <\/span><\/p>\n<p><span class=\"text1noticias\">El objetivo de esta iniciativa es promover la salud preventiva de la poblaci\u00f3n femenina de escasos recursos del pa\u00eds, a trav\u00e9s de jornadas educativas y de la asistencia m\u00e9dica en el diagn\u00f3stico temprano y el tratamiento del c\u00e1ncer de mama.<\/span><\/p>\n<p><span class=\"text1noticias\"> <\/span><\/p>\n<p><span class=\"text1noticias\">Este proyecto consta de ocho pasos que inicia con la pr\u00e1ctica de la  mamograf\u00eda, seguimiento y evaluaci\u00f3n permanente a las pacientes que salgan con evidencias de alg\u00fan tipo de anormalidad en las mamas, luego se procede hacer una biopsia y en caso de que el paciente salga positivo se contin\u00faa con el acompa\u00f1amiento completo incluyendo la extracci\u00f3n de mamas en caso de ser necesario.<\/span><\/p>\n<p><span class=\"text1noticias\"> <\/span><\/p>\n<p><span class=\"text1noticias\">\u00abEl hecho de que el 70% de los casos de c\u00e1ncer de mama en el pa\u00eds son detectados en  etapa muy avanzada, fue lo que nos motiv\u00f3 como empresa apoyar esta iniciativa que realiza el Despacho, pues en definitiva es urgente desarrollar programas de prevenci\u00f3n y educaci\u00f3n en la poblaci\u00f3n\u00bb, afirm\u00f3 Jeannidalia Grull\u00f3n presidente de la empresa de corretaje de seguros.<\/span><\/p>\n<p><span class=\"text1noticias\"> <\/span><\/p>\n<p><span class=\"text1noticias\">En este operativo liderado por el Despacho de la Primera Dama participan 10 hospitales en Santo Domingo, 10 en el interior del pa\u00eds y 3 unidades m\u00f3viles.. <\/span><\/p>\n<p><span class=\"text1noticias\"> <\/span><\/p>\n<p><span class=\"text1noticias\"> El mismo tiene un impacto anual  cerca de 40 mil mujeres. En promedio por cada 400 mujeres que se practican el examen sale un caso con diagn\u00f3stico. Este es el c\u00e1ncer con mayor incidencia en la poblaci\u00f3n femenina.<\/span><\/p>\n<p><span class=\"text1noticias\"> <\/span><\/p>\n<p><span class=\"text1noticias\">Entre los 40-50 a\u00f1os es el  rango de edad donde se detectan el mayor \u00edndice de  mortalidad por causa de este tipo de c\u00e1ncer, que regularmente hace met\u00e1stasis en los pulmones h\u00edgado y ri\u00f1ones<\/span>.<\/p>\n<\/p>\n<h6> 2016-09-20 10:56:17 <\/h6>\n<p><!--\n<link rel=\"stylesheet\" href=\"css\/bootstrap.min.css\">\n\n\n<ul class=\"pagination\">\n\t    \n\t\n\n<li >\n\t<a href='?page_no=12011'>Previous<\/a>\n\t<\/li>\n\n\n       \n    \n\n<li><a href='?page_no=1'>1<\/a><\/li>\n\n\n\n<li><a href='?page_no=2'>2<\/a><\/li>\n\n\n\n<li><a>...<\/a><\/li>\n\n\n\n<li><a href='?page_no=12010'>12010<\/a><\/li>\n\n\n\n<li><a href='?page_no=12011'>12011<\/a><\/li>\n\n\n\n<li class='active'><a>12012<\/a><\/li>\n\n\n\n<li><a href='?page_no=12013'>12013<\/a><\/li>\n\n\n\n<li><a href='?page_no=12014'>12014<\/a><\/li>\n\n\n\n<li><a>...<\/a><\/li>\n\n\n\n<li><a href='?page_no=56169'>56169<\/a><\/li>\n\n\n\n<li><a href='?page_no=56170'>56170<\/a><\/li>\n\n    \n\t\n\n<li >\n\t<a href='?page_no=12013'>Next<\/a>\n\t<\/li>\n\n\n    \n\n<li><a href='?page_no=56170'>Last &rsaquo;&rsaquo;<\/a><\/li>\n\n<\/ul>\n\n\n--><br \/>\n<\/body><\/p>\n","protected":false},"excerpt":{"rendered":"<p>Santo Domingo, R. D., 20 de septiembre.- Desesperanza, angustia, incredulidad, temor a la muerte, anestesia emocional y shock son algunas de las reacciones que puede manifestar una mujer cuando es detectada con c\u00e1ncer de mam\u00e1. De aqu\u00ed que el tratamiento para acompa\u00f1ar a las pacientes de c\u00e1ncer sea un trabajo conjunto con el doctor onc\u00f3logo [&hellip;]<\/p>\n","protected":false},"author":3,"featured_media":0,"comment_status":"open","ping_status":"open","sticky":false,"template":"","format":"standard","meta":{"footnotes":""},"categories":[20],"tags":[],"class_list":["post-217497","post","type-post","status-publish","format-standard","hentry","category-dominicana-hoy"],"_links":{"self":[{"href":"https:\/\/diariodominicano.com\/index.php?rest_route=\/wp\/v2\/posts\/217497","targetHints":{"allow":["GET"]}}],"collection":[{"href":"https:\/\/diariodominicano.com\/index.php?rest_route=\/wp\/v2\/posts"}],"about":[{"href":"https:\/\/diariodominicano.com\/index.php?rest_route=\/wp\/v2\/types\/post"}],"author":[{"embeddable":true,"href":"https:\/\/diariodominicano.com\/index.php?rest_route=\/wp\/v2\/users\/3"}],"replies":[{"embeddable":true,"href":"https:\/\/diariodominicano.com\/index.php?rest_route=%2Fwp%2Fv2%2Fcomments&post=217497"}],"version-history":[{"count":0,"href":"https:\/\/diariodominicano.com\/index.php?rest_route=\/wp\/v2\/posts\/217497\/revisions"}],"wp:attachment":[{"href":"https:\/\/diariodominicano.com\/index.php?rest_route=%2Fwp%2Fv2%2Fmedia&parent=217497"}],"wp:term":[{"taxonomy":"category","embeddable":true,"href":"https:\/\/diariodominicano.com\/index.php?rest_route=%2Fwp%2Fv2%2Fcategories&post=217497"},{"taxonomy":"post_tag","embeddable":true,"href":"https:\/\/diariodominicano.com\/index.php?rest_route=%2Fwp%2Fv2%2Ftags&post=217497"}],"curies":[{"name":"wp","href":"https:\/\/api.w.org\/{rel}","templated":true}]}}