{"id":217496,"date":"2016-09-20T11:11:02","date_gmt":"2016-09-20T11:11:02","guid":{"rendered":"http:\/\/diariodominicano.ddns.net\/?p=217496"},"modified":"2016-09-20T11:11:02","modified_gmt":"2016-09-20T11:11:02","slug":"ministro-montas-posesiona-alma-fernandez-como-directora-de-proindustria","status":"publish","type":"post","link":"https:\/\/diariodominicano.com\/?p=217496","title":{"rendered":"Ministro Mont\u00e1s posesiona Alma Fern\u00e1ndez como directora de Proindustria"},"content":{"rendered":"<p><body><\/p>\n<p><img decoding=\"async\" src=\"img3\/montaz 20-9.jpg\" \/>  <\/p>\n<p><span class=\"text1noticias\">Santo Domingo, R. D., 20 de septiembre.- El Ministro de Industria y Comercio, ingeniero Tem\u00edstocles Mont\u00e1s, posesion\u00f3 ayer a la arquitecta Alma Fern\u00e1ndez como directora ejecutiva del Centro de Desarrollo y Competitividad Industrial (Proindustria), quien se comprometi\u00f3 a trabajar en consonancia con los intereses de la naci\u00f3n y del Presidente de la Rep\u00fablica.<\/span><\/p>\n<p><span class=\"text1noticias\"> <\/span><\/p>\n<p><span class=\"text1noticias\">El acto se celebr\u00f3 en horas de la tarde del lunes en el local de la instituci\u00f3n en la Plaza de la Bandera, en la avenida 27 de Febrero en presencia de la directora saliente Alexandra Izquierdo, quien en lo adelante ocupa la direcci\u00f3n de la Oficina Nacional de Estad\u00edsticas (ONE).<\/span><\/p>\n<p><span class=\"text1noticias\"> <\/span><\/p>\n<p><span class=\"text1noticias\">\u00abEstamos aqu\u00ed para seguir avanzado, pues siempre hay la posibilidad de hacer algo nuevo. A los funcionarios les digo que estar\u00e9 aqu\u00ed escuchando sus consejos, espero que podamos tener una buena relaci\u00f3n de trabajo, en un clima de amistad y familiaridad, lo que permite que las cosas salgan mejor\u00bb, expres\u00f3 Fern\u00e1ndez en presencia de los miembros del Consejo Directivo de Proindustria y funcionarios y empleados de la instituci\u00f3n, inform\u00f3 la Direcci\u00f3n de Comunicaciones del MIC.<\/span><\/p>\n<p><span class=\"text1noticias\"> <\/span><\/p>\n<p><span class=\"text1noticias\">Tras resaltar la importancia de Proindustria para el Gobierno del Presidente Medina, el ministro Mont\u00e1s exhort\u00f3 a la arquitecta Fern\u00e1ndez a realizar una labor de grandes resultados al frente de la entidad que promueve el desarrollo competitivo de la industria manufacturera nacional.<\/span><\/p>\n<p><span class=\"text1noticias\"> <\/span><\/p>\n<p><span class=\"text1noticias\">\u00abPara este Gobierno es fundamental facilitar las actividades industriales porque est\u00e1 comprobado que la industria genera empleos de calidad. <\/span><\/p>\n<p><span class=\"text1noticias\"> <\/span><\/p>\n<p><span class=\"text1noticias\">Por tanto, desde el Estado hay toda una voluntad en la direcci\u00f3n de apoyar las pol\u00edticas que se orienten a que la industria dominicana avance\u00bb, subray\u00f3 el titular de Industria y Comercio.<\/span><\/p>\n<p><span class=\"text1noticias\">Asimismo, Mont\u00e1s reconoci\u00f3 el trabajo que realiz\u00f3 la directora saliente, Alexandra Izquierdo, al frente de la entidad.<\/span><\/p>\n<p><span class=\"text1noticias\"> <\/span><\/p>\n<p><span class=\"text1noticias\"> \u00abDurante estos a\u00f1os al frente de Proindustria, Alexandra coloc\u00f3 a la instituci\u00f3n en un lugar de importancia; en su gesti\u00f3n se estableci\u00f3 un v\u00ednculo muy estrecho con la Asociaci\u00f3n de Industria de la Rep\u00fablica Dominicana\u00bb, agreg\u00f3 Mont\u00e1s.<\/span><\/p>\n<p><span class=\"text1noticias\"> <\/span><\/p>\n<p><span class=\"text1noticias\">De su lado, Izquierdo dio las gracias a Dios por los casi cinco a\u00f1os de su gesti\u00f3n al frente de la entidad y al Presidente Danilo Medina por haber confiado en ella. \u00abHemos tratado al m\u00e1ximo de cumplir con su partitura, de hacer las cosas de acuerdo a los que con sus lineamientos\u00bb.<\/span><\/p>\n<p><span class=\"text1noticias\"> <\/span><\/p>\n<p><span class=\"text1noticias\">Resalt\u00f3 el apoyo del Consejo Directivo y el trabajo desempe\u00f1ado por el equipo que le acompa\u00f1\u00f3. \u00abEste quipo nos dio su apoyo, ha sido profesional, honesto, se ha entregado, acompa\u00f1\u00e1ndonos a lo que podemos decir hoy, que ha sido una gesti\u00f3n con buenos logros\u00bb.<\/span><\/p>\n<p><span class=\"text1noticias\"> <\/span><\/p>\n<p><span class=\"text1noticias\">Entre los miembros del Consejo Directivo que estuvieron presentes figuran Circe Alm\u00e1nzar, de la Asociaci\u00f3n de Industrias de la Rep\u00fablica Dominicana; Issachart Burgos, de la Confederaci\u00f3n<\/span><\/p>\n<p><span class=\"text1noticias\"> <\/span><\/p>\n<p><span class=\"text1noticias\">Dominicana de la Peque\u00f1a y Mediana Empresa (CODOPYME); \u00c1lvaro Sousa, de la Asociaci\u00f3n Dominicana de Exportadores (ADOEXPO); Ricardo P\u00e9rez, de la Asociaci\u00f3n Dominicana de Zonas Francas (ADOZONA); y Luisa Fern\u00e1ndez, del Consejo Nacional de Zonas Francas de Exp<\/span>ortaci\u00f3n.<\/p>\n<h6> 2016-09-20 11:11:02 <\/h6>\n<p><!--\n<link rel=\"stylesheet\" href=\"css\/bootstrap.min.css\">\n\n\n<ul class=\"pagination\">\n\t    \n\t\n\n<li >\n\t<a href='?page_no=12010'>Previous<\/a>\n\t<\/li>\n\n\n       \n    \n\n<li><a href='?page_no=1'>1<\/a><\/li>\n\n\n\n<li><a href='?page_no=2'>2<\/a><\/li>\n\n\n\n<li><a>...<\/a><\/li>\n\n\n\n<li><a href='?page_no=12009'>12009<\/a><\/li>\n\n\n\n<li><a href='?page_no=12010'>12010<\/a><\/li>\n\n\n\n<li class='active'><a>12011<\/a><\/li>\n\n\n\n<li><a href='?page_no=12012'>12012<\/a><\/li>\n\n\n\n<li><a href='?page_no=12013'>12013<\/a><\/li>\n\n\n\n<li><a>...<\/a><\/li>\n\n\n\n<li><a href='?page_no=56169'>56169<\/a><\/li>\n\n\n\n<li><a href='?page_no=56170'>56170<\/a><\/li>\n\n    \n\t\n\n<li >\n\t<a href='?page_no=12012'>Next<\/a>\n\t<\/li>\n\n\n    \n\n<li><a href='?page_no=56170'>Last &rsaquo;&rsaquo;<\/a><\/li>\n\n<\/ul>\n\n\n--><br \/>\n<\/body><\/p>\n","protected":false},"excerpt":{"rendered":"<p>Santo Domingo, R. D., 20 de septiembre.- El Ministro de Industria y Comercio, ingeniero Tem\u00edstocles Mont\u00e1s, posesion\u00f3 ayer a la arquitecta Alma Fern\u00e1ndez como directora ejecutiva del Centro de Desarrollo y Competitividad Industrial (Proindustria), quien se comprometi\u00f3 a trabajar en consonancia con los intereses de la naci\u00f3n y del Presidente de la Rep\u00fablica. El acto [&hellip;]<\/p>\n","protected":false},"author":3,"featured_media":0,"comment_status":"open","ping_status":"open","sticky":false,"template":"","format":"standard","meta":{"footnotes":""},"categories":[20],"tags":[],"class_list":["post-217496","post","type-post","status-publish","format-standard","hentry","category-dominicana-hoy"],"_links":{"self":[{"href":"https:\/\/diariodominicano.com\/index.php?rest_route=\/wp\/v2\/posts\/217496","targetHints":{"allow":["GET"]}}],"collection":[{"href":"https:\/\/diariodominicano.com\/index.php?rest_route=\/wp\/v2\/posts"}],"about":[{"href":"https:\/\/diariodominicano.com\/index.php?rest_route=\/wp\/v2\/types\/post"}],"author":[{"embeddable":true,"href":"https:\/\/diariodominicano.com\/index.php?rest_route=\/wp\/v2\/users\/3"}],"replies":[{"embeddable":true,"href":"https:\/\/diariodominicano.com\/index.php?rest_route=%2Fwp%2Fv2%2Fcomments&post=217496"}],"version-history":[{"count":0,"href":"https:\/\/diariodominicano.com\/index.php?rest_route=\/wp\/v2\/posts\/217496\/revisions"}],"wp:attachment":[{"href":"https:\/\/diariodominicano.com\/index.php?rest_route=%2Fwp%2Fv2%2Fmedia&parent=217496"}],"wp:term":[{"taxonomy":"category","embeddable":true,"href":"https:\/\/diariodominicano.com\/index.php?rest_route=%2Fwp%2Fv2%2Fcategories&post=217496"},{"taxonomy":"post_tag","embeddable":true,"href":"https:\/\/diariodominicano.com\/index.php?rest_route=%2Fwp%2Fv2%2Ftags&post=217496"}],"curies":[{"name":"wp","href":"https:\/\/api.w.org\/{rel}","templated":true}]}}