{"id":217495,"date":"2016-09-20T15:41:57","date_gmt":"2016-09-20T15:41:57","guid":{"rendered":"http:\/\/diariodominicano.ddns.net\/?p=217495"},"modified":"2016-09-20T15:41:57","modified_gmt":"2016-09-20T15:41:57","slug":"presidente-medina-designa-delegacion-representara-al-pais-en-asamblea-oaci","status":"publish","type":"post","link":"https:\/\/diariodominicano.com\/?p=217495","title":{"rendered":"&#13;Presidente Medina designa delegaci\u00f3n representar\u00e1 al pa\u00eds en asamblea OACI"},"content":{"rendered":"<p><body><\/p>\n<p><img decoding=\"async\" src=\"img3\/IDACFOTO.JPG\" \/>  <\/p>\n<\/p>\n<\/p>\n<p>Santo Domingo. RD, 20 de septiembre.-  El Poder Ejecutivo design\u00f3 la delegaci\u00f3n que representar\u00e1 al pa\u00eds en el 39\u00ba per\u00edodo de sesiones de la Asamblea General de la Organizaci\u00f3n de Aviaci\u00f3n Civil Internacional (OACI), a celebrarse en Montreal, Canad\u00e1, del 27 de septiembre al 7 de octubre de este a\u00f1o.<\/p>\n<\/p>\n<p>La iniciativa est\u00e1 contenida en el decreto 259-16 emitido el pasado s\u00e1bado 17 y dado a conocer este lunes 19.<\/p>\n<\/p>\n<p>Encabezar\u00e1 la comitiva el director general del Instituto Dominicano de Aviaci\u00f3n Civil (IDAC), Dr. Alejandro Herrera, en su calidad de jefe de la delegaci\u00f3n que representar\u00e1 al pa\u00eds en dicho evento, tal y como se hace constar en el primero de los art\u00edculos del decreto rubricado por el presidente Danilo Medina.<\/p>\n<\/p>\n<p>De la misma tambi\u00e9n, formar\u00e1n parte de la comitiva: Santiago Rosa Mart\u00ednez, subdirector general del IDAC; Luis Ernesto Camilo, presidente de la Junta de Aviaci\u00f3n Civil (JAC); el general Aracenis Castillo, director del Cuerpo Especializado en Seguridad Aeroportuaria y de la Aviaci\u00f3n Civil (CESAC); y el embajador Carlos Veras, representante permanente de Rep\u00fablica Dominicana ante la OACI.<\/p>\n<\/p>\n<p>La OACI ha notificado a los Estados miembros la convocatoria al trig\u00e9simo noveno per\u00edodo de sesiones de su asamblea, programado para inaugurarse el d\u00eda 27 del mes en curso en su sede en Montreal.<\/p>\n<\/p>\n<p>La asamblea de la OACI es su \u00f3rgano soberano, y se re\u00fane como m\u00ednimo una vez cada tres a\u00f1os por convocatoria del Consejo, que es el \u00f3rgano rector de ese organismo.<\/p>\n<\/p>\n<p>Durante las sesiones de la asamblea se examina en detalle el programa de trabajo completo de la OACI en los \u00e1mbitos t\u00e9cnico, econ\u00f3mico, jur\u00eddico y de cooperaci\u00f3n t\u00e9cnica, y los resultados son remitidos a los dem\u00e1s \u00f3rganos de la OACI y a sus Estados miembros para orientar su trabajo en curso y futuro, conforme a lo previsto en el Art\u00edculo 49 del Convenio sobre Aviaci\u00f3n Civil Internacional.<\/p>\n<h6> 2016-09-20 15:41:57 <\/h6>\n<p><!--\n<link rel=\"stylesheet\" href=\"css\/bootstrap.min.css\">\n\n\n<ul class=\"pagination\">\n\t    \n\t\n\n<li >\n\t<a href='?page_no=12009'>Previous<\/a>\n\t<\/li>\n\n\n       \n    \n\n<li><a href='?page_no=1'>1<\/a><\/li>\n\n\n\n<li><a href='?page_no=2'>2<\/a><\/li>\n\n\n\n<li><a>...<\/a><\/li>\n\n\n\n<li><a href='?page_no=12008'>12008<\/a><\/li>\n\n\n\n<li><a href='?page_no=12009'>12009<\/a><\/li>\n\n\n\n<li class='active'><a>12010<\/a><\/li>\n\n\n\n<li><a href='?page_no=12011'>12011<\/a><\/li>\n\n\n\n<li><a href='?page_no=12012'>12012<\/a><\/li>\n\n\n\n<li><a>...<\/a><\/li>\n\n\n\n<li><a href='?page_no=56169'>56169<\/a><\/li>\n\n\n\n<li><a href='?page_no=56170'>56170<\/a><\/li>\n\n    \n\t\n\n<li >\n\t<a href='?page_no=12011'>Next<\/a>\n\t<\/li>\n\n\n    \n\n<li><a href='?page_no=56170'>Last &rsaquo;&rsaquo;<\/a><\/li>\n\n<\/ul>\n\n\n--><br \/>\n<\/body><\/p>\n","protected":false},"excerpt":{"rendered":"<p>Santo Domingo. RD, 20 de septiembre.- El Poder Ejecutivo design\u00f3 la delegaci\u00f3n que representar\u00e1 al pa\u00eds en el 39\u00ba per\u00edodo de sesiones de la Asamblea General de la Organizaci\u00f3n de Aviaci\u00f3n Civil Internacional (OACI), a celebrarse en Montreal, Canad\u00e1, del 27 de septiembre al 7 de octubre de este a\u00f1o. La iniciativa est\u00e1 contenida en [&hellip;]<\/p>\n","protected":false},"author":3,"featured_media":0,"comment_status":"open","ping_status":"open","sticky":false,"template":"","format":"standard","meta":{"footnotes":""},"categories":[20],"tags":[],"class_list":["post-217495","post","type-post","status-publish","format-standard","hentry","category-dominicana-hoy"],"_links":{"self":[{"href":"https:\/\/diariodominicano.com\/index.php?rest_route=\/wp\/v2\/posts\/217495","targetHints":{"allow":["GET"]}}],"collection":[{"href":"https:\/\/diariodominicano.com\/index.php?rest_route=\/wp\/v2\/posts"}],"about":[{"href":"https:\/\/diariodominicano.com\/index.php?rest_route=\/wp\/v2\/types\/post"}],"author":[{"embeddable":true,"href":"https:\/\/diariodominicano.com\/index.php?rest_route=\/wp\/v2\/users\/3"}],"replies":[{"embeddable":true,"href":"https:\/\/diariodominicano.com\/index.php?rest_route=%2Fwp%2Fv2%2Fcomments&post=217495"}],"version-history":[{"count":0,"href":"https:\/\/diariodominicano.com\/index.php?rest_route=\/wp\/v2\/posts\/217495\/revisions"}],"wp:attachment":[{"href":"https:\/\/diariodominicano.com\/index.php?rest_route=%2Fwp%2Fv2%2Fmedia&parent=217495"}],"wp:term":[{"taxonomy":"category","embeddable":true,"href":"https:\/\/diariodominicano.com\/index.php?rest_route=%2Fwp%2Fv2%2Fcategories&post=217495"},{"taxonomy":"post_tag","embeddable":true,"href":"https:\/\/diariodominicano.com\/index.php?rest_route=%2Fwp%2Fv2%2Ftags&post=217495"}],"curies":[{"name":"wp","href":"https:\/\/api.w.org\/{rel}","templated":true}]}}