{"id":217493,"date":"2016-09-20T16:14:23","date_gmt":"2016-09-20T16:14:23","guid":{"rendered":"http:\/\/diariodominicano.ddns.net\/?p=217493"},"modified":"2016-09-20T16:14:23","modified_gmt":"2016-09-20T16:14:23","slug":"sns-considera-control-mosquito-del-virus-de-mayaro-implica-trabajo-intersectorial","status":"publish","type":"post","link":"https:\/\/diariodominicano.com\/?p=217493","title":{"rendered":"&#13;SNS considera control mosquito del virus de Mayaro implica trabajo intersectorial"},"content":{"rendered":"<p><body><\/p>\n<p><img decoding=\"async\" src=\"img3\/SNS.JPG\" \/>  <\/p>\n<\/p>\n<p><strong> <\/strong><\/p>\n<p><strong><span class=\"text1noticias\">Santo Domingo, RD, 20 de septiembre.-<\/span><\/strong><span class=\"text1noticias\">Ante la inminencia de la llegada al pa\u00eds del virus de Mayaro, recientemente detectado en un paciente en Hait\u00ed, el titular del Servicio Nacional de Salud (SNS) consider\u00f3 hoy que controlar el mosquito  Aedes aegypti, que lo produce, debe traducirse en un trabajo intersectorial e interinstitucional.<\/span><\/p>\n<\/p>\n<p><span class=\"text1noticias\">Sobre las previsiones que debe tener la poblaci\u00f3n ante la amenaza del virus, el doctor Nelson Rodr\u00edguez Monegro  resalt\u00f3 que son las mismas que se emplean para combatir el dengue, el zika y la chikungunya y que su control depender\u00e1 de los famosos determinantes sociales.<\/span><\/p>\n<\/p>\n<p><span class=\"text1noticias\">Entrevistado este martes por los periodistas Huchi Lora y Amelia Deschamps en el programa \u00abEl D\u00eda\u00bb, de Telesistema, canal 11, el incumbente adujo que pese a los esfuerzos que pudieran desplegarse, el mosquito tiene una capacidad de vuelo que va de 300 a 400 metros.<\/span><\/p>\n<\/p>\n<p><span class=\"text1noticias\">Indic\u00f3 que las barricas son los utensilios que con mayor frecuencia se infectan de larvas de mosquitos que pueden producir de 80 a 120 mosquitos diarios de los cuales la mitad son hembras que son las que pican, porque necesitan la sangre para la reproducci\u00f3n.<\/span><\/p>\n<\/p>\n<p><span class=\"text1noticias\">El virus de Mayaro que es com\u00fan en zonas tropicales de Sudam\u00e9rica, entre sus afecciones produce fiebres, inflamaciones, prolongados dolores en las articulaciones, los ojos y erupciones en la piel.<\/span><\/p>\n<\/p>\n<p><span class=\"text1noticias\">Sobre la inversi\u00f3n en salud<\/span><\/p>\n<\/p>\n<p><span class=\"text1noticias\">Aunque admiti\u00f3 que el sistema de salud y los hospitales  requieren mayor inversi\u00f3n, Rodr\u00edguez Monegro plante\u00f3 que tambi\u00e9n requieren una mejor gesti\u00f3n.<\/span><\/p>\n<\/p>\n<p><span class=\"text1noticias\">Sostuvo que dentro del proceso de reforma del sector salud,  por primera vez los directores de los hospitales se van a contratar por concurso y eso implica un perfil dentro de los cuales est\u00e1 que tengan estudios en gesti\u00f3n hospitalaria, gesti\u00f3n en salud, de modo que necesariamente no ser\u00e1 un m\u00e9dico.<\/span><\/p>\n<\/p>\n<p><span class=\"text1noticias\">Seg\u00fan explic\u00f3, el perfil para ocupar el puesto puede ser el de un administrador de empresas, economista o ingeniero industrial, siempre y cuando ese profesional tenga estudios en gesti\u00f3n en salud.<\/span><\/p>\n<\/p>\n<p><span class=\"text1noticias\">Asegur\u00f3 que esa disposici\u00f3n va a mejorar la gesti\u00f3n y que el SNS tambi\u00e9n se enfocar\u00e1 en fortalecer la parte administrativa que a su juicio tiene que ser profesionalizada porque en muchos hospitales hay administradores que no tienen competencia para esa parte.<\/span><\/p>\n<h6> 2016-09-20 16:14:23 <\/h6>\n<p><!--\n<link rel=\"stylesheet\" href=\"css\/bootstrap.min.css\">\n\n\n<ul class=\"pagination\">\n\t    \n\t\n\n<li >\n\t<a href='?page_no=12008'>Previous<\/a>\n\t<\/li>\n\n\n       \n    \n\n<li><a href='?page_no=1'>1<\/a><\/li>\n\n\n\n<li><a href='?page_no=2'>2<\/a><\/li>\n\n\n\n<li><a>...<\/a><\/li>\n\n\n\n<li><a href='?page_no=12007'>12007<\/a><\/li>\n\n\n\n<li><a href='?page_no=12008'>12008<\/a><\/li>\n\n\n\n<li class='active'><a>12009<\/a><\/li>\n\n\n\n<li><a href='?page_no=12010'>12010<\/a><\/li>\n\n\n\n<li><a href='?page_no=12011'>12011<\/a><\/li>\n\n\n\n<li><a>...<\/a><\/li>\n\n\n\n<li><a href='?page_no=56169'>56169<\/a><\/li>\n\n\n\n<li><a href='?page_no=56170'>56170<\/a><\/li>\n\n    \n\t\n\n<li >\n\t<a href='?page_no=12010'>Next<\/a>\n\t<\/li>\n\n\n    \n\n<li><a href='?page_no=56170'>Last &rsaquo;&rsaquo;<\/a><\/li>\n\n<\/ul>\n\n\n--><br \/>\n<\/body><\/p>\n","protected":false},"excerpt":{"rendered":"<p>Santo Domingo, RD, 20 de septiembre.-Ante la inminencia de la llegada al pa\u00eds del virus de Mayaro, recientemente detectado en un paciente en Hait\u00ed, el titular del Servicio Nacional de Salud (SNS) consider\u00f3 hoy que controlar el mosquito Aedes aegypti, que lo produce, debe traducirse en un trabajo intersectorial e interinstitucional. Sobre las previsiones que [&hellip;]<\/p>\n","protected":false},"author":3,"featured_media":0,"comment_status":"open","ping_status":"open","sticky":false,"template":"","format":"standard","meta":{"footnotes":""},"categories":[20],"tags":[],"class_list":["post-217493","post","type-post","status-publish","format-standard","hentry","category-dominicana-hoy"],"_links":{"self":[{"href":"https:\/\/diariodominicano.com\/index.php?rest_route=\/wp\/v2\/posts\/217493","targetHints":{"allow":["GET"]}}],"collection":[{"href":"https:\/\/diariodominicano.com\/index.php?rest_route=\/wp\/v2\/posts"}],"about":[{"href":"https:\/\/diariodominicano.com\/index.php?rest_route=\/wp\/v2\/types\/post"}],"author":[{"embeddable":true,"href":"https:\/\/diariodominicano.com\/index.php?rest_route=\/wp\/v2\/users\/3"}],"replies":[{"embeddable":true,"href":"https:\/\/diariodominicano.com\/index.php?rest_route=%2Fwp%2Fv2%2Fcomments&post=217493"}],"version-history":[{"count":0,"href":"https:\/\/diariodominicano.com\/index.php?rest_route=\/wp\/v2\/posts\/217493\/revisions"}],"wp:attachment":[{"href":"https:\/\/diariodominicano.com\/index.php?rest_route=%2Fwp%2Fv2%2Fmedia&parent=217493"}],"wp:term":[{"taxonomy":"category","embeddable":true,"href":"https:\/\/diariodominicano.com\/index.php?rest_route=%2Fwp%2Fv2%2Fcategories&post=217493"},{"taxonomy":"post_tag","embeddable":true,"href":"https:\/\/diariodominicano.com\/index.php?rest_route=%2Fwp%2Fv2%2Ftags&post=217493"}],"curies":[{"name":"wp","href":"https:\/\/api.w.org\/{rel}","templated":true}]}}