{"id":217492,"date":"2016-09-20T16:38:56","date_gmt":"2016-09-20T16:38:56","guid":{"rendered":"http:\/\/diariodominicano.ddns.net\/?p=217492"},"modified":"2016-09-20T16:38:56","modified_gmt":"2016-09-20T16:38:56","slug":"danilo-medina-en-onu-a-trabajar-unidos-para-llevar-soluciones-a-quienes-mas-necesitan","status":"publish","type":"post","link":"https:\/\/diariodominicano.com\/?p=217492","title":{"rendered":"Danilo Medina en ONU: A trabajar unidos para llevar soluciones a quienes m\u00e1s necesitan"},"content":{"rendered":"<p><body><\/p>\n<p><img decoding=\"async\" src=\"img3\/daniloonu.jpg\" \/>  <\/p>\n<\/p>\n<p><strong> <\/strong><\/p>\n<p><strong> <\/strong><\/p>\n<p><strong>Nueva York, 20 de septiembre.<\/strong>&#8211; Danilo Medina particip\u00f3 hoy en el inicio del septuag\u00e9simo primer periodo de sesiones de la ONU. <\/p>\n<\/p>\n<p>El Presidente tiene previsto una intervenci\u00f3n ma\u00f1ana, en la que plantear\u00e1 temas de inter\u00e9s para el pa\u00eds.<\/p>\n<\/p>\n<p>\u00abNos complace ser parte de la 71va. #UNGA. Venimos con el firme prop\u00f3sito de trabajar unidos, para llevar soluciones a quienes m\u00e1s necesitan\u00bb. Fue parte del mensaje del Presidente dominicano a trav\u00e9s de su cuenta de Twitter,@DaniloMedina.<\/p>\n<\/p>\n<p>Encuentros y bilaterales<\/p>\n<\/p>\n<p>El presidente Danilo Medina sostendr\u00e1 una apretada agenda de trabajo en el marco de esta participaci\u00f3n en la ONU.<\/p>\n<\/p>\n<p>Incluye bilaterales con otros jefes de Estado y de Gobierno. Igualmente, con la Comunidad de Estados Latinoamericanos y Caribe\u00f1os, de la cual ocupa la Presidencia Pro-T\u00e9mpore. Del mismo modo, con varias agencias del sistema de Naciones Unidas y otros organismos internacionales.<\/p>\n<\/p>\n<p>\u00abTenemos una amplia agenda de reuniones bilaterales para abrir nuevos caminos de cooperaci\u00f3n y oportunidades para la Rep\u00fablica Dominicana\u00bb, expres\u00f3 el Gobernante.<\/p>\n<p>Danilo Medina en ONU: A trabajar unidos para llevar soluciones a quienes m\u00e1s necesitan<\/p>\n<\/p>\n<p>Este d\u00eda el presidente de Estados Unidos, Barack Obama, tuvo una intervenci\u00f3n en el c\u00f3nclave. All\u00ed expres\u00f3 en un contexto de integraci\u00f3n mundial, que la econom\u00eda global tiene que ser mejor para todos.<\/p>\n<\/p>\n<p>De igual modo que hoy las naciones no pueden encerrarse en sus propias murallas. El camino es a la integraci\u00f3n. \u00abLa integraci\u00f3n de la econom\u00eda global hoy ha mejorado la vida de millones de seres humanos\u00bb apostill\u00f3 Barack Obama.<\/p>\n<h6> 2016-09-20 16:38:56 <\/h6>\n<p><!--\n<link rel=\"stylesheet\" href=\"css\/bootstrap.min.css\">\n\n\n<ul class=\"pagination\">\n\t    \n\t\n\n<li >\n\t<a href='?page_no=12007'>Previous<\/a>\n\t<\/li>\n\n\n       \n    \n\n<li><a href='?page_no=1'>1<\/a><\/li>\n\n\n\n<li><a href='?page_no=2'>2<\/a><\/li>\n\n\n\n<li><a>...<\/a><\/li>\n\n\n\n<li><a href='?page_no=12006'>12006<\/a><\/li>\n\n\n\n<li><a href='?page_no=12007'>12007<\/a><\/li>\n\n\n\n<li class='active'><a>12008<\/a><\/li>\n\n\n\n<li><a href='?page_no=12009'>12009<\/a><\/li>\n\n\n\n<li><a href='?page_no=12010'>12010<\/a><\/li>\n\n\n\n<li><a>...<\/a><\/li>\n\n\n\n<li><a href='?page_no=56169'>56169<\/a><\/li>\n\n\n\n<li><a href='?page_no=56170'>56170<\/a><\/li>\n\n    \n\t\n\n<li >\n\t<a href='?page_no=12009'>Next<\/a>\n\t<\/li>\n\n\n    \n\n<li><a href='?page_no=56170'>Last &rsaquo;&rsaquo;<\/a><\/li>\n\n<\/ul>\n\n\n--><br \/>\n<\/body><\/p>\n","protected":false},"excerpt":{"rendered":"<p>Nueva York, 20 de septiembre.&#8211; Danilo Medina particip\u00f3 hoy en el inicio del septuag\u00e9simo primer periodo de sesiones de la ONU. El Presidente tiene previsto una intervenci\u00f3n ma\u00f1ana, en la que plantear\u00e1 temas de inter\u00e9s para el pa\u00eds. \u00abNos complace ser parte de la 71va. #UNGA. Venimos con el firme prop\u00f3sito de trabajar unidos, para [&hellip;]<\/p>\n","protected":false},"author":3,"featured_media":0,"comment_status":"open","ping_status":"open","sticky":false,"template":"","format":"standard","meta":{"footnotes":""},"categories":[20],"tags":[],"class_list":["post-217492","post","type-post","status-publish","format-standard","hentry","category-dominicana-hoy"],"_links":{"self":[{"href":"https:\/\/diariodominicano.com\/index.php?rest_route=\/wp\/v2\/posts\/217492","targetHints":{"allow":["GET"]}}],"collection":[{"href":"https:\/\/diariodominicano.com\/index.php?rest_route=\/wp\/v2\/posts"}],"about":[{"href":"https:\/\/diariodominicano.com\/index.php?rest_route=\/wp\/v2\/types\/post"}],"author":[{"embeddable":true,"href":"https:\/\/diariodominicano.com\/index.php?rest_route=\/wp\/v2\/users\/3"}],"replies":[{"embeddable":true,"href":"https:\/\/diariodominicano.com\/index.php?rest_route=%2Fwp%2Fv2%2Fcomments&post=217492"}],"version-history":[{"count":0,"href":"https:\/\/diariodominicano.com\/index.php?rest_route=\/wp\/v2\/posts\/217492\/revisions"}],"wp:attachment":[{"href":"https:\/\/diariodominicano.com\/index.php?rest_route=%2Fwp%2Fv2%2Fmedia&parent=217492"}],"wp:term":[{"taxonomy":"category","embeddable":true,"href":"https:\/\/diariodominicano.com\/index.php?rest_route=%2Fwp%2Fv2%2Fcategories&post=217492"},{"taxonomy":"post_tag","embeddable":true,"href":"https:\/\/diariodominicano.com\/index.php?rest_route=%2Fwp%2Fv2%2Ftags&post=217492"}],"curies":[{"name":"wp","href":"https:\/\/api.w.org\/{rel}","templated":true}]}}