{"id":217491,"date":"2016-09-20T16:52:19","date_gmt":"2016-09-20T16:52:19","guid":{"rendered":"http:\/\/diariodominicano.ddns.net\/?p=217491"},"modified":"2016-09-20T16:52:19","modified_gmt":"2016-09-20T16:52:19","slug":"mandatario-crea-comision-presidencial-para-la-seguridad-vial","status":"publish","type":"post","link":"https:\/\/diariodominicano.com\/?p=217491","title":{"rendered":"Mandatario crea Comisi\u00f3n Presidencial para la Seguridad Vial"},"content":{"rendered":"<p><body><\/p>\n<p><img decoding=\"async\" src=\"img3\/palacio.jpg\" \/>  <\/p>\n<p><strong><span class=\"text1noticias\"> <\/span><\/strong><\/p>\n<p><strong><span class=\"text1noticias\"> <\/span><\/strong><\/p>\n<p><strong><span class=\"text1noticias\">Santo Domingo, RD, 20 de septiembre .- <\/span><\/strong><span class=\"text1noticias\">El presidente Danilo Medina cre\u00f3 la Comisi\u00f3n Presidencial para la Seguridad Vial. La disposici\u00f3n est\u00e1 contenida en el decreto 263-16. La comisi\u00f3n buscar\u00e1 soluciones integrales al problema de los accidentes de tr\u00e1nsito en el pa\u00eds.<\/span><\/p>\n<\/p>\n<p><span class=\"text1noticias\">Soluciones duraderas<\/span><\/p>\n<p><span class=\"text1noticias\"> <\/span><\/p>\n<p><span class=\"text1noticias\">\u00abLa seguridad vial es una asignatura pendiente. Estamos decididos a ofrecer al pa\u00eds soluciones duraderas para un problema que se cobra miles de vidas al a\u00f1o\u00bb. As\u00ed lo expres\u00f3 el ministro de la Presidencia, Gustavo Montalvo.<\/span><\/p>\n<p><span class=\"text1noticias\"> <\/span><\/p>\n<p><span class=\"text1noticias\">Plan de acci\u00f3n nacional <\/span><\/p>\n<p><span class=\"text1noticias\"> <\/span><\/p>\n<p><span class=\"text1noticias\">La Comisi\u00f3n deber\u00e1 presentar un plan de acci\u00f3n nacional para la seguridad vial en un plazo de dos meses.<\/span><\/p>\n<p><span class=\"text1noticias\"> <\/span><\/p>\n<p><span class=\"text1noticias\">El plan incluir\u00e1 ajustes a las pol\u00edticas de seguridad vial. Asimismo, campa\u00f1as de concienciaci\u00f3n tanto al p\u00fablico en general como a los infractores de la Ley de Tr\u00e1nsito. Tambi\u00e9n contempla capacitaci\u00f3n continua de t\u00e9cnicos y funcionarios sobre seguridad vial, entre otras medidas.<\/span><\/p>\n<\/p>\n<p><span class=\"text1noticias\">Creaci\u00f3n de mesa de trabajo<\/span><\/p>\n<p><span class=\"text1noticias\"> <\/span><\/p>\n<p><span class=\"text1noticias\">Por otra parte, la comisi\u00f3n crear\u00e1 una mesa t\u00e9cnica de trabajo. Ese espacio permitir\u00e1 que los actores p\u00fablicos, municipales y privados puedan presentar propuestas. Igualmente, plantear sugerencias y conocer las decisiones de la referida comisi\u00f3n.<\/span><\/p>\n<p><span class=\"text1noticias\"> <\/span><\/p>\n<p><span class=\"text1noticias\">En este sentido, Montalvo llam\u00f3 a toda la sociedad a sumarse a esta importante labor de organizar el transporte. Del mismo modo, a mejorar la seguridad vial.<\/span><\/p>\n<p><span class=\"text1noticias\"> <\/span><\/p>\n<p><span class=\"text1noticias\">Integrantes de la comisi\u00f3n<\/span><\/p>\n<p><span class=\"text1noticias\"> <\/span><\/p>\n<p><span class=\"text1noticias\">Los integrantes de la comisi\u00f3n ser\u00e1n los titulares o un(a) representante de alto nivel de diversas instituciones. El Ministro de Obras P\u00fablicas y Comunicaciones, la presidir\u00e1.<\/span><\/p>\n<p><span class=\"text1noticias\"> <\/span><\/p>\n<p><span class=\"text1noticias\">Tambi\u00e9n la integrar\u00e1n representantes de los ministerios de Salud P\u00fablica y Asistencia Social, as\u00ed como de Interior y Polic\u00eda.<\/span><\/p>\n<p><span class=\"text1noticias\"> <\/span><\/p>\n<p><span class=\"text1noticias\">Igualmente,  el Ministro de Educaci\u00f3n, el Procurador General y el Director de Tr\u00e1nsito y Transporte Terrestre.<\/span><\/p>\n<p><span class=\"text1noticias\"> <\/span><\/p>\n<p><span class=\"text1noticias\">Adem\u00e1s, el Director General de la Polic\u00eda Nacional, representado por la Autoridad Metropolitana de Transporte. Asimismo, el Director de Impuestos Internos y el Secretario General de la Liga Municipal Dominicana.<\/span><\/p>\n<p><span class=\"text1noticias\"> <\/span><\/p>\n<p><span class=\"text1noticias\">De la misma manera, un representante de alto nivel de la Federaci\u00f3n Dominicana de Municipios.<\/span><\/p>\n<\/p>\n<h6> 2016-09-20 16:52:19 <\/h6>\n<p><!--\n<link rel=\"stylesheet\" href=\"css\/bootstrap.min.css\">\n\n\n<ul class=\"pagination\">\n\t    \n\t\n\n<li >\n\t<a href='?page_no=12006'>Previous<\/a>\n\t<\/li>\n\n\n       \n    \n\n<li><a href='?page_no=1'>1<\/a><\/li>\n\n\n\n<li><a href='?page_no=2'>2<\/a><\/li>\n\n\n\n<li><a>...<\/a><\/li>\n\n\n\n<li><a href='?page_no=12005'>12005<\/a><\/li>\n\n\n\n<li><a href='?page_no=12006'>12006<\/a><\/li>\n\n\n\n<li class='active'><a>12007<\/a><\/li>\n\n\n\n<li><a href='?page_no=12008'>12008<\/a><\/li>\n\n\n\n<li><a href='?page_no=12009'>12009<\/a><\/li>\n\n\n\n<li><a>...<\/a><\/li>\n\n\n\n<li><a href='?page_no=56169'>56169<\/a><\/li>\n\n\n\n<li><a href='?page_no=56170'>56170<\/a><\/li>\n\n    \n\t\n\n<li >\n\t<a href='?page_no=12008'>Next<\/a>\n\t<\/li>\n\n\n    \n\n<li><a href='?page_no=56170'>Last &rsaquo;&rsaquo;<\/a><\/li>\n\n<\/ul>\n\n\n--><br \/>\n<\/body><\/p>\n","protected":false},"excerpt":{"rendered":"<p>Santo Domingo, RD, 20 de septiembre .- El presidente Danilo Medina cre\u00f3 la Comisi\u00f3n Presidencial para la Seguridad Vial. La disposici\u00f3n est\u00e1 contenida en el decreto 263-16. La comisi\u00f3n buscar\u00e1 soluciones integrales al problema de los accidentes de tr\u00e1nsito en el pa\u00eds. Soluciones duraderas \u00abLa seguridad vial es una asignatura pendiente. Estamos decididos a ofrecer [&hellip;]<\/p>\n","protected":false},"author":3,"featured_media":0,"comment_status":"open","ping_status":"open","sticky":false,"template":"","format":"standard","meta":{"footnotes":""},"categories":[20],"tags":[],"class_list":["post-217491","post","type-post","status-publish","format-standard","hentry","category-dominicana-hoy"],"_links":{"self":[{"href":"https:\/\/diariodominicano.com\/index.php?rest_route=\/wp\/v2\/posts\/217491","targetHints":{"allow":["GET"]}}],"collection":[{"href":"https:\/\/diariodominicano.com\/index.php?rest_route=\/wp\/v2\/posts"}],"about":[{"href":"https:\/\/diariodominicano.com\/index.php?rest_route=\/wp\/v2\/types\/post"}],"author":[{"embeddable":true,"href":"https:\/\/diariodominicano.com\/index.php?rest_route=\/wp\/v2\/users\/3"}],"replies":[{"embeddable":true,"href":"https:\/\/diariodominicano.com\/index.php?rest_route=%2Fwp%2Fv2%2Fcomments&post=217491"}],"version-history":[{"count":0,"href":"https:\/\/diariodominicano.com\/index.php?rest_route=\/wp\/v2\/posts\/217491\/revisions"}],"wp:attachment":[{"href":"https:\/\/diariodominicano.com\/index.php?rest_route=%2Fwp%2Fv2%2Fmedia&parent=217491"}],"wp:term":[{"taxonomy":"category","embeddable":true,"href":"https:\/\/diariodominicano.com\/index.php?rest_route=%2Fwp%2Fv2%2Fcategories&post=217491"},{"taxonomy":"post_tag","embeddable":true,"href":"https:\/\/diariodominicano.com\/index.php?rest_route=%2Fwp%2Fv2%2Ftags&post=217491"}],"curies":[{"name":"wp","href":"https:\/\/api.w.org\/{rel}","templated":true}]}}