{"id":217490,"date":"2016-09-21T09:49:27","date_gmt":"2016-09-21T09:49:27","guid":{"rendered":"http:\/\/diariodominicano.ddns.net\/?p=217490"},"modified":"2016-09-21T09:49:27","modified_gmt":"2016-09-21T09:49:27","slug":"danilo-medina-se-reune-con-troika-comunidad-de-estados-latinoamericanos-y-caribenos","status":"publish","type":"post","link":"https:\/\/diariodominicano.com\/?p=217490","title":{"rendered":"Danilo Medina se re\u00fane con troika Comunidad de Estados Latinoamericanos y Caribe\u00f1os"},"content":{"rendered":"<p><body><\/p>\n<p><img decoding=\"async\" src=\"img3\/Medinaprotempore21-9.jpg\" \/>  <\/p>\n<p><span class=\"text1noticias\">NUEVA YORK, 21 de septiembre.- El presidente Danilo Medina encabez\u00f3 una reuni\u00f3n con la troika de pa\u00edses de la CELAC. El encuentro tuvo lugar en las instalaciones de la Organizaci\u00f3n de las Naciones Unidas.<\/span><\/p>\n<p><span class=\"text1noticias\"> <\/span><\/p>\n<p><span class=\"text1noticias\">Procurar candidatura de consenso para presidencia pro t\u00e9mpore<\/span><\/p>\n<p><span class=\"text1noticias\"> <\/span><\/p>\n<p><span class=\"text1noticias\">En un ambiente de fraternidad, el jefe de Estado dominicano convers\u00f3 con los cancilleres de Ecuador y Dominica.<\/span><\/p>\n<p><span class=\"text1noticias\"> <\/span><\/p>\n<p><span class=\"text1noticias\">La reuni\u00f3n con Guillaume Long y Syvanie Burton tuvo como objetivo  procurar una candidatura de consenso a la sucesi\u00f3n de la presidencia pro t\u00e9mpore. Actualmente, nuestro pa\u00eds ostenta esa posici\u00f3n.<\/span><\/p>\n<p><span class=\"text1noticias\"> <\/span><\/p>\n<p><span class=\"text1noticias\">As\u00ed lo explic\u00f3 el jefe de Estado a los medios all\u00ed presentes: \u00abTenemos la presidencia pro t\u00e9mpore de la CELAC. No hay un sucesor de Rep\u00fablica Dominicana. Eso nos preocupa. Tiene que haber un sucesor antes de la asamblea de enero\u00bb.<\/span><\/p>\n<p><span class=\"text1noticias\"> <\/span><\/p>\n<p><span class=\"text1noticias\">A seguidas, afirm\u00f3 que: \u00abHay muchas candidaturas que se han presentado pero todo es por consenso. Vamos a reunirnos con la troika para consultar que hacer\u00bb.<\/span><\/p>\n<p><span class=\"text1noticias\"> <\/span><\/p>\n<p><span class=\"text1noticias\">En ese contexto, descart\u00f3 que la Rep\u00fablica Dominicana contin\u00fae ostentando la presidencia pro tempore del organismo.<\/span><\/p>\n<p><span class=\"text1noticias\"> <\/span><\/p>\n<p><span class=\"text1noticias\">\u00abNosotros no queremos seguir. Eso cuesta. Consume mucho tiempo. Solamente se ve la cumbre pero es un a\u00f1o entero de trabajo\u00bb.<\/span><\/p>\n<p><span class=\"text1noticias\"> <\/span><\/p>\n<p><span class=\"text1noticias\">Nuestro pa\u00eds asumi\u00f3 la presidencia pro t\u00e9mpore de la CELAC, en Ecuador, en enero pasado. Adem\u00e1s, ser\u00e1 sede de la V Cumbre de Jefes de Estado y de Gobierno de ese organismo, a realizarse en enero <\/span>de 2017.<\/p>\n<h6> 2016-09-21 09:49:27 <\/h6>\n<p><!--\n<link rel=\"stylesheet\" href=\"css\/bootstrap.min.css\">\n\n\n<ul class=\"pagination\">\n\t    \n\t\n\n<li >\n\t<a href='?page_no=12005'>Previous<\/a>\n\t<\/li>\n\n\n       \n    \n\n<li><a href='?page_no=1'>1<\/a><\/li>\n\n\n\n<li><a href='?page_no=2'>2<\/a><\/li>\n\n\n\n<li><a>...<\/a><\/li>\n\n\n\n<li><a href='?page_no=12004'>12004<\/a><\/li>\n\n\n\n<li><a href='?page_no=12005'>12005<\/a><\/li>\n\n\n\n<li class='active'><a>12006<\/a><\/li>\n\n\n\n<li><a href='?page_no=12007'>12007<\/a><\/li>\n\n\n\n<li><a href='?page_no=12008'>12008<\/a><\/li>\n\n\n\n<li><a>...<\/a><\/li>\n\n\n\n<li><a href='?page_no=56169'>56169<\/a><\/li>\n\n\n\n<li><a href='?page_no=56170'>56170<\/a><\/li>\n\n    \n\t\n\n<li >\n\t<a href='?page_no=12007'>Next<\/a>\n\t<\/li>\n\n\n    \n\n<li><a href='?page_no=56170'>Last &rsaquo;&rsaquo;<\/a><\/li>\n\n<\/ul>\n\n\n--><br \/>\n<\/body><\/p>\n","protected":false},"excerpt":{"rendered":"<p>NUEVA YORK, 21 de septiembre.- El presidente Danilo Medina encabez\u00f3 una reuni\u00f3n con la troika de pa\u00edses de la CELAC. El encuentro tuvo lugar en las instalaciones de la Organizaci\u00f3n de las Naciones Unidas. Procurar candidatura de consenso para presidencia pro t\u00e9mpore En un ambiente de fraternidad, el jefe de Estado dominicano convers\u00f3 con los [&hellip;]<\/p>\n","protected":false},"author":3,"featured_media":0,"comment_status":"open","ping_status":"open","sticky":false,"template":"","format":"standard","meta":{"footnotes":""},"categories":[20],"tags":[],"class_list":["post-217490","post","type-post","status-publish","format-standard","hentry","category-dominicana-hoy"],"_links":{"self":[{"href":"https:\/\/diariodominicano.com\/index.php?rest_route=\/wp\/v2\/posts\/217490","targetHints":{"allow":["GET"]}}],"collection":[{"href":"https:\/\/diariodominicano.com\/index.php?rest_route=\/wp\/v2\/posts"}],"about":[{"href":"https:\/\/diariodominicano.com\/index.php?rest_route=\/wp\/v2\/types\/post"}],"author":[{"embeddable":true,"href":"https:\/\/diariodominicano.com\/index.php?rest_route=\/wp\/v2\/users\/3"}],"replies":[{"embeddable":true,"href":"https:\/\/diariodominicano.com\/index.php?rest_route=%2Fwp%2Fv2%2Fcomments&post=217490"}],"version-history":[{"count":0,"href":"https:\/\/diariodominicano.com\/index.php?rest_route=\/wp\/v2\/posts\/217490\/revisions"}],"wp:attachment":[{"href":"https:\/\/diariodominicano.com\/index.php?rest_route=%2Fwp%2Fv2%2Fmedia&parent=217490"}],"wp:term":[{"taxonomy":"category","embeddable":true,"href":"https:\/\/diariodominicano.com\/index.php?rest_route=%2Fwp%2Fv2%2Fcategories&post=217490"},{"taxonomy":"post_tag","embeddable":true,"href":"https:\/\/diariodominicano.com\/index.php?rest_route=%2Fwp%2Fv2%2Ftags&post=217490"}],"curies":[{"name":"wp","href":"https:\/\/api.w.org\/{rel}","templated":true}]}}