{"id":217489,"date":"2016-09-21T11:56:14","date_gmt":"2016-09-21T11:56:14","guid":{"rendered":"http:\/\/diariodominicano.ddns.net\/?p=217489"},"modified":"2016-09-21T11:56:14","modified_gmt":"2016-09-21T11:56:14","slug":"del-castillo-savinon-resalta-indotel-promovera-uso-sano-internet-y-redes-sociales","status":"publish","type":"post","link":"https:\/\/diariodominicano.com\/?p=217489","title":{"rendered":"Del Castillo Savi\u00f1\u00f3n resalta Indotel promover\u00e1 uso sano Internet y redes sociales"},"content":{"rendered":"<p><body><\/p>\n<p><img decoding=\"async\" src=\"img3\/Indotel21-9.jpg\" \/>  <\/p>\n<p>Santo Domingo, R. D., 21 de septiembre.- E<span class=\"text1noticias\">l Instituto Dominicano de las Telecomunicaciones (Indotel) promover\u00e1 y fortalecer\u00e1 el uso sano del Internet y las redes sociales, como lema principal de su stand en la XIX  Feria del Libro,  seg\u00fan resaltaron el presidente y la directora ejecutiva del \u00f3rgano regulador, Jos\u00e9 Del Castillo Savi\u00f1on y Katrina Naut, durante una visita que realizaron  al pabell\u00f3n que abri\u00f3 esta instituci\u00f3n en la denominada fiesta de la cultura.<\/span><\/p>\n<\/p>\n<p><span class=\"text1noticias\">Destacaron que los visitantes al stand del Indotel recibir\u00e1n un taller que  le capacitar\u00e1 para hacer buen uso de las redes sociales,  prevenir y evitar  ser v\u00edctima u objeto de abuso y extorsi\u00f3n  mediante las modalidades  de  suplantaci\u00f3n de identidad, ciberbulling, sexting y crooming. Los visitantes recibir\u00e1n certificados de participaci\u00f3n al t\u00e9rmino de estos talleres que se realizar\u00e1n durante toda la celebraci\u00f3n de la Feria.<\/span><\/p>\n<\/p>\n<p><span class=\"text1noticias\">En el pabell\u00f3n del Indotel se promover\u00e1 adem\u00e1s el programa Rep\u00fablica Digital puesto en marcha por el presidente Danilo Medina y en el cual el \u00f3rgano regulador desempe\u00f1ar\u00e1 un rol fundamental en lo que respecta a la infraestructura y la expansi\u00f3n del espectro radioel\u00e9ctrico.<\/span><\/p>\n<\/p>\n<p><span class=\"text1noticias\">Las actividades comenzaron a las a las 7:00 de la noche de este martes 20 con una charla que dict\u00f3 el destacado comunicador  Pablo Ross sobre \u00abIntegraci\u00f3n e Inclusi\u00f3n de los nuevos restos de las redes sociales\u00bb.<\/span><\/p>\n<\/p>\n<p><span class=\"text1noticias\">Adem\u00e1s,  Indotel comenzar\u00e1 a operar a partir de este mi\u00e9rcoles una emisora digital que realizar\u00e1 programas en vivos, adem\u00e1s de que ofrecer\u00e1 espacios sobre tecnolog\u00edas y difundir\u00e1 conferencias de destacados expositores hasta el pr\u00f3ximo d\u00eda 2 septiembre, que concluye la feria.<\/span><\/p>\n<\/p>\n<p><span class=\"text1noticias\">Del Castillo Savi\u00f1on ha enfatizado que su gesti\u00f3n tiene el objetivo de reducir los costos de las comunicaciones y priorizar el acceso universal a internet, adem\u00e1s de que en la Feria impulsar\u00e1 el uso sano de estas herramientas tecnol\u00f3gicas.<\/span><\/p>\n<\/p>\n<p><span class=\"text1noticias\">En tal sentido, el Indotel inform\u00f3 que presentar\u00e1 en su pabell\u00f3n este mi\u00e9rcoles a las 7:00 de la noche la conferencia \u00abEl desarrollo de la rob\u00f3tica en el mundo\u00bb a cargo del especialista Carlos M\u00e9ndez Comas. El jueves 22 Dionisio Grull\u00f3n tratar\u00e1 acerca de \u00abSistemas Operativos y Aplicaciones de uso abierto\u00bb; el viernes 23 Carlos M\u00e9ndez Comas explicar\u00e1 \u00abC\u00f3mo hacer dinero por Internet\u00bb y el s\u00e1bado 24 Alan Fern\u00e1ndez disertar\u00e1 sobre \u00abAprender para Emprender\u00bb, dirigido b\u00e1sicamente a j\u00f3venes emprended<\/span>ores.<\/p>\n<h6> 2016-09-21 11:56:14 <\/h6>\n<p><!--\n<link rel=\"stylesheet\" href=\"css\/bootstrap.min.css\">\n\n\n<ul class=\"pagination\">\n\t    \n\t\n\n<li >\n\t<a href='?page_no=12004'>Previous<\/a>\n\t<\/li>\n\n\n       \n    \n\n<li><a href='?page_no=1'>1<\/a><\/li>\n\n\n\n<li><a href='?page_no=2'>2<\/a><\/li>\n\n\n\n<li><a>...<\/a><\/li>\n\n\n\n<li><a href='?page_no=12003'>12003<\/a><\/li>\n\n\n\n<li><a href='?page_no=12004'>12004<\/a><\/li>\n\n\n\n<li class='active'><a>12005<\/a><\/li>\n\n\n\n<li><a href='?page_no=12006'>12006<\/a><\/li>\n\n\n\n<li><a href='?page_no=12007'>12007<\/a><\/li>\n\n\n\n<li><a>...<\/a><\/li>\n\n\n\n<li><a href='?page_no=56169'>56169<\/a><\/li>\n\n\n\n<li><a href='?page_no=56170'>56170<\/a><\/li>\n\n    \n\t\n\n<li >\n\t<a href='?page_no=12006'>Next<\/a>\n\t<\/li>\n\n\n    \n\n<li><a href='?page_no=56170'>Last &rsaquo;&rsaquo;<\/a><\/li>\n\n<\/ul>\n\n\n--><br \/>\n<\/body><\/p>\n","protected":false},"excerpt":{"rendered":"<p>Santo Domingo, R. D., 21 de septiembre.- El Instituto Dominicano de las Telecomunicaciones (Indotel) promover\u00e1 y fortalecer\u00e1 el uso sano del Internet y las redes sociales, como lema principal de su stand en la XIX Feria del Libro, seg\u00fan resaltaron el presidente y la directora ejecutiva del \u00f3rgano regulador, Jos\u00e9 Del Castillo Savi\u00f1on y Katrina [&hellip;]<\/p>\n","protected":false},"author":3,"featured_media":0,"comment_status":"open","ping_status":"open","sticky":false,"template":"","format":"standard","meta":{"footnotes":""},"categories":[20],"tags":[],"class_list":["post-217489","post","type-post","status-publish","format-standard","hentry","category-dominicana-hoy"],"_links":{"self":[{"href":"https:\/\/diariodominicano.com\/index.php?rest_route=\/wp\/v2\/posts\/217489","targetHints":{"allow":["GET"]}}],"collection":[{"href":"https:\/\/diariodominicano.com\/index.php?rest_route=\/wp\/v2\/posts"}],"about":[{"href":"https:\/\/diariodominicano.com\/index.php?rest_route=\/wp\/v2\/types\/post"}],"author":[{"embeddable":true,"href":"https:\/\/diariodominicano.com\/index.php?rest_route=\/wp\/v2\/users\/3"}],"replies":[{"embeddable":true,"href":"https:\/\/diariodominicano.com\/index.php?rest_route=%2Fwp%2Fv2%2Fcomments&post=217489"}],"version-history":[{"count":0,"href":"https:\/\/diariodominicano.com\/index.php?rest_route=\/wp\/v2\/posts\/217489\/revisions"}],"wp:attachment":[{"href":"https:\/\/diariodominicano.com\/index.php?rest_route=%2Fwp%2Fv2%2Fmedia&parent=217489"}],"wp:term":[{"taxonomy":"category","embeddable":true,"href":"https:\/\/diariodominicano.com\/index.php?rest_route=%2Fwp%2Fv2%2Fcategories&post=217489"},{"taxonomy":"post_tag","embeddable":true,"href":"https:\/\/diariodominicano.com\/index.php?rest_route=%2Fwp%2Fv2%2Ftags&post=217489"}],"curies":[{"name":"wp","href":"https:\/\/api.w.org\/{rel}","templated":true}]}}