{"id":217488,"date":"2016-09-21T12:57:26","date_gmt":"2016-09-21T12:57:26","guid":{"rendered":"http:\/\/diariodominicano.ddns.net\/?p=217488"},"modified":"2016-09-21T12:57:26","modified_gmt":"2016-09-21T12:57:26","slug":"navarro-en-dialogo-con-profesores-estudiantes-y-padres","status":"publish","type":"post","link":"https:\/\/diariodominicano.com\/?p=217488","title":{"rendered":"Navarro en di\u00e1logo con profesores, estudiantes y padres"},"content":{"rendered":"<p><body><\/p>\n<p><img decoding=\"async\" src=\"img3\/Educacion21-9.jpg\" \/>  <\/p>\n<p><span class=\"text1noticias\">Monte Plata, R. D., 21 de septiembre.- \u00abEs una bendici\u00f3n que usted est\u00e9 aqu\u00ed hablando directamente con nosotros\u00bb, \u00abconfiamos en sus planes de trabajo\u00bb y \u00abya si sabemos que se  van a resolver los problemas de las escuelas\u00bb. Con expresiones coincidentes se manifestaron algunos de los directores de planteles escolares durante un recorrido de supervisi\u00f3n realizado por el ministro de Educaci\u00f3n, arquitecto Andr\u00e9s Navarro, por distintas escuelas b\u00e1sicas, liceos y polit\u00e9cnicos de esta provincia.<\/span><\/p>\n<p><span class=\"text1noticias\"> <\/span><\/p>\n<p><span class=\"text1noticias\">Por segunda semana consecutiva, Navarro continu\u00f3 los recorridos de supervisi\u00f3n directa a los planteles escolares, donde, adem\u00e1s de contactar personalmente las distintas situaciones que afectan a esos centros, incluyendo sus condiciones estructurales, necesidades perentorias y las inquietudes de los directores, profesores y de representantes de las comunidades visitadas, tambi\u00e9n se interesa por conocer la marcha del a\u00f1o escolar, y de los distintos programas que ejecuta el MINERD en cada demarcaci\u00f3n.<\/span><\/p>\n<p><span class=\"text1noticias\"> <\/span><\/p>\n<p><span class=\"text1noticias\">El ministro Navarro y la comitiva t\u00e9cnica que le acompa\u00f1\u00f3, visitaron una escuela en el centro de Yamas\u00e1 y luego el Polit\u00e9cnico Sor Susana Daly, dirigido por el sacerdote Erick Wilson Cosme, con alrededor de 400 estudiantes. A seguidas, el Liceo Secundario San Mart\u00edn de Porres, donde adem\u00e1s, funcionan los niveles de b\u00e1sica y media, prepara y otras modalidades de la educaci\u00f3n, bajo la direcci\u00f3n del profesor Juan Reyes Mart\u00ednez.<\/span><\/p>\n<p><span class=\"text1noticias\"> <\/span><\/p>\n<p><span class=\"text1noticias\">\u00abHe estado en esta comunidad para conocer todo lo que est\u00e1 pasando en la realidad de los planteles, para que no me cuenten, vengo a esta escuela para observar las situaciones, ver lo que est\u00e1 funcionando y lo que no funciona para tomar las medidas que conduzcan a mejorar\u00bb, dijo Navarro tras participar de una reuni\u00f3n de padres y profesores de la Escuela B\u00e1sica Don Juan, del distrito municipal Don Juan.<\/span><\/p>\n<p><span class=\"text1noticias\"> <\/span><\/p>\n<p><span class=\"text1noticias\">El funcionario precis\u00f3 que tiene la encomienda del presidente Danilo Medina de desarrollar una gesti\u00f3n basada en el di\u00e1logo directo con profesores y estudiantes, protagonistas del sistema educativo nacional, \u00aby el hecho de poder estar en esta reuni\u00f3n con los padres de los alumnos, representa para m\u00ed una extraordinaria y grata oportunidad para escuchar las inquietudes de la comunidad\u00bb.<\/span><\/p>\n<p><span class=\"text1noticias\"> <\/span><\/p>\n<p><span class=\"text1noticias\">Navarro exhort\u00f3 a la poblaci\u00f3n a que sigan apoyando la escuela \u00aby todo lo que hace el presidente Medina por la Educaci\u00f3n, los estudiantes, los maestros y las familias. S\u00e9 que falta mucho por hacer, pero lo importante es que existe la voluntad pol\u00edtica del mandatario de resolver los hist\u00f3ricos males en el menor tiempo posible, agendados  en un orden de prioridades\u00bb.<\/span><\/p>\n<p><span class=\"text1noticias\"> <\/span><\/p>\n<p><span class=\"text1noticias\">En cada visita, Navarro camin\u00f3 junto a los directivos docentes por distintas \u00e1reas de los centros, para verificar sus condiciones, como las aulas, comedor-cocina, instalaciones deportivas, sanitarias, oficinas administrativas y otras.<\/span><\/p>\n<p><span class=\"text1noticias\"> <\/span><\/p>\n<p><span class=\"text1noticias\">Durante el recorrido de unas 7 horas, Navarro lleg\u00f3 al Polit\u00e9cnico Jos\u00e9 de la Luz Guill\u00e9n, con un registro de m\u00e1s de 300 estudiantes, bajo la direcci\u00f3n de la profesora Sonia Altagracia de la Cruz, quien visiblemente emocionada por la visita dijo que \u00abahora si ya sabemos que se van a resolver los problemas\u00bb.<\/span><\/p>\n<p><span class=\"text1noticias\"> <\/span><\/p>\n<p><span class=\"text1noticias\">Otros planteles recorridos fueron la Escuela B\u00e1sica La Jagua, de la comunidad del mismo nombre, y la Escuela B\u00e1sica La Luisa Blanca, escenario este \u00faltimo donde Navarro refiri\u00f3 que \u00abtengo un mandato del presidente Medina de no trabajar alejado de la gente, no importa el estatus de mi posici\u00f3n como ministro, \u00e9l quiere que trabaje cerca de los protagonistas de la educaci\u00f3n que son los estudiantes y los maestros. Espero poder servirles, sue\u00f1o con servirles por el bien de las escuelas, los ni\u00f1os y los j\u00f3venes\u00bb.<\/span><\/p>\n<p><span class=\"text1noticias\"> <\/span><\/p>\n<p><span class=\"text1noticias\">La estudiante Charlyn C\u00e9spedes, de sexto grado de la Escuela B\u00e1sica Don Juan, interpret\u00f3 una hermosa y emotiva canci\u00f3n dedicada al ministro Navarro, provocando estruendosos aplausos de los presentes. Este plantel, con 296 estudiantes, es dirigido por la profesora Rosa Elena Santos.<\/span><\/p>\n<p><span class=\"text1noticias\"> <\/span><\/p>\n<p><span class=\"text1noticias\">La comisi\u00f3n t\u00e9cnica que acompa\u00f1\u00f3 al ministro Navarro estuvo integrada por Julio Santana, director de Gabinete; Milton Torres, director de Fiscalizaci\u00f3n, Adolfo Cede\u00f1o, director de Mantenimiento Escolar,  Geovanny Romero, encargado de Jornada Extendida, y Miguel Medina, director de Comunicaciones; entre otros funcionarios del MINERD.<\/span><\/p>\n<h6> 2016-09-21 12:57:26 <\/h6>\n<p><!--\n<link rel=\"stylesheet\" href=\"css\/bootstrap.min.css\">\n\n\n<ul class=\"pagination\">\n\t    \n\t\n\n<li >\n\t<a href='?page_no=12003'>Previous<\/a>\n\t<\/li>\n\n\n       \n    \n\n<li><a href='?page_no=1'>1<\/a><\/li>\n\n\n\n<li><a href='?page_no=2'>2<\/a><\/li>\n\n\n\n<li><a>...<\/a><\/li>\n\n\n\n<li><a href='?page_no=12002'>12002<\/a><\/li>\n\n\n\n<li><a href='?page_no=12003'>12003<\/a><\/li>\n\n\n\n<li class='active'><a>12004<\/a><\/li>\n\n\n\n<li><a href='?page_no=12005'>12005<\/a><\/li>\n\n\n\n<li><a href='?page_no=12006'>12006<\/a><\/li>\n\n\n\n<li><a>...<\/a><\/li>\n\n\n\n<li><a href='?page_no=56169'>56169<\/a><\/li>\n\n\n\n<li><a href='?page_no=56170'>56170<\/a><\/li>\n\n    \n\t\n\n<li >\n\t<a href='?page_no=12005'>Next<\/a>\n\t<\/li>\n\n\n    \n\n<li><a href='?page_no=56170'>Last &rsaquo;&rsaquo;<\/a><\/li>\n\n<\/ul>\n\n\n--><br \/>\n<\/body><\/p>\n","protected":false},"excerpt":{"rendered":"<p>Monte Plata, R. D., 21 de septiembre.- \u00abEs una bendici\u00f3n que usted est\u00e9 aqu\u00ed hablando directamente con nosotros\u00bb, \u00abconfiamos en sus planes de trabajo\u00bb y \u00abya si sabemos que se van a resolver los problemas de las escuelas\u00bb. Con expresiones coincidentes se manifestaron algunos de los directores de planteles escolares durante un recorrido de supervisi\u00f3n [&hellip;]<\/p>\n","protected":false},"author":3,"featured_media":0,"comment_status":"open","ping_status":"open","sticky":false,"template":"","format":"standard","meta":{"footnotes":""},"categories":[20],"tags":[],"class_list":["post-217488","post","type-post","status-publish","format-standard","hentry","category-dominicana-hoy"],"_links":{"self":[{"href":"https:\/\/diariodominicano.com\/index.php?rest_route=\/wp\/v2\/posts\/217488","targetHints":{"allow":["GET"]}}],"collection":[{"href":"https:\/\/diariodominicano.com\/index.php?rest_route=\/wp\/v2\/posts"}],"about":[{"href":"https:\/\/diariodominicano.com\/index.php?rest_route=\/wp\/v2\/types\/post"}],"author":[{"embeddable":true,"href":"https:\/\/diariodominicano.com\/index.php?rest_route=\/wp\/v2\/users\/3"}],"replies":[{"embeddable":true,"href":"https:\/\/diariodominicano.com\/index.php?rest_route=%2Fwp%2Fv2%2Fcomments&post=217488"}],"version-history":[{"count":0,"href":"https:\/\/diariodominicano.com\/index.php?rest_route=\/wp\/v2\/posts\/217488\/revisions"}],"wp:attachment":[{"href":"https:\/\/diariodominicano.com\/index.php?rest_route=%2Fwp%2Fv2%2Fmedia&parent=217488"}],"wp:term":[{"taxonomy":"category","embeddable":true,"href":"https:\/\/diariodominicano.com\/index.php?rest_route=%2Fwp%2Fv2%2Fcategories&post=217488"},{"taxonomy":"post_tag","embeddable":true,"href":"https:\/\/diariodominicano.com\/index.php?rest_route=%2Fwp%2Fv2%2Ftags&post=217488"}],"curies":[{"name":"wp","href":"https:\/\/api.w.org\/{rel}","templated":true}]}}