{"id":217487,"date":"2016-09-21T15:32:31","date_gmt":"2016-09-21T15:32:31","guid":{"rendered":"http:\/\/diariodominicano.ddns.net\/?p=217487"},"modified":"2016-09-21T15:32:31","modified_gmt":"2016-09-21T15:32:31","slug":"honduras-aboga-en-la-onu-por-despolitizar-el-tema-migratorio","status":"publish","type":"post","link":"https:\/\/diariodominicano.com\/?p=217487","title":{"rendered":"&#13;Honduras aboga en la ONU por despolitizar el tema migratorio"},"content":{"rendered":"<p><body><\/p>\n<\/p>\n<p><span class=\"text1noticias\">Tegucigalpa, 21 sep (PL) El gobierno de Honduras pidi\u00f3 hoy \u00bbdespolitizar\u00bb el tema migratorio como parte de los debates en la cumbre de la Organizaci\u00f3n de Naciones Unidas (ONU), que sesiona en Nueva York, Estados Unidos.<\/span><\/p>\n<\/p>\n<p><span class=\"text1noticias\">&#8216;Est\u00e1 en nuestras manos despolitizar el tema migratorio y humanizarlo&#8217;, afirm\u00f3 la vicecanciller hondure\u00f1a para Asuntos Consulares, Mar\u00eda Andrea Matamoros, al admitir la existencia de 174 mil desplazados por la violencia en el pa\u00eds centroamericano.<\/span><\/p>\n<\/p>\n<p><span class=\"text1noticias\">Esas cifras se quedan cortas, sin embargo, cuando nos damos cuenta de que representan vidas humanas, recalc\u00f3 en su alocuci\u00f3n la funcionaria, que acompa\u00f1a al presidente hondure\u00f1o Juan Orlando Hern\u00e1ndez en el foro internacional.<\/span><\/p>\n<\/p>\n<p><span class=\"text1noticias\">Con m\u00e1s desplazados alrededor del mundo que en ning\u00fan momento desde la Segunda Guerra Mundial (1939-1945), la ONU realiza la primera cumbre de su historia dedicada a la situaci\u00f3n de los migrantes en un intento por encontrar una salida a la crisis y garantizar los derechos de los refugiados.<\/span><\/p>\n<\/p>\n<p><span class=\"text1noticias\">Durante el per\u00edodo de sesiones los l\u00edderes mundiales prometieron incrementar los esfuerzos para acoger a m\u00e1s personas en sus pa\u00edses y apoyar financieramente a las zonas que reciben al mayor n\u00famero de desplazados, aunque de momento no se suscribieron compromisos concretos.<\/span><\/p>\n<\/p>\n<h6> 2016-09-21 15:32:31 <\/h6>\n<p><!--\n<link rel=\"stylesheet\" href=\"css\/bootstrap.min.css\">\n\n\n<ul class=\"pagination\">\n\t    \n\t\n\n<li >\n\t<a href='?page_no=12002'>Previous<\/a>\n\t<\/li>\n\n\n       \n    \n\n<li><a href='?page_no=1'>1<\/a><\/li>\n\n\n\n<li><a href='?page_no=2'>2<\/a><\/li>\n\n\n\n<li><a>...<\/a><\/li>\n\n\n\n<li><a href='?page_no=12001'>12001<\/a><\/li>\n\n\n\n<li><a href='?page_no=12002'>12002<\/a><\/li>\n\n\n\n<li class='active'><a>12003<\/a><\/li>\n\n\n\n<li><a href='?page_no=12004'>12004<\/a><\/li>\n\n\n\n<li><a href='?page_no=12005'>12005<\/a><\/li>\n\n\n\n<li><a>...<\/a><\/li>\n\n\n\n<li><a href='?page_no=56169'>56169<\/a><\/li>\n\n\n\n<li><a href='?page_no=56170'>56170<\/a><\/li>\n\n    \n\t\n\n<li >\n\t<a href='?page_no=12004'>Next<\/a>\n\t<\/li>\n\n\n    \n\n<li><a href='?page_no=56170'>Last &rsaquo;&rsaquo;<\/a><\/li>\n\n<\/ul>\n\n\n--><br \/>\n<\/body><\/p>\n","protected":false},"excerpt":{"rendered":"<p>Tegucigalpa, 21 sep (PL) El gobierno de Honduras pidi\u00f3 hoy \u00bbdespolitizar\u00bb el tema migratorio como parte de los debates en la cumbre de la Organizaci\u00f3n de Naciones Unidas (ONU), que sesiona en Nueva York, Estados Unidos. &#8216;Est\u00e1 en nuestras manos despolitizar el tema migratorio y humanizarlo&#8217;, afirm\u00f3 la vicecanciller hondure\u00f1a para Asuntos Consulares, Mar\u00eda Andrea [&hellip;]<\/p>\n","protected":false},"author":3,"featured_media":0,"comment_status":"open","ping_status":"open","sticky":false,"template":"","format":"standard","meta":{"footnotes":""},"categories":[20],"tags":[],"class_list":["post-217487","post","type-post","status-publish","format-standard","hentry","category-dominicana-hoy"],"_links":{"self":[{"href":"https:\/\/diariodominicano.com\/index.php?rest_route=\/wp\/v2\/posts\/217487","targetHints":{"allow":["GET"]}}],"collection":[{"href":"https:\/\/diariodominicano.com\/index.php?rest_route=\/wp\/v2\/posts"}],"about":[{"href":"https:\/\/diariodominicano.com\/index.php?rest_route=\/wp\/v2\/types\/post"}],"author":[{"embeddable":true,"href":"https:\/\/diariodominicano.com\/index.php?rest_route=\/wp\/v2\/users\/3"}],"replies":[{"embeddable":true,"href":"https:\/\/diariodominicano.com\/index.php?rest_route=%2Fwp%2Fv2%2Fcomments&post=217487"}],"version-history":[{"count":0,"href":"https:\/\/diariodominicano.com\/index.php?rest_route=\/wp\/v2\/posts\/217487\/revisions"}],"wp:attachment":[{"href":"https:\/\/diariodominicano.com\/index.php?rest_route=%2Fwp%2Fv2%2Fmedia&parent=217487"}],"wp:term":[{"taxonomy":"category","embeddable":true,"href":"https:\/\/diariodominicano.com\/index.php?rest_route=%2Fwp%2Fv2%2Fcategories&post=217487"},{"taxonomy":"post_tag","embeddable":true,"href":"https:\/\/diariodominicano.com\/index.php?rest_route=%2Fwp%2Fv2%2Ftags&post=217487"}],"curies":[{"name":"wp","href":"https:\/\/api.w.org\/{rel}","templated":true}]}}