{"id":217485,"date":"2016-09-21T16:36:08","date_gmt":"2016-09-21T16:36:08","guid":{"rendered":"http:\/\/diariodominicano.ddns.net\/?p=217485"},"modified":"2016-09-21T16:36:08","modified_gmt":"2016-09-21T16:36:08","slug":"presidente-danilo-medina-pide-en-la-onu-buscar-salida-pacifica-a-los-conflictos-territoriales","status":"publish","type":"post","link":"https:\/\/diariodominicano.com\/?p=217485","title":{"rendered":"Presidente Danilo Medina pide en la ONU buscar salida pac\u00edfica a los conflictos territoriales"},"content":{"rendered":"<p><body><\/p>\n<p><img decoding=\"async\" src=\"img3\/Danilo-Medina-ONU-300x242.jpg\" \/>  <\/p>\n<p><strong> <\/strong><\/p>\n<p><strong> <\/strong><\/p>\n<p><strong>Nueva York, 21 de septiembre .-<\/strong>El presidente Danilo Medina expres\u00f3  que el 2016 est\u00e1 resultando un a\u00f1o  turbulento, con conflictos territoriales y tensiones identintarias abiertas  en diferentes puntos del mundo.<\/p>\n<\/p>\n<p>En su discurso ante la Asamblea General de las Naciones Unidas, el Mandatario dominicano  exhort\u00f3 a la comunidad internacional encontrar una salida pac\u00edfica a esos conflictos.<\/p>\n<p><strong> <\/strong><\/p>\n<p><strong>A continuaci\u00f3n el  Discurso \u00edntegro del presidente Danilo Medina ante la ONU<\/strong><\/p>\n<\/p>\n<p>Discurso del  Presidente de la Rep\u00fablica Dominicana, Danilo Medina  ante la Septuag\u00e9simo Primera Asamblea General de la ONU:<\/p>\n<p>Excelent\u00edsimo Se\u00f1or Peter Thomson,<\/p>\n<p>Presidente de la Septuag\u00e9sima Primera Asamblea General de la ONU;<\/p>\n<p>Excelent\u00edsimo Se\u00f1or Ban Ki-Moon,<\/p>\n<p>Secretario General de la ONU;<\/p>\n<p>Se\u00f1ores Jefes de Estado y de Gobiernos;<\/p>\n<p>Se\u00f1ores Ministros y dem\u00e1s Jefes de Delegaciones;<\/p>\n<p><strong>Se\u00f1oras y se\u00f1ores;<\/strong><\/p>\n<\/p>\n<p>Es un honor participar nuevamente en esta Asamblea General, en representaci\u00f3n del pueblo de la Rep\u00fablica Dominicana.<\/p>\n<p>Quiero comenzar mis palabras haciendo un especial reconocimiento a la labor realizada por el Secretario General Ban Ki Moon.<\/p>\n<p>Agradecemos su entrega en la b\u00fasqueda de soluciones para los conflictos que han sacudido el mundo en los \u00faltimos 10 a\u00f1os y le deseamos la mejor de las suertes en las nuevas labores que emprenda.<\/p>\n<p>Este 2016 est\u00e1 resultando un a\u00f1o especialmente turbulento, con conflictos territoriales y tensiones identitarias abiertas en distintos puntos del mundo.<\/p>\n<p>Deseamos e impulsamos, por supuesto, que la comunidad internacional sepa encontrar una salida pac\u00edfica a estos conflictos.<\/p>\n<p>En primer lugar, por los millones de vidas que se ven afectadas por los mismos. Pero tambi\u00e9n, porque la urgencia inherente a estos dramas nos resta fuerzas, en ocasiones, para atender problemas en apariencia menos acuciantes, pero que a la larga son los m\u00e1s importantes.<\/p>\n<p>Uno de estos asuntos, quiz\u00e1 el de mayor alcance y mayor potencial transformador a largo plazo, es el de la lucha contra la pobreza y la desigualdad.<\/p>\n<p>En las \u00faltimas dos d\u00e9cadas, el r\u00e1pido crecimiento econ\u00f3mico que trajo consigo la integraci\u00f3n econ\u00f3mica global ha alimentado grandes expectativas en los pa\u00edses del sur. De hecho, se crey\u00f3 que la prosperidad que hab\u00edan disfrutado unos pocos pa\u00edses podr\u00eda, al fin, estar al alcance de todos.<\/p>\n<p>Hay que reconocer que estas esperanzas no carec\u00edan de base. En efecto, en estas dos d\u00e9cadas cientos de millones de personas han salido de la pobreza.<\/p>\n<p>Pero no podemos dejarnos llevar por el triunfalismo.<\/p>\n<p>Tenemos la obligaci\u00f3n de matizar el alcance de estas conquistas a la luz de los datos reales. Y debemos ampliar nuestras miras, para observar en qu\u00e9 lugares y en qu\u00e9 \u00e1reas, la llamada econom\u00eda global no ha cumplido con las promesas que le hizo a la humanidad.<\/p>\n<p>Para empezar, debemos recordar que estos cientos de millones de personas reci\u00e9n salidas de la pobreza no pasan todas autom\u00e1ticamente a la clase media, ni necesariamente permanecen en ella, todos aquellos que lograron hacerlo.<\/p>\n<p>Tenemos as\u00ed un nuevo segmento social, un segmento que ya ha salido de la pobreza, pero cuya situaci\u00f3n es demasiado fr\u00e1gil para que podamos considerarla definitiva.<\/p>\n<p>La palabra que se ha acu\u00f1ado para designar la situaci\u00f3n de estos hombres y mujeres es vulnerabilidad.<\/p>\n<p>Vulnerabilidad ante una situaci\u00f3n de desempleo, ante la enfermedad de un familiar, ante una crisis econ\u00f3mica o un desastre natural.<\/p>\n<p>Vulnerabilidad ante una serie de imprevisibles que pueden arruinar su proyecto de futuro y devolverlos de nuevo a la pobreza en poco tiempo.<\/p>\n<p>Este grupo vulnerable abarca hoy a m\u00e1s de mil quinientos millones de personas en todo el mundo, que representan m\u00e1s del 22,34% de la poblaci\u00f3n mundial, seg\u00fan datos de las propias Naciones Unidas.<\/p>\n<p>Esta poblaci\u00f3n es especialmente importante en Am\u00e9rica Latina y El Caribe, donde la mayor\u00eda de las personas ganan entre $4 y $10 d\u00f3lares diarios.<\/p>\n<p>El reto que tenemos por delante es consolidar la situaci\u00f3n de esta clase emergente. Debemos darles seguridad y proporcionarles las herramientas y habilidades que les permitan, no solo desarrollar su propia vida, sino tambi\u00e9n participar en el desarrollo de su pa\u00eds.<\/p>\n<p>No lo duden, esta nueva clase social es en s\u00ed misma una gran oportunidad para nuestras naciones.<\/p>\n<p>Porque tanto la expansi\u00f3n de su capacidad de consumo, como su capacidad de ahorro, hacen que esta clase social tenga el potencial de convertirse, como ya se ha dicho, en un \u00abbono de crecimiento econ\u00f3mico\u00bb similar al llamado bono demogr\u00e1fico con que cuentan tambi\u00e9n nuestros pa\u00edses.<\/p>\n<p>Esta emergente clase media, si logramos fortalecerla, demandar\u00e1 productos m\u00e1s complejos y de mejor calidad en todos los sectores, desde las infraestructuras hasta la formaci\u00f3n. Y en su camino de progreso permitir\u00e1 el avance de nuestros pa\u00edses y de todo mundo.<\/p>\n<p>Pero para que se pueda realizar todo este potencial, debemos fortalecer las redes de seguridad y apoyo social: la salud, la educaci\u00f3n, el empleo y la seguridad social, para impedir que los individuos vulnerables vuelvan a caer en la pobreza.<\/p>\n<p>Si aprovechamos esta oportunidad, estos hombres y mujeres no solo pueden dejar atr\u00e1s para siempre las dificultades, sino que adem\u00e1s pueden convertir sus pa\u00edses en sociedades de clases medias, democr\u00e1ticas, pac\u00edficas y tambi\u00e9n con menos necesidad de emigraci\u00f3n al exterior.<\/p>\n<p>Es decir, pueden ser la llave para cambios de largo alcance en nuestro continente.<\/p>\n<p>Se\u00f1oras y se\u00f1ores,<\/p>\n<p>En el marco de esta Asamblea de las Naciones Unidas, la agenda de desarrollo post-2015, con su adopci\u00f3n de Metas de Desarrollo Sostenible, es una buena hoja de ruta para muchos de los desaf\u00edos que enfrentamos en Am\u00e9rica Latina, El Caribe y el Mundo.<\/p>\n<p>Nuestro pa\u00eds defiende que, tan importante es trabajar d\u00eda a d\u00eda por la reducci\u00f3n de la miseria, como establecer estrategias para garantizar que el camino de salida de la pobreza sea una ruta sin retorno.<\/p>\n<p>Sin embargo, para que estas metas se realicen, para que logremos sacar de la pobreza a cientos de millones de personas, es necesario algo m\u00e1s que adoptar una serie de recetas e indicadores.<\/p>\n<p>Es urgente realizar cambios profundos en las formas en que se dan los intercambios comerciales y los flujos financieros.<\/p>\n<p>Es decir, es necesario revisar las reglas del juego entre pa\u00edses ricos y pobres.<\/p>\n<p>Hablemos del comercio. Vivimos en una era de apertura comercial sin precedentes, y mi pa\u00eds, la Rep\u00fablica Dominicana, como otros muchos, ha suscrito acuerdos de libre comercio con los principales bloques econ\u00f3micos.<\/p>\n<p>Esto deber\u00eda ser mutuamente beneficioso y en muchos casos lo es. Sin embargo, si me permiten decirlo con total franqueza, hay ocasiones en las que los pa\u00edses grandes caen en la hipocres\u00eda.<\/p>\n<p>Tras m\u00e1s de medio siglo en el cual todo el mundo se proteg\u00eda de todo aquello que otros pa\u00edses pod\u00edan producir mejor.<\/p>\n<p>Ahora se niegan a reducir el proteccionismo al interior de sus fronteras, al tiempo que en los tratados de libre comercio se lo exigen a sus contrapartes de los pa\u00edses en desarrollo.<\/p>\n<p>Se quiere que nosotros, los pa\u00edses en v\u00eda de desarrollo, eliminemos la protecci\u00f3n a los bienes industriales, pero ellos no eliminan los subsidios agr\u00edcolas.<\/p>\n<p>Para los pr\u00f3ximos cinco a\u00f1os, Estados Unidos emplear\u00e1 97,800 millones de d\u00f3lares en promedio anual, para apoyar su sector agropecuario y por su parte, la Uni\u00f3n Europea en su pol\u00edtica de subsidio plurianual para el per\u00edodo 2014- 2020, dedica otros 408 mil millones de euros para subsidiar a su sector agropecuario.<\/p>\n<p>El proteccionismo agr\u00edcola de los pa\u00edses ricos, les permite as\u00ed inclinar los mercados en su favor, mientras que los aranceles y las barreras comerciales excluyen de forma rutinaria a los productos de los pa\u00edses en v\u00eda de desarrollo.<\/p>\n<p>Adem\u00e1s, otras barreras no arancelarias, tales como reglamentaciones fitosanitarias, cuando no son transparentes, ofrecen tambi\u00e9n impedimentos adicionales a los agricultores de los pa\u00edses en v\u00eda de desarrollo que procuran ingresar al mercado global.<\/p>\n<p>En vez de permitir estas distorsiones del mercado, en vez de hacer declaraciones ret\u00f3ricas, los pa\u00edses desarrollados deben dar pasos concretos para llevar a la pr\u00e1ctica el ideal del comercio libre y justo.<\/p>\n<p>Recientemente, los pa\u00edses que tenemos tratados de libre comercio nos hemos visto obligados a revisar los t\u00e9rminos de los acuerdos existentes a causa de estas pr\u00e1cticas de proteccionismo, que generan situaciones de competencia desigual.<\/p>\n<p>Para ayudar, los pa\u00edses industrializados deben aceptar una reducci\u00f3n significativa de los subsidios durante las negociaciones comerciales actuales y, a la vez, asegurarse de que aumente la financiaci\u00f3n en materia de desarrollo rural.<\/p>\n<p>Se\u00f1oras y se\u00f1ores,<\/p>\n<p>De la misma forma que debemos buscar un comercio m\u00e1s justo, tambi\u00e9n debemos buscar que los flujos financieros sean aliados del desarrollo y de la productividad.<\/p>\n<p>Desde hace tiempo vivimos en una econom\u00eda donde el sector financiero gana una importancia cada vez mayor. Esta es una realidad que trae tantas oportunidades como peligros.<\/p>\n<p>Todos pudimos comprobar, por ejemplo, como una crisis puramente financiera, como la que se desat\u00f3 en el a\u00f1o 2008, a partir de la quiebra de Lehman Brothers, logr\u00f3 en pocos meses poner en peligro los esfuerzos de desarrollo de a\u00f1os o d\u00e9cadas en muchos de nuestros pa\u00edses.<\/p>\n<p>Hemos tenido tambi\u00e9n ocasi\u00f3n de comprobar como la libertad de movimiento de capitales puede ser usada con motivos de evasi\u00f3n fiscal o blanqueo de capitales.<\/p>\n<p>La Rep\u00fablica Dominicana, como tantos de los pa\u00edses presentes, solo pueden beneficiarse de unos mercados financieros m\u00e1s estables, m\u00e1s predecibles y mejor regulados.<\/p>\n<p>As\u00ed, este a\u00f1o hemos comenzado a adoptar las recomendaciones del Grupo de Acci\u00f3n Financiera de Latinoam\u00e9rica (GAFILAT) contra el blanqueo de capitales.<\/p>\n<p>Estas medidas incluyen una mayor supervisi\u00f3n de las instituciones financieras, mayor transparencia de las personas jur\u00eddicas y de la titularidad de los activos, vigilancia de transferencias electr\u00f3nicas, pol\u00edticas de conservaci\u00f3n de documentos, un marco de cooperaci\u00f3n internacional y asistencia jur\u00eddica mutua, entre otras medidas destinadas a hacer m\u00e1s seguro y transparente el sistema bancario dominicano.<\/p>\n<p>Tambi\u00e9n conviene se\u00f1alar que noticias como la del reciente fallo de la Uni\u00f3n Europea, condenando a la empresa tecnol\u00f3gica Apple por 13 mil millones de euros en impuestos eludidos, ponen en evidencia una realidad que ya conoc\u00edamos hace tiempo.<\/p>\n<p>Que los para\u00edsos fiscales no son esencialmente soleadas rep\u00fablicas del Caribe. Por el contrario, la gran mayor\u00eda est\u00e1n bajo jurisdicci\u00f3n de los pa\u00edses m\u00e1s ricos.<\/p>\n<p>Adem\u00e1s, contrariamente a la idea tan difundida sobre los para\u00edsos fiscales como mero refugio del dinero, son en mayor medida plataformas para operar financiera y comercialmente en los mercados mundiales de capitales.<\/p>\n<p>Es decir, no es dinero guardado en un colch\u00f3n, sino que forman parte \u00edntegra de la econom\u00eda real, sustray\u00e9ndole recursos, y robando a los Estados sus prerrogativas de soberan\u00eda fiscal.<\/p>\n<p>La falta de regulaci\u00f3n ha venido allanado el camino a los evasores y haciendo m\u00e1s complejo el trabajo de la administraci\u00f3n fiscal. Esta es una gran amenaza para el financiamiento del Estado en todo el mundo, dificultando a los gobiernos el cumplimiento de las grandes responsabilidades con sus ciudadanos.<\/p>\n<p>Saludamos, por tanto, las iniciativas en todo el mundo que dan esperanza de avanzar hacia una mayor regulaci\u00f3n de los para\u00edsos fiscales.<\/p>\n<p>Entendemos, adem\u00e1s, que la regulaci\u00f3n de los para\u00edsos fiscales ha de integrarse en la demanda de una mayor regulaci\u00f3n y supervisi\u00f3n p\u00fablica efectiva de los mercados financieros, para ponerlos al servicio de la econom\u00eda real y de la ciudadan\u00eda.<\/p>\n<p>Se\u00f1oras y se\u00f1ores,<\/p>\n<p>Nuestra responsabilidad es, seguir sacando a millones de personas de la pobreza, pero estableciendo las pol\u00edticas de educaci\u00f3n, salud, empleo y seguridad social que apuntalen lo conquistado y permitan seguir avanzando.<\/p>\n<p>Vamos a seguir apostando por el intercambio mundial de bienes y servicios. Pero hag\u00e1moslo asegur\u00e1ndonos de que esos intercambios sean justos y en igualdad de condiciones.<\/p>\n<p>Vamos a abrir de par en par las puertas a la inversi\u00f3n, multiplicando las posibilidades de producci\u00f3n, investigaci\u00f3n y crecimiento. Pero que se haga con las garant\u00edas de justicia y transparencia necesarias para que, a medio y largo plazo, esta inversi\u00f3n y este crecimiento, est\u00e9n al servicio de las grandes mayor\u00edas, y no de unos pocos.<\/p>\n<p>Vamos a buscar los consensos necesarios para humanizar la econom\u00eda global.<\/p>\n<p>Vamos a llevar el aperturismo que solicitamos para los capitales a la gesti\u00f3n de los flujos migratorios.<\/p>\n<p>Vamos a poner la misma creatividad y entusiasmo que empleamos en la puesta en marcha de negocios lucrativos, en la b\u00fasqueda de soluciones para los que menos tienen.<\/p>\n<p>Los millones de personas que recientemente han salido de la pobreza son la mejor muestra de que es posible lograr grandes cosas cuando hay voluntad pol\u00edtica.<\/p>\n<p>Estos millones de hombres y mujeres son, tambi\u00e9n, nuestro motivo m\u00e1s urgente y nuestros mejores aliados para seguir trabajando.<\/p>\n<p>Hemos dado grandes pasos, pero nos quedan muchos m\u00e1s por dar.<\/p>\n<p>Pasos que requieren de audacia y honestidad.<\/p>\n<p>Pasos que incluyen destruir tab\u00faes, repensar los paradigmas y redefinir las reglas del juego.<\/p>\n<p>Nuestro pa\u00eds apuesta por la reducci\u00f3n sustancial de las desigualdades, pero no solo entre los habitantes m\u00e1s ricos y m\u00e1s pobres de nuestros pa\u00edses, sino tambi\u00e9n en la configuraci\u00f3n de las relaciones internacionales entre pa\u00edses pobres y pa\u00edses ricos.<\/p>\n<p>Sent\u00e9monos a dialogar desde el respeto mutuo y la igualdad, sin privilegios y por el bien com\u00fan.<\/p>\n<p>Y hag\u00e1moslo convencidos de que esta es la \u00fanica forma en que la humanidad en su conjunto ganar\u00e1.<\/p>\n<p>El tiempo de los juegos de suma cero pas\u00f3.<\/p>\n<p>Este es el tiempo en el que todos a\u00f1adimos valor, en el que las alianzas se conforman para construir y en el que ning\u00fan aliado es peque\u00f1o.<\/p>\n<p>Cuenten siempre con la Rep\u00fablica Dominicana para avanzar en este camino.<\/p>\n<p>Cuente siempre con nuestro pa\u00eds para trabajar por las grandes mayor\u00edas que necesitan de nosotros.<\/p>\n<\/p>\n<p><strong>Muchas gracias<\/strong><\/p>\n<h6> 2016-09-21 16:36:08 <\/h6>\n<p><!--\n<link rel=\"stylesheet\" href=\"css\/bootstrap.min.css\">\n\n\n<ul class=\"pagination\">\n\t    \n\t\n\n<li >\n\t<a href='?page_no=12000'>Previous<\/a>\n\t<\/li>\n\n\n       \n    \n\n<li><a href='?page_no=1'>1<\/a><\/li>\n\n\n\n<li><a href='?page_no=2'>2<\/a><\/li>\n\n\n\n<li><a>...<\/a><\/li>\n\n\n\n<li><a href='?page_no=11999'>11999<\/a><\/li>\n\n\n\n<li><a href='?page_no=12000'>12000<\/a><\/li>\n\n\n\n<li class='active'><a>12001<\/a><\/li>\n\n\n\n<li><a href='?page_no=12002'>12002<\/a><\/li>\n\n\n\n<li><a href='?page_no=12003'>12003<\/a><\/li>\n\n\n\n<li><a>...<\/a><\/li>\n\n\n\n<li><a href='?page_no=56169'>56169<\/a><\/li>\n\n\n\n<li><a href='?page_no=56170'>56170<\/a><\/li>\n\n    \n\t\n\n<li >\n\t<a href='?page_no=12002'>Next<\/a>\n\t<\/li>\n\n\n    \n\n<li><a href='?page_no=56170'>Last &rsaquo;&rsaquo;<\/a><\/li>\n\n<\/ul>\n\n\n--><br \/>\n<\/body><\/p>\n","protected":false},"excerpt":{"rendered":"<p>Nueva York, 21 de septiembre .-El presidente Danilo Medina expres\u00f3 que el 2016 est\u00e1 resultando un a\u00f1o turbulento, con conflictos territoriales y tensiones identintarias abiertas en diferentes puntos del mundo. En su discurso ante la Asamblea General de las Naciones Unidas, el Mandatario dominicano exhort\u00f3 a la comunidad internacional encontrar una salida pac\u00edfica a esos [&hellip;]<\/p>\n","protected":false},"author":3,"featured_media":0,"comment_status":"open","ping_status":"open","sticky":false,"template":"","format":"standard","meta":{"footnotes":""},"categories":[20],"tags":[],"class_list":["post-217485","post","type-post","status-publish","format-standard","hentry","category-dominicana-hoy"],"_links":{"self":[{"href":"https:\/\/diariodominicano.com\/index.php?rest_route=\/wp\/v2\/posts\/217485","targetHints":{"allow":["GET"]}}],"collection":[{"href":"https:\/\/diariodominicano.com\/index.php?rest_route=\/wp\/v2\/posts"}],"about":[{"href":"https:\/\/diariodominicano.com\/index.php?rest_route=\/wp\/v2\/types\/post"}],"author":[{"embeddable":true,"href":"https:\/\/diariodominicano.com\/index.php?rest_route=\/wp\/v2\/users\/3"}],"replies":[{"embeddable":true,"href":"https:\/\/diariodominicano.com\/index.php?rest_route=%2Fwp%2Fv2%2Fcomments&post=217485"}],"version-history":[{"count":0,"href":"https:\/\/diariodominicano.com\/index.php?rest_route=\/wp\/v2\/posts\/217485\/revisions"}],"wp:attachment":[{"href":"https:\/\/diariodominicano.com\/index.php?rest_route=%2Fwp%2Fv2%2Fmedia&parent=217485"}],"wp:term":[{"taxonomy":"category","embeddable":true,"href":"https:\/\/diariodominicano.com\/index.php?rest_route=%2Fwp%2Fv2%2Fcategories&post=217485"},{"taxonomy":"post_tag","embeddable":true,"href":"https:\/\/diariodominicano.com\/index.php?rest_route=%2Fwp%2Fv2%2Ftags&post=217485"}],"curies":[{"name":"wp","href":"https:\/\/api.w.org\/{rel}","templated":true}]}}