{"id":217484,"date":"2016-09-22T09:15:32","date_gmt":"2016-09-22T09:15:32","guid":{"rendered":"http:\/\/diariodominicano.ddns.net\/?p=217484"},"modified":"2016-09-22T09:15:32","modified_gmt":"2016-09-22T09:15:32","slug":"medina-y-privert-acuerdan-encuentro-entre-cancilleres-y-directores-de-aduanas","status":"publish","type":"post","link":"https:\/\/diariodominicano.com\/?p=217484","title":{"rendered":"Medina y Privert acuerdan encuentro entre cancilleres y directores de Aduanas"},"content":{"rendered":"<p><body><\/p>\n<p><img decoding=\"async\" src=\"img3\/danilo22-9..jpg\" \/>  <\/p>\n<p><span class=\"text1noticias\">Nueva York, 22 de septiembre.- El presidente dominicano y su hom\u00f3logo de Hait\u00ed sostuvieron una reuni\u00f3n bilateral. Danilo Medina y Jocelerme Privert acordaron un encuentro entre sus respectivos cancilleres y directores de Aduanas.<\/span><\/p>\n<p><span class=\"text1noticias\"> <\/span><\/p>\n<p><span class=\"text1noticias\">El presidente haitiano extern\u00f3 su deseo de seguir mejorando las relaciones de su pa\u00eds con Rep\u00fablica Dominicana. Dijo que har\u00e1 todo lo que est\u00e9 a su alcance. Adem\u00e1s, explic\u00f3 los avances del proceso electoral que se lleva a cabo en la vecina naci\u00f3n.<\/span><\/p>\n<p><span class=\"text1noticias\"> <\/span><\/p>\n<p><span class=\"text1noticias\">Dicho encuentro se desarroll\u00f3 en el marco de la 71 Asamblea General de las Naciones Unidas.  <\/span><\/p>\n<p><span class=\"text1noticias\"> <\/span><\/p>\n<p><span class=\"text1noticias\">Acompa\u00f1aron al jefe de Estado dominicano el ministro administrativo de la Presidencia, Jos\u00e9 Ram\u00f3n Peralta. Tambi\u00e9n el canciller Miguel Vargas y el embajador dominicano en la ONU, Frank Cortorreal. Asimismo, el Portavoz del Gobierno, Roberto Rodr\u00edguez Marchena.<\/span><\/p>\n<p><span class=\"text1noticias\"> <\/span><\/p>\n<p><span class=\"text1noticias\">Danilo Medina y Jocelerme Privert se reunieron en junio pasado<\/span><\/p>\n<p><span class=\"text1noticias\"> <\/span><\/p>\n<p><span class=\"text1noticias\">En junio de este a\u00f1o, Danilo Medina y Jocelerme Privert se reunieron. Fue en la VII Cumbre de Jefes de Estado y de Gobierno de la Asociaci\u00f3n de Estados del Caribe (AEC), en Cuba. Acordaron retomar los trabajos para avanzar en la agenda com\u00fan de la Rep\u00fablica Dominicana y H<\/span>ait\u00ed.<\/p>\n<h6> 2016-09-22 09:15:32 <\/h6>\n<p><!--\n<link rel=\"stylesheet\" href=\"css\/bootstrap.min.css\">\n\n\n<ul class=\"pagination\">\n\t    \n\t\n\n<li >\n\t<a href='?page_no=11999'>Previous<\/a>\n\t<\/li>\n\n\n       \n    \n\n<li><a href='?page_no=1'>1<\/a><\/li>\n\n\n\n<li><a href='?page_no=2'>2<\/a><\/li>\n\n\n\n<li><a>...<\/a><\/li>\n\n\n\n<li><a href='?page_no=11998'>11998<\/a><\/li>\n\n\n\n<li><a href='?page_no=11999'>11999<\/a><\/li>\n\n\n\n<li class='active'><a>12000<\/a><\/li>\n\n\n\n<li><a href='?page_no=12001'>12001<\/a><\/li>\n\n\n\n<li><a href='?page_no=12002'>12002<\/a><\/li>\n\n\n\n<li><a>...<\/a><\/li>\n\n\n\n<li><a href='?page_no=56169'>56169<\/a><\/li>\n\n\n\n<li><a href='?page_no=56170'>56170<\/a><\/li>\n\n    \n\t\n\n<li >\n\t<a href='?page_no=12001'>Next<\/a>\n\t<\/li>\n\n\n    \n\n<li><a href='?page_no=56170'>Last &rsaquo;&rsaquo;<\/a><\/li>\n\n<\/ul>\n\n\n--><br \/>\n<\/body><\/p>\n","protected":false},"excerpt":{"rendered":"<p>Nueva York, 22 de septiembre.- El presidente dominicano y su hom\u00f3logo de Hait\u00ed sostuvieron una reuni\u00f3n bilateral. Danilo Medina y Jocelerme Privert acordaron un encuentro entre sus respectivos cancilleres y directores de Aduanas. El presidente haitiano extern\u00f3 su deseo de seguir mejorando las relaciones de su pa\u00eds con Rep\u00fablica Dominicana. Dijo que har\u00e1 todo lo [&hellip;]<\/p>\n","protected":false},"author":3,"featured_media":0,"comment_status":"open","ping_status":"open","sticky":false,"template":"","format":"standard","meta":{"footnotes":""},"categories":[20],"tags":[],"class_list":["post-217484","post","type-post","status-publish","format-standard","hentry","category-dominicana-hoy"],"_links":{"self":[{"href":"https:\/\/diariodominicano.com\/index.php?rest_route=\/wp\/v2\/posts\/217484","targetHints":{"allow":["GET"]}}],"collection":[{"href":"https:\/\/diariodominicano.com\/index.php?rest_route=\/wp\/v2\/posts"}],"about":[{"href":"https:\/\/diariodominicano.com\/index.php?rest_route=\/wp\/v2\/types\/post"}],"author":[{"embeddable":true,"href":"https:\/\/diariodominicano.com\/index.php?rest_route=\/wp\/v2\/users\/3"}],"replies":[{"embeddable":true,"href":"https:\/\/diariodominicano.com\/index.php?rest_route=%2Fwp%2Fv2%2Fcomments&post=217484"}],"version-history":[{"count":0,"href":"https:\/\/diariodominicano.com\/index.php?rest_route=\/wp\/v2\/posts\/217484\/revisions"}],"wp:attachment":[{"href":"https:\/\/diariodominicano.com\/index.php?rest_route=%2Fwp%2Fv2%2Fmedia&parent=217484"}],"wp:term":[{"taxonomy":"category","embeddable":true,"href":"https:\/\/diariodominicano.com\/index.php?rest_route=%2Fwp%2Fv2%2Fcategories&post=217484"},{"taxonomy":"post_tag","embeddable":true,"href":"https:\/\/diariodominicano.com\/index.php?rest_route=%2Fwp%2Fv2%2Ftags&post=217484"}],"curies":[{"name":"wp","href":"https:\/\/api.w.org\/{rel}","templated":true}]}}