{"id":217481,"date":"2020-11-28T09:33:28","date_gmt":"2020-11-28T09:33:28","guid":{"rendered":"http:\/\/diariodominicano.ddns.net\/?p=217481"},"modified":"2020-11-28T09:33:28","modified_gmt":"2020-11-28T09:33:28","slug":"poder-ejecutivo-suspende-36-funcionarios-por-no-presentar-sus-declaraciones-juradas-de-bienes","status":"publish","type":"post","link":"https:\/\/diariodominicano.com\/?p=217481","title":{"rendered":"Poder Ejecutivo suspende 36 funcionarios por no presentar sus declaraciones juradas de bienes"},"content":{"rendered":"<p><body><\/p>\n<p><img decoding=\"async\" src=\"img3\/MilagrosOrtizB28-11-20.jpeg\" \/>  <\/p>\n<p><span class=\"text1noticias\"> <\/span><\/p>\n<p><span class=\"text1noticias\">diariodominicano.com<\/span><\/p>\n<p><span class=\"text1noticias\"> <\/span><\/p>\n<p><span class=\"text1noticias\">Santo Domingo, R. D., 28 de noviembre, 2020.- La directora de \u00c9tica e Integridad Gubernamental, Milagros Ortiz Bosch, revel\u00f3 este viernes que el presidente de la Rep\u00fablica, Luis Abinader, suspendi\u00f3, de manera provisional, a 36 funcionarios por no presentar en el plazo de ley sus declaraciones juradas de bienes.<\/span><\/p>\n<p><span class=\"text1noticias\"> <\/span><\/p>\n<p><span class=\"text1noticias\">Ortiz Bosch explic\u00f3 que el mandatario suspendi\u00f3 a los funcionarios mediante el decreto n\u00famero 674-20, en el que entre sus motivaciones resalta el alto inter\u00e9s de la presente administraci\u00f3n en mantener el m\u00e1s estricto apego de sus funcionarios a los principios de \u00e9tica, transparencia, juridicidad y buena administraci\u00f3n.<\/span><\/p>\n<p><span class=\"text1noticias\"> <\/span><\/p>\n<p><span class=\"text1noticias\">La funcionaria al ofrecer sus declaraciones estuvo acompa\u00f1ada del consultor Jur\u00eddico del Poder Ejecutivo, Antoliano Peralta Romero.<\/span><\/p>\n<p><span class=\"text1noticias\"> <\/span><\/p>\n<p><span class=\"text1noticias\">Ortiz Bosch indic\u00f3 que los funcionarios quedan apartados de sus cargos y sin disfrute de salario hasta que cumplan con lo dispuesto por la ley que instituy\u00f3 el Sistema Nacional Autorizado y Uniforme de Declaraciones Juradas de Patrimonio y Servidores P\u00fablicos.<\/span><\/p>\n<p><span class=\"text1noticias\"> <\/span><\/p>\n<p><span class=\"text1noticias\">Precis\u00f3 que por primera vez se hace un esfuerzo serio en la aplicaci\u00f3n de la ley y se establecen consecuencias.<\/span><\/p>\n<p><span class=\"text1noticias\"> <\/span><\/p>\n<p><span class=\"text1noticias\">Resalt\u00f3 adem\u00e1s que la actual gesti\u00f3n de gobierno env\u00eda con esto un mensaje a sus propios funcionarios sobre la importancia de que todos cumplan la ley.<\/span><\/p>\n<p><span class=\"text1noticias\"> <\/span><\/p>\n<p><span class=\"text1noticias\">La suspensi\u00f3n fue realizada a partir de la informaci\u00f3n suministrada por la C\u00e1mara de Cuentas con respecto a los funcionarios que, aun siendo se\u00f1alados por la Ley 311-14, rebasaron el plazo de treinta (30) d\u00edas para hacer la presentaci\u00f3n ante el referido \u00f3rgano constitucional.<\/span><\/p>\n<p><span class=\"text1noticias\"> <\/span><\/p>\n<p><span class=\"text1noticias\">Lista de suspendidos<\/span><\/p>\n<p><span class=\"text1noticias\"> <\/span><\/p>\n<p><span class=\"text1noticias\">Indic\u00f3 que los suspendidos son: Fernando Jos\u00e9 Viyella Valencia y Miguel \u00c1ngel Lajara Pe\u00f1a, de Autoridad Portuaria Dominicana; Arismendy de Jes\u00fas Almonte Bueno, Francisco Leonis Fern\u00e1ndez Onofre, H\u00e9ctor Radham\u00e9s Gonz\u00e1lez Medina y Persio C\u00e1ndido Cruz Pichardo, del Banco Agr\u00edcola; Te\u00f3filo de Jes\u00fas G\u00f3mez Rodr\u00edguez, Comisi\u00f3n Aeroportuaria; Te\u00f3filo Sosa Carri\u00f3n, de la Comisi\u00f3n Presidencial de Apoyo al Desarrollo Barrial.<\/span><\/p>\n<p><span class=\"text1noticias\"> <\/span><\/p>\n<p><span class=\"text1noticias\">Tambi\u00e9n, Francisco V\u00e1squez y Erodis Fernelis D\u00edaz D\u00edaz, del Consejo de Coordinaci\u00f3n de la Zona Especial para el Desarrollo Fronterizo y Jos\u00e9 Antonio S\u00e1nchez Mart\u00ednez, del Consejo Nacional de Fronteras.<\/span><\/p>\n<p><span class=\"text1noticias\"> <\/span><\/p>\n<p><span class=\"text1noticias\">Del mismo modo, Eriberto Jos\u00e9 Grull\u00f3n Acosta, Hugo Alberto Taveras Bautista y Jos\u00e9 Luis Polanco Henr\u00edquez, de la Corporaci\u00f3n del Acueducto y Alcantarillado de Moca.<\/span><\/p>\n<p><span class=\"text1noticias\"> <\/span><\/p>\n<p><span class=\"text1noticias\">Asimismo, Benjam\u00edn Reynoso Cabrera, Francisco Javier Santoni Fiallo, de la Corporaci\u00f3n de Acueducto y Alcantarillado de Santo Domingo; Juan Alberto Dur\u00e1n \u00c1lvarez y Otto Manuel G\u00f3mez S\u00e1nchez, de la Corporaci\u00f3n de Acueducto y Alcantarillado de Puerto Plata.<\/span><\/p>\n<p><span class=\"text1noticias\"> <\/span><\/p>\n<p><span class=\"text1noticias\">Adem\u00e1s, Silvestre Ventura, subdirector de la Direcci\u00f3n General de Migraci\u00f3n; Jos\u00e9 del Carmen Oviedo Tejada, Direcci\u00f3n General de Ordenamiento y Desarrollo; Le\u00f3nidas Ceballos Santana y M\u00e1ximo Antonio G\u00f3mez Pe\u00f1a, de la Empresa de Generaci\u00f3n Hidroel\u00e9ctrica Dominicana.<\/span><\/p>\n<p><span class=\"text1noticias\"> <\/span><\/p>\n<p><span class=\"text1noticias\">Se agregan tambi\u00e9n, Carlos Espinal, subdirector general del Teatro Nacional Eduardo Brito; Marcia Margarita Rodr\u00edguez G\u00f3mez, Instituto Nacional de Tr\u00e1nsito y Transporte Terrestre; \u00c1ngel Dar\u00edo Ram\u00edrez Medina, Antonio Trinidad Ferrera, Denny Mauro Olivero Encarnaci\u00f3n, F\u00e9lix Manuel Beltr\u00e9, Francisco Alberto Jim\u00e9nez Sena, Francisco Jim\u00e9nez Reyes, Juan Adolfo Familia Beltr\u00e9, M\u00e1ximo Flori\u00e1n Sierra y Menni Lolin Cuevas Gonz\u00e1lez, del Instituto para el Desarrollo del Suroeste.<\/span><\/p>\n<p><span class=\"text1noticias\"> <\/span><\/p>\n<p><span class=\"text1noticias\">Del Instituto Postal Dominicano, fueron suspendidos Fernando Arturo Ram\u00edrez Qui\u00f1ones, Oscar David Reyes Baldwin y Yocasta<\/span> Lara Hern\u00e1ndez.<\/p>\n<\/p>\n<p>Fuente: Presidencia de la Rep\u00fablica Dominicana<\/p>\n<p>Noticias<\/p>\n<h6> 2020-11-28 09:33:28 <\/h6>\n<p><!--\n<link rel=\"stylesheet\" href=\"css\/bootstrap.min.css\">\n\n\n<ul class=\"pagination\">\n\t    \n\t\n\n<li >\n\t<a href='?page_no=11'>Previous<\/a>\n\t<\/li>\n\n\n       \n    \n\n<li><a href='?page_no=1'>1<\/a><\/li>\n\n\n\n<li><a href='?page_no=2'>2<\/a><\/li>\n\n\n\n<li><a>...<\/a><\/li>\n\n\n\n<li><a href='?page_no=10'>10<\/a><\/li>\n\n\n\n<li><a href='?page_no=11'>11<\/a><\/li>\n\n\n\n<li class='active'><a>12<\/a><\/li>\n\n\n\n<li><a href='?page_no=13'>13<\/a><\/li>\n\n\n\n<li><a href='?page_no=14'>14<\/a><\/li>\n\n\n\n<li><a>...<\/a><\/li>\n\n\n\n<li><a href='?page_no=56169'>56169<\/a><\/li>\n\n\n\n<li><a href='?page_no=56170'>56170<\/a><\/li>\n\n    \n\t\n\n<li >\n\t<a href='?page_no=13'>Next<\/a>\n\t<\/li>\n\n\n    \n\n<li><a href='?page_no=56170'>Last &rsaquo;&rsaquo;<\/a><\/li>\n\n<\/ul>\n\n\n--><br \/>\n<\/body><\/p>\n","protected":false},"excerpt":{"rendered":"<p>diariodominicano.com Santo Domingo, R. D., 28 de noviembre, 2020.- La directora de \u00c9tica e Integridad Gubernamental, Milagros Ortiz Bosch, revel\u00f3 este viernes que el presidente de la Rep\u00fablica, Luis Abinader, suspendi\u00f3, de manera provisional, a 36 funcionarios por no presentar en el plazo de ley sus declaraciones juradas de bienes. Ortiz Bosch explic\u00f3 que el [&hellip;]<\/p>\n","protected":false},"author":3,"featured_media":0,"comment_status":"open","ping_status":"open","sticky":false,"template":"","format":"standard","meta":{"footnotes":""},"categories":[20],"tags":[],"class_list":["post-217481","post","type-post","status-publish","format-standard","hentry","category-dominicana-hoy"],"_links":{"self":[{"href":"https:\/\/diariodominicano.com\/index.php?rest_route=\/wp\/v2\/posts\/217481","targetHints":{"allow":["GET"]}}],"collection":[{"href":"https:\/\/diariodominicano.com\/index.php?rest_route=\/wp\/v2\/posts"}],"about":[{"href":"https:\/\/diariodominicano.com\/index.php?rest_route=\/wp\/v2\/types\/post"}],"author":[{"embeddable":true,"href":"https:\/\/diariodominicano.com\/index.php?rest_route=\/wp\/v2\/users\/3"}],"replies":[{"embeddable":true,"href":"https:\/\/diariodominicano.com\/index.php?rest_route=%2Fwp%2Fv2%2Fcomments&post=217481"}],"version-history":[{"count":0,"href":"https:\/\/diariodominicano.com\/index.php?rest_route=\/wp\/v2\/posts\/217481\/revisions"}],"wp:attachment":[{"href":"https:\/\/diariodominicano.com\/index.php?rest_route=%2Fwp%2Fv2%2Fmedia&parent=217481"}],"wp:term":[{"taxonomy":"category","embeddable":true,"href":"https:\/\/diariodominicano.com\/index.php?rest_route=%2Fwp%2Fv2%2Fcategories&post=217481"},{"taxonomy":"post_tag","embeddable":true,"href":"https:\/\/diariodominicano.com\/index.php?rest_route=%2Fwp%2Fv2%2Ftags&post=217481"}],"curies":[{"name":"wp","href":"https:\/\/api.w.org\/{rel}","templated":true}]}}