{"id":217480,"date":"2016-09-22T09:15:42","date_gmt":"2016-09-22T09:15:42","guid":{"rendered":"http:\/\/diariodominicano.ddns.net\/?p=217480"},"modified":"2016-09-22T09:15:42","modified_gmt":"2016-09-22T09:15:42","slug":"alcaldia-san-cristobal-acuerda-con-mopc-resolver-caos-en-transito-local","status":"publish","type":"post","link":"https:\/\/diariodominicano.com\/?p=217480","title":{"rendered":"Alcald\u00eda  San Crist\u00f3bal acuerda con MOPC resolver caos en tr\u00e1nsito local"},"content":{"rendered":"<p><body><\/p>\n<p><span class=\"text1noticias\">San Crist\u00f3bal, R. D., 22 de septiembre.- El alcalde de este municipio, Nelson Guill\u00e9n, realiz\u00f3 este martes una reuni\u00f3n con una comisi\u00f3n de la Direcci\u00f3n de Se\u00f1alizaci\u00f3n Vial del Ministerio de Obras P\u00fablicas (MOPC), en la que acordaron resolver el caos en el tr\u00e1nsito local.<\/span><\/p>\n<p><span class=\"text1noticias\"> <\/span><\/p>\n<p><span class=\"text1noticias\">Durante el encuentro, Guill\u00e9n plante\u00f3 las dificultades viales relacionadas a la poca se\u00f1alizaci\u00f3n de las calles, la falta de sem\u00e1foros y la poca delimitaci\u00f3n de parqueos en las principales avenidas.<\/span><\/p>\n<p><span class=\"text1noticias\"> <\/span><\/p>\n<p><span class=\"text1noticias\">En ese sentido, indic\u00f3 que uno de los problemas es provocado por la gran cantidad de plazas comerciales y otras edificaciones que fueron construidas sin contemplar parqueos para sus visitantes.<\/span><\/p>\n<p><span class=\"text1noticias\"> <\/span><\/p>\n<p><span class=\"text1noticias\">Otro de los problemas planteados por el funcionario, fue que muchas escuelas, colegios y hospitales carecen de se\u00f1ales que alerten a los conductores sobre la necesidad de tener precauci\u00f3n en esas \u00e1reas de alto flujo de personas, lo que aumenta el riesgo de accidentes.<\/span><\/p>\n<p><span class=\"text1noticias\"> <\/span><\/p>\n<p><span class=\"text1noticias\">La comisi\u00f3n de MOPC, integrada por Aracelis Castillo y Luis Amaury Santana, quienes luego de reconocer que realmente existe un problema de tr\u00e1nsito en el municipio, dijeron que esa entidad est\u00e1 en la disposici\u00f3n de colaborar para resolver esas dificultades. <\/span><\/p>\n<p><span class=\"text1noticias\"> <\/span><\/p>\n<p><span class=\"text1noticias\">Desde que tom\u00f3 posesi\u00f3n, el alcalde Nelson Guill\u00e9n ha estado realizando reuniones con diversas instituciones relacionadas al tr\u00e1nsito, entre ellas la Autoridad Metropolitana de transporte (Amet), en aras de mejorar las condiciones de vida de los mun\u00edcipes  de esa demarcaci\u00f3n.<\/span><\/p>\n<p><span class=\"text1noticias\"> <\/span><\/p>\n<p><span class=\"text1noticias\">El alcalde estuvo acompa\u00f1ado de varios funcionarios del ayuntamiento entre ellos Leonardo Reinoso, secretario general; Sagrario de la Rosa, encargada de obras p\u00fablicas; Yanet C\u00e9spedes, encargada de saneamiento y limpieza y Sila Faxas, encargada de planeamiento ur<\/span>bano.<\/p>\n<h6> 2016-09-22 09:15:42 <\/h6>\n<p><!--\n<link rel=\"stylesheet\" href=\"css\/bootstrap.min.css\">\n\n\n<ul class=\"pagination\">\n\t    \n\t\n\n<li >\n\t<a href='?page_no=11998'>Previous<\/a>\n\t<\/li>\n\n\n       \n    \n\n<li><a href='?page_no=1'>1<\/a><\/li>\n\n\n\n<li><a href='?page_no=2'>2<\/a><\/li>\n\n\n\n<li><a>...<\/a><\/li>\n\n\n\n<li><a href='?page_no=11997'>11997<\/a><\/li>\n\n\n\n<li><a href='?page_no=11998'>11998<\/a><\/li>\n\n\n\n<li class='active'><a>11999<\/a><\/li>\n\n\n\n<li><a href='?page_no=12000'>12000<\/a><\/li>\n\n\n\n<li><a href='?page_no=12001'>12001<\/a><\/li>\n\n\n\n<li><a>...<\/a><\/li>\n\n\n\n<li><a href='?page_no=56169'>56169<\/a><\/li>\n\n\n\n<li><a href='?page_no=56170'>56170<\/a><\/li>\n\n    \n\t\n\n<li >\n\t<a href='?page_no=12000'>Next<\/a>\n\t<\/li>\n\n\n    \n\n<li><a href='?page_no=56170'>Last &rsaquo;&rsaquo;<\/a><\/li>\n\n<\/ul>\n\n\n--><br \/>\n<\/body><\/p>\n","protected":false},"excerpt":{"rendered":"<p>San Crist\u00f3bal, R. D., 22 de septiembre.- El alcalde de este municipio, Nelson Guill\u00e9n, realiz\u00f3 este martes una reuni\u00f3n con una comisi\u00f3n de la Direcci\u00f3n de Se\u00f1alizaci\u00f3n Vial del Ministerio de Obras P\u00fablicas (MOPC), en la que acordaron resolver el caos en el tr\u00e1nsito local. Durante el encuentro, Guill\u00e9n plante\u00f3 las dificultades viales relacionadas a [&hellip;]<\/p>\n","protected":false},"author":3,"featured_media":0,"comment_status":"open","ping_status":"open","sticky":false,"template":"","format":"standard","meta":{"footnotes":""},"categories":[20],"tags":[],"class_list":["post-217480","post","type-post","status-publish","format-standard","hentry","category-dominicana-hoy"],"_links":{"self":[{"href":"https:\/\/diariodominicano.com\/index.php?rest_route=\/wp\/v2\/posts\/217480","targetHints":{"allow":["GET"]}}],"collection":[{"href":"https:\/\/diariodominicano.com\/index.php?rest_route=\/wp\/v2\/posts"}],"about":[{"href":"https:\/\/diariodominicano.com\/index.php?rest_route=\/wp\/v2\/types\/post"}],"author":[{"embeddable":true,"href":"https:\/\/diariodominicano.com\/index.php?rest_route=\/wp\/v2\/users\/3"}],"replies":[{"embeddable":true,"href":"https:\/\/diariodominicano.com\/index.php?rest_route=%2Fwp%2Fv2%2Fcomments&post=217480"}],"version-history":[{"count":0,"href":"https:\/\/diariodominicano.com\/index.php?rest_route=\/wp\/v2\/posts\/217480\/revisions"}],"wp:attachment":[{"href":"https:\/\/diariodominicano.com\/index.php?rest_route=%2Fwp%2Fv2%2Fmedia&parent=217480"}],"wp:term":[{"taxonomy":"category","embeddable":true,"href":"https:\/\/diariodominicano.com\/index.php?rest_route=%2Fwp%2Fv2%2Fcategories&post=217480"},{"taxonomy":"post_tag","embeddable":true,"href":"https:\/\/diariodominicano.com\/index.php?rest_route=%2Fwp%2Fv2%2Ftags&post=217480"}],"curies":[{"name":"wp","href":"https:\/\/api.w.org\/{rel}","templated":true}]}}