{"id":217479,"date":"2016-09-22T09:31:19","date_gmt":"2016-09-22T09:31:19","guid":{"rendered":"http:\/\/diariodominicano.ddns.net\/?p=217479"},"modified":"2016-09-22T09:31:19","modified_gmt":"2016-09-22T09:31:19","slug":"candida-montilla-de-medina-habla-sobre-el-caid-ante-primeras-damas-las-invita-a-conocerlo","status":"publish","type":"post","link":"https:\/\/diariodominicano.com\/?p=217479","title":{"rendered":"C\u00e1ndida Montilla de Medina habla sobre el CAID ante primeras damas; las invita a conocerlo"},"content":{"rendered":"<p><body><\/p>\n<p><img decoding=\"async\" src=\"img3\/Presimedina22-9.jpg\" \/><br \/><img decoding=\"async\" src=\"img3\/juntosdinamisa22-9.jpg\" \/>  <\/p>\n<p><span class=\"text1noticias\">Nueva York, 22 de septiembre.- <\/span>La Primera Dama de la Rep\u00fablica Dominicana, C\u00e1ndida Montilla de Medina <span class=\"text1noticias\">invit\u00f3, ayer a las primeras damas de m\u00e1s de 40 pa\u00edses a visitar el Centro de Atenci\u00f3n Integral para la Discapacidad (CAID), que se ha convertido en un modelo de lo que debe ser el tratamiento del ni\u00f1o y la ni\u00f1a con discapacidad en Am\u00e9rica Latina.<\/span><\/p>\n<\/p>\n<p><span class=\"text1noticias\">Lo hizo ante m\u00e1s de 40 primeras damas. Fue en la conferencia en torno al enfoque del autismo, celebrada aqu\u00ed por Autism Speaks. Se desarroll\u00f3 en el marco de la 71va. Asamblea General de la Organizaci\u00f3n de las Naciones Unidas (ONU).<\/span><\/p>\n<p><span class=\"text1noticias\"> <\/span><\/p>\n<p><span class=\"text1noticias\">En su alocuci\u00f3n, la primera dama dominicana habl\u00f3 del desarrollo de los CAID en Rep\u00fablica Dominicana. De c\u00f3mo ha sido pasar de no tener ning\u00fan tipo de pol\u00edticas p\u00fablicas para los ni\u00f1os con autismo a tener los CAID.<\/span><\/p>\n<p><span class=\"text1noticias\"> <\/span><\/p>\n<p><span class=\"text1noticias\">Explic\u00f3 que inmediatamente se instaur\u00f3 el Gobierno del presidente Danilo Medina se motoriz\u00f3 la iniciativa. Que a partir de su puesta en funcionamiento, se ha dado un tratamiento especial a esos ni\u00f1os.<\/span><\/p>\n<p><span class=\"text1noticias\"> <\/span><\/p>\n<p><span class=\"text1noticias\">Carta de Ruta, novedoso modelo<\/span><\/p>\n<p><span class=\"text1noticias\"> <\/span><\/p>\n<p><span class=\"text1noticias\">Inform\u00f3 a su audiancia que en estos momentos en el pa\u00eds se est\u00e1 estableciendo un modelo novedoso denominado Carta de Ruta. Como parte de este modelo, se har\u00e1 la prueba del tamizaje neonatal a cada ni\u00f1o desde que nace.<\/span><\/p>\n<p><span class=\"text1noticias\"> <\/span><\/p>\n<p><span class=\"text1noticias\">Si se detecta alg\u00fan problema innato del metabolismo, inmediatamente se enviar\u00e1 al centro de salud correspondiente. Tambi\u00e9n se ir\u00e1n estableciendo todos los patrones que debe seguir un ni\u00f1o con discapacidad.<\/span><\/p>\n<p><span class=\"text1noticias\"> <\/span><\/p>\n<p><span class=\"text1noticias\">Esto suceder\u00e1 hasta su inserci\u00f3n en las escuelas, o en el \u00e1mbito laboral, cuando ya sea adulto. Por primera vez un pa\u00eds establece claramente los pasos que se deben dar cuando un ni\u00f1o nace con discapacidad.<\/span><\/p>\n<p><span class=\"text1noticias\"> <\/span><\/p>\n<p><span class=\"text1noticias\">La primera dama dominicana recomend\u00f3 replicar el modelo, que est\u00e1 avalado por la UNICEF.<\/span><\/p>\n<p><span class=\"text1noticias\"> <\/span><\/p>\n<p><span class=\"text1noticias\">En apoyo a esta iniciativa, el presidente Danilo Medina dict\u00f3 un decreto. Establece la obligatoriedad de hacer el tamizaje neonatal a todos los ni\u00f1os que nazcan en la Rep\u00fablica Dominicana. Esto, desde que sea abierto el laboratorio que para ello se construye en terrenos del hospital Robert Reid Cabral.<\/span><\/p>\n<p><span class=\"text1noticias\"> <\/span><\/p>\n<p><span class=\"text1noticias\">A conocer el CAID<\/span><\/p>\n<p><span class=\"text1noticias\"> <\/span><\/p>\n<p><span class=\"text1noticias\">La esposa del presidente Danilo Medina invit\u00f3 a todas las primeras damas presentes y representadas a visitar el CAID.  Este se ha convertido en un modelo de lo que debe ser el tratamiento del ni\u00f1o con discapacidad en Am\u00e9rica Latina.<\/span><\/p>\n<p><span class=\"text1noticias\"> <\/span><\/p>\n<p><span class=\"text1noticias\">Comparte experiencia con primeras damas<\/span><\/p>\n<p><span class=\"text1noticias\"> <\/span><\/p>\n<p><span class=\"text1noticias\">Montilla de Medina comparti\u00f3 con primeras damas interesadas en conocer el tama con mayores detalles. Hablaron del desarrollo del autismo en sus respectivas naciones.<\/span><\/p>\n<p><span class=\"text1noticias\"> <\/span><\/p>\n<p><span class=\"text1noticias\">Intercambi\u00f3 con la esposa de Ban Ki-moon, Yoo Soon-taek. Ella fue reconocida porque ya su esposo se retira como secretario general de la ONU.<\/span><\/p>\n<p><span class=\"text1noticias\"> <\/span><\/p>\n<p><span class=\"text1noticias\">En un ambiente de confraternidad, C\u00e1ndida Montilla de Medina convers\u00f3 tambi\u00e9n con la primera dama de Jap\u00f3n, Akie Abe.<\/span><\/p>\n<p><span class=\"text1noticias\"> <\/span><\/p>\n<p><span class=\"text1noticias\">Del mismo modo, con la esposa del presidente de Zambia, Esther Lungu. Asimismo, con la ministra de la Familia y Pol\u00edticas Sociales de Banglad<\/span>esh, Dipu Moni.<\/p>\n<h6> 2016-09-22 09:31:19 <\/h6>\n<p><!--\n<link rel=\"stylesheet\" href=\"css\/bootstrap.min.css\">\n\n\n<ul class=\"pagination\">\n\t    \n\t\n\n<li >\n\t<a href='?page_no=11997'>Previous<\/a>\n\t<\/li>\n\n\n       \n    \n\n<li><a href='?page_no=1'>1<\/a><\/li>\n\n\n\n<li><a href='?page_no=2'>2<\/a><\/li>\n\n\n\n<li><a>...<\/a><\/li>\n\n\n\n<li><a href='?page_no=11996'>11996<\/a><\/li>\n\n\n\n<li><a href='?page_no=11997'>11997<\/a><\/li>\n\n\n\n<li class='active'><a>11998<\/a><\/li>\n\n\n\n<li><a href='?page_no=11999'>11999<\/a><\/li>\n\n\n\n<li><a href='?page_no=12000'>12000<\/a><\/li>\n\n\n\n<li><a>...<\/a><\/li>\n\n\n\n<li><a href='?page_no=56169'>56169<\/a><\/li>\n\n\n\n<li><a href='?page_no=56170'>56170<\/a><\/li>\n\n    \n\t\n\n<li >\n\t<a href='?page_no=11999'>Next<\/a>\n\t<\/li>\n\n\n    \n\n<li><a href='?page_no=56170'>Last &rsaquo;&rsaquo;<\/a><\/li>\n\n<\/ul>\n\n\n--><br \/>\n<\/body><\/p>\n","protected":false},"excerpt":{"rendered":"<p>Nueva York, 22 de septiembre.- La Primera Dama de la Rep\u00fablica Dominicana, C\u00e1ndida Montilla de Medina invit\u00f3, ayer a las primeras damas de m\u00e1s de 40 pa\u00edses a visitar el Centro de Atenci\u00f3n Integral para la Discapacidad (CAID), que se ha convertido en un modelo de lo que debe ser el tratamiento del ni\u00f1o y [&hellip;]<\/p>\n","protected":false},"author":3,"featured_media":0,"comment_status":"open","ping_status":"open","sticky":false,"template":"","format":"standard","meta":{"footnotes":""},"categories":[20],"tags":[],"class_list":["post-217479","post","type-post","status-publish","format-standard","hentry","category-dominicana-hoy"],"_links":{"self":[{"href":"https:\/\/diariodominicano.com\/index.php?rest_route=\/wp\/v2\/posts\/217479","targetHints":{"allow":["GET"]}}],"collection":[{"href":"https:\/\/diariodominicano.com\/index.php?rest_route=\/wp\/v2\/posts"}],"about":[{"href":"https:\/\/diariodominicano.com\/index.php?rest_route=\/wp\/v2\/types\/post"}],"author":[{"embeddable":true,"href":"https:\/\/diariodominicano.com\/index.php?rest_route=\/wp\/v2\/users\/3"}],"replies":[{"embeddable":true,"href":"https:\/\/diariodominicano.com\/index.php?rest_route=%2Fwp%2Fv2%2Fcomments&post=217479"}],"version-history":[{"count":0,"href":"https:\/\/diariodominicano.com\/index.php?rest_route=\/wp\/v2\/posts\/217479\/revisions"}],"wp:attachment":[{"href":"https:\/\/diariodominicano.com\/index.php?rest_route=%2Fwp%2Fv2%2Fmedia&parent=217479"}],"wp:term":[{"taxonomy":"category","embeddable":true,"href":"https:\/\/diariodominicano.com\/index.php?rest_route=%2Fwp%2Fv2%2Fcategories&post=217479"},{"taxonomy":"post_tag","embeddable":true,"href":"https:\/\/diariodominicano.com\/index.php?rest_route=%2Fwp%2Fv2%2Ftags&post=217479"}],"curies":[{"name":"wp","href":"https:\/\/api.w.org\/{rel}","templated":true}]}}