{"id":217478,"date":"2016-09-22T09:51:27","date_gmt":"2016-09-22T09:51:27","guid":{"rendered":"http:\/\/diariodominicano.ddns.net\/?p=217478"},"modified":"2016-09-22T09:51:27","modified_gmt":"2016-09-22T09:51:27","slug":"gobierno-realiza-primera-reunion-de-la-comision-presidencial-de-republica-digital","status":"publish","type":"post","link":"https:\/\/diariodominicano.com\/?p=217478","title":{"rendered":"Gobierno realiza primera reuni\u00f3n de la Comisi\u00f3n Presidencial de Rep\u00fablica Digital"},"content":{"rendered":"<p><body><\/p>\n<p><img decoding=\"async\" src=\"img3\/Repdigital22-9.jpg\" \/>  <\/p>\n<p><span class=\"text1noticias\">Santo Domingo, R. D., 22 de septiembre.- El ministro de la Presidencia, Gustavo Montalvo, encabez\u00f3 ayer, la primera reuni\u00f3n de la Comisi\u00f3n de Rep\u00fablica Digital. Se establecieron las responsabilidades de cada una de las instituciones para los cuatro ejes que componen el proyecto.<\/span><\/p>\n<p><span class=\"text1noticias\"> <\/span><\/p>\n<p><span class=\"text1noticias\">Dicha comisi\u00f3n fue creada mediante el decreto 258-16, con el objetivo de definir los lineamientos. Igualmente, el plan de trabajo a seguir en los pr\u00f3ximos d\u00edas para dar cumplimiento a lo estipulado en el mismo.<\/span><\/p>\n<p><span class=\"text1noticias\"> <\/span><\/p>\n<p><span class=\"text1noticias\">Instituciones responsables<\/span><\/p>\n<p><span class=\"text1noticias\"> <\/span><\/p>\n<p><span class=\"text1noticias\">Para el eje educativo, la responsabilidad de la implementaci\u00f3n ser\u00e1 del Ministerio de Educaci\u00f3n. As\u00ed como del Ministerio de Educaci\u00f3n Superior, Ciencia y Tecnolog\u00eda y la Vicepresidencia de la Rep\u00fablica. Esta \u00faltima entidad lo har\u00e1 a trav\u00e9s de los Centros Tecnol\u00f3gicos Comunitarios.<\/span><\/p>\n<p><span class=\"text1noticias\"> <\/span><\/p>\n<p><span class=\"text1noticias\">En el eje de acceso, la responsabilidad de la banda ancha corresponde al INDOTEL. Mientras que la Empresa de Transmisi\u00f3n El\u00e9ctrica Dominicana se encargar\u00e1 de la red nacional de fibra \u00f3ptica.<\/span><\/p>\n<p><span class=\"text1noticias\"> <\/span><\/p>\n<p><span class=\"text1noticias\">Productividad y empleo con inclusi\u00f3n social<\/span><\/p>\n<p><span class=\"text1noticias\"> <\/span><\/p>\n<p><span class=\"text1noticias\">Asimismo, el eje de productividad y empleo ser\u00e1 responsabilidad del Ministerio de Industria y Comercio. La OPTIC estar\u00e1 a cargo del eje de gobierno digital, abierto y transparente. Al igual que el Ministerio de Administraci\u00f3n P\u00fablica.<\/span><\/p>\n<p><span class=\"text1noticias\"> <\/span><\/p>\n<p><span class=\"text1noticias\">El ministro Montalvo record\u00f3 a los presentes que todos los componentes deben garantizar la inclusi\u00f3n social. Esto es con un enfoque en las personas con discapacidad, mujeres, j\u00f3venes y adultos mayores.<\/span><\/p>\n<p><span class=\"text1noticias\"> <\/span><\/p>\n<p><span class=\"text1noticias\">Rep\u00fablica Digital: principal apuesta de este gobierno<\/span><\/p>\n<p><span class=\"text1noticias\"> <\/span><\/p>\n<p><span class=\"text1noticias\">\u00abRep\u00fablica Digital es la principal apuesta de este gobierno. Para que todos los dominicanos y dominicanas puedan aprovechar el inmenso potencial de las nuevas tecnolog\u00edas. A fin de mejorar su vida y contribuir a la productividad del pa\u00eds\u00bb, afirm\u00f3 Montalvo.<\/span><\/p>\n<p><span class=\"text1noticias\"> <\/span><\/p>\n<p><span class=\"text1noticias\">Destac\u00f3 que se incorporar\u00e1n las nuevas tecnolog\u00edas a los procesos productivos y las din\u00e1micas educativas. As\u00ed como el servicio p\u00fablico a los ciudadanos, la gesti\u00f3n gubernamental, y a todas las familias dominicanas.<\/span><\/p>\n<p><span class=\"text1noticias\"> <\/span><\/p>\n<p><span class=\"text1noticias\">\u00abVamos a garantizar que nuestro pa\u00eds de un salto hacia el futuro. Que as\u00ed toda nuestra gente pueda aprovechar los beneficios de la globalizaci\u00f3n y la modernizaci\u00f3n tecnol\u00f3gica\u00bb, destac\u00f3.<\/span><\/p>\n<p><span class=\"text1noticias\"> <\/span><\/p>\n<p><span class=\"text1noticias\">Fecha l\u00edmite para presentar trabajo es el primero de noviembre<\/span><\/p>\n<p><span class=\"text1noticias\"> <\/span><\/p>\n<p><span class=\"text1noticias\">El Ministro de la Presidencia indic\u00f3 que la fecha l\u00edmite para presentar el plan de trabajo es el primero de noviembre. <\/span><\/p>\n<p><span class=\"text1noticias\"> <\/span><\/p>\n<p><span class=\"text1noticias\">En el encuentro se establecieron las tareas inmediatas que deber\u00e1 realizar la Comisi\u00f3n. Incluyendo la designaci\u00f3n del personal t\u00e9cnico y coordinador que trabajar\u00e1 en Rep\u00fablica Digital. Esto es cada una de las instituciones.<\/span><\/p>\n<p><span class=\"text1noticias\"> <\/span><\/p>\n<p><span class=\"text1noticias\">Otras de las tareas son: la revisi\u00f3n del plan de trabajo y su alcance, y la evaluaci\u00f3n general del presupuesto.<\/span><\/p>\n<p><span class=\"text1noticias\"> <\/span><\/p>\n<p><span class=\"text1noticias\">Adem\u00e1s se acord\u00f3 realizar reuniones con el sector empresarial ONG?s, universidades y otros grupos de inter\u00e9s. A fin de identificar c\u00f3mo pueden contribuir de manera espec\u00edfica con este importante proyecto nacional.<\/span><\/p>\n<p><span class=\"text1noticias\"> <\/span><\/p>\n<p><span class=\"text1noticias\">Miembros de la Comisi\u00f3n<\/span><\/p>\n<p><span class=\"text1noticias\"> <\/span><\/p>\n<p><span class=\"text1noticias\">El encuentro fue realizado en el sal\u00f3n Hermanas Mirabal del Palacio Nacional. Cont\u00f3 con la asistencia de Tem\u00edstocles Mont\u00e1s, ministro de Industria y Comercio. Adem\u00e1s, Alejandrina Germ\u00e1n, ministra de Educaci\u00f3n Superior, Ciencia y Tecnolog\u00eda. Igualmente Ram\u00f3n Ventura Camejo, ministro de Administraci\u00f3n P\u00fablica.<\/span><\/p>\n<p><span class=\"text1noticias\"> <\/span><\/p>\n<p><span class=\"text1noticias\">Tambi\u00e9n, Jos\u00e9 del Castillo Savi\u00f1\u00f3n, presidente del INDOTEL y Armando Garc\u00eda, director de la OPTIC. Asimismo, Juli\u00e1n Santana Araujo, administrador del Consejo de Administraci\u00f3n de la ETED. Adem\u00e1s, la viceministra de la Presidencia, Zoraima Cuello y el viceministro de Educaci\u00f3n, V\u00edctor S\u00e1nchez.<\/span><\/p>\n<p><span class=\"text1noticias\"> <\/span><\/p>\n<p><span class=\"text1noticias\">Lo mismo que Claudio Do\u00f1\u00e9, director de los Centros Tecnol\u00f3gicos Comunitarios. Tambi\u00e9n Laura Encarnaci\u00f3n, directora del Gabinete Digital de la Vicepresidencia. Todos miembros de la referida comisi\u00f3n.<\/span><\/p>\n<h6> 2016-09-22 09:51:27 <\/h6>\n<p><!--\n<link rel=\"stylesheet\" href=\"css\/bootstrap.min.css\">\n\n\n<ul class=\"pagination\">\n\t    \n\t\n\n<li >\n\t<a href='?page_no=11996'>Previous<\/a>\n\t<\/li>\n\n\n       \n    \n\n<li><a href='?page_no=1'>1<\/a><\/li>\n\n\n\n<li><a href='?page_no=2'>2<\/a><\/li>\n\n\n\n<li><a>...<\/a><\/li>\n\n\n\n<li><a href='?page_no=11995'>11995<\/a><\/li>\n\n\n\n<li><a href='?page_no=11996'>11996<\/a><\/li>\n\n\n\n<li class='active'><a>11997<\/a><\/li>\n\n\n\n<li><a href='?page_no=11998'>11998<\/a><\/li>\n\n\n\n<li><a href='?page_no=11999'>11999<\/a><\/li>\n\n\n\n<li><a>...<\/a><\/li>\n\n\n\n<li><a href='?page_no=56169'>56169<\/a><\/li>\n\n\n\n<li><a href='?page_no=56170'>56170<\/a><\/li>\n\n    \n\t\n\n<li >\n\t<a href='?page_no=11998'>Next<\/a>\n\t<\/li>\n\n\n    \n\n<li><a href='?page_no=56170'>Last &rsaquo;&rsaquo;<\/a><\/li>\n\n<\/ul>\n\n\n--><br \/>\n<\/body><\/p>\n","protected":false},"excerpt":{"rendered":"<p>Santo Domingo, R. D., 22 de septiembre.- El ministro de la Presidencia, Gustavo Montalvo, encabez\u00f3 ayer, la primera reuni\u00f3n de la Comisi\u00f3n de Rep\u00fablica Digital. Se establecieron las responsabilidades de cada una de las instituciones para los cuatro ejes que componen el proyecto. Dicha comisi\u00f3n fue creada mediante el decreto 258-16, con el objetivo de [&hellip;]<\/p>\n","protected":false},"author":3,"featured_media":0,"comment_status":"open","ping_status":"open","sticky":false,"template":"","format":"standard","meta":{"footnotes":""},"categories":[20],"tags":[],"class_list":["post-217478","post","type-post","status-publish","format-standard","hentry","category-dominicana-hoy"],"_links":{"self":[{"href":"https:\/\/diariodominicano.com\/index.php?rest_route=\/wp\/v2\/posts\/217478","targetHints":{"allow":["GET"]}}],"collection":[{"href":"https:\/\/diariodominicano.com\/index.php?rest_route=\/wp\/v2\/posts"}],"about":[{"href":"https:\/\/diariodominicano.com\/index.php?rest_route=\/wp\/v2\/types\/post"}],"author":[{"embeddable":true,"href":"https:\/\/diariodominicano.com\/index.php?rest_route=\/wp\/v2\/users\/3"}],"replies":[{"embeddable":true,"href":"https:\/\/diariodominicano.com\/index.php?rest_route=%2Fwp%2Fv2%2Fcomments&post=217478"}],"version-history":[{"count":0,"href":"https:\/\/diariodominicano.com\/index.php?rest_route=\/wp\/v2\/posts\/217478\/revisions"}],"wp:attachment":[{"href":"https:\/\/diariodominicano.com\/index.php?rest_route=%2Fwp%2Fv2%2Fmedia&parent=217478"}],"wp:term":[{"taxonomy":"category","embeddable":true,"href":"https:\/\/diariodominicano.com\/index.php?rest_route=%2Fwp%2Fv2%2Fcategories&post=217478"},{"taxonomy":"post_tag","embeddable":true,"href":"https:\/\/diariodominicano.com\/index.php?rest_route=%2Fwp%2Fv2%2Ftags&post=217478"}],"curies":[{"name":"wp","href":"https:\/\/api.w.org\/{rel}","templated":true}]}}