{"id":217476,"date":"2016-09-22T10:27:30","date_gmt":"2016-09-22T10:27:30","guid":{"rendered":"http:\/\/diariodominicano.ddns.net\/?p=217476"},"modified":"2016-09-22T10:27:30","modified_gmt":"2016-09-22T10:27:30","slug":"gobierno-recibe-comision-de-amnistia-internacional","status":"publish","type":"post","link":"https:\/\/diariodominicano.com\/?p=217476","title":{"rendered":"Gobierno recibe comisi\u00f3n de Amnist\u00eda Internacional"},"content":{"rendered":"<p><body><\/p>\n<p><span class=\"text1noticias\">Santo Domingo, R. D., 22 de septiembre.- El Gobierno dominicano recibi\u00f3 una comisi\u00f3n de Amnist\u00eda Internacional.<\/span><\/p>\n<p><span class=\"text1noticias\"> <\/span><\/p>\n<p><span class=\"text1noticias\"> Escuch\u00f3 sus planteamientos, ser\u00e1n estudiados con detenimiento e informados a esa entidad y a la sociedad.<\/span><\/p>\n<p><span class=\"text1noticias\"> <\/span><\/p>\n<p><span class=\"text1noticias\">A continuaci\u00f3n la declaraci\u00f3n \u00edntegra del Ministerio de la Presidencia:<\/span><\/p>\n<p><span class=\"text1noticias\">\u00abEl pasado d\u00eda 03 de agosto de 2016, una comisi\u00f3n Amnist\u00eda Internacional y de representantes de la Sociedad Civil dominicana solicitaron una reuni\u00f3n con el Ministerio de la Presidencia.<\/span><\/p>\n<p><span class=\"text1noticias\"> <\/span><\/p>\n<p><span class=\"text1noticias\">Hoy, en respuesta a esta solicitud, la viceministra Alejandra Liriano, encargada de Relaciones con los Poderes del Estado, Sociedad Civil y Actores Internacionales, y el embajador, Josu\u00e9 Fiallo, recibieron a dicha comisi\u00f3n.<\/span><\/p>\n<p><span class=\"text1noticias\"> <\/span><\/p>\n<p><span class=\"text1noticias\">Desde el Ministerio de la Presidencia se escucharon las informaciones y comentarios que se presentaron, los cuales ser\u00e1n estudiados con detenimiento.<\/span><\/p>\n<p><span class=\"text1noticias\"> <\/span><\/p>\n<p><span class=\"text1noticias\">Una vez evaluados, se le comunicar\u00e1 tanto a Amnist\u00eda Internacional como el conjunto de la sociedad dominicana la opini\u00f3n del gobierno sobre este inform<\/span>e\u00bb.<\/p>\n<\/p>\n<h6> 2016-09-22 10:27:30 <\/h6>\n<p><!--\n<link rel=\"stylesheet\" href=\"css\/bootstrap.min.css\">\n\n\n<ul class=\"pagination\">\n\t    \n\t\n\n<li >\n\t<a href='?page_no=11994'>Previous<\/a>\n\t<\/li>\n\n\n       \n    \n\n<li><a href='?page_no=1'>1<\/a><\/li>\n\n\n\n<li><a href='?page_no=2'>2<\/a><\/li>\n\n\n\n<li><a>...<\/a><\/li>\n\n\n\n<li><a href='?page_no=11993'>11993<\/a><\/li>\n\n\n\n<li><a href='?page_no=11994'>11994<\/a><\/li>\n\n\n\n<li class='active'><a>11995<\/a><\/li>\n\n\n\n<li><a href='?page_no=11996'>11996<\/a><\/li>\n\n\n\n<li><a href='?page_no=11997'>11997<\/a><\/li>\n\n\n\n<li><a>...<\/a><\/li>\n\n\n\n<li><a href='?page_no=56169'>56169<\/a><\/li>\n\n\n\n<li><a href='?page_no=56170'>56170<\/a><\/li>\n\n    \n\t\n\n<li >\n\t<a href='?page_no=11996'>Next<\/a>\n\t<\/li>\n\n\n    \n\n<li><a href='?page_no=56170'>Last &rsaquo;&rsaquo;<\/a><\/li>\n\n<\/ul>\n\n\n--><br \/>\n<\/body><\/p>\n","protected":false},"excerpt":{"rendered":"<p>Santo Domingo, R. D., 22 de septiembre.- El Gobierno dominicano recibi\u00f3 una comisi\u00f3n de Amnist\u00eda Internacional. Escuch\u00f3 sus planteamientos, ser\u00e1n estudiados con detenimiento e informados a esa entidad y a la sociedad. A continuaci\u00f3n la declaraci\u00f3n \u00edntegra del Ministerio de la Presidencia: \u00abEl pasado d\u00eda 03 de agosto de 2016, una comisi\u00f3n Amnist\u00eda Internacional y [&hellip;]<\/p>\n","protected":false},"author":3,"featured_media":0,"comment_status":"open","ping_status":"open","sticky":false,"template":"","format":"standard","meta":{"footnotes":""},"categories":[20],"tags":[],"class_list":["post-217476","post","type-post","status-publish","format-standard","hentry","category-dominicana-hoy"],"_links":{"self":[{"href":"https:\/\/diariodominicano.com\/index.php?rest_route=\/wp\/v2\/posts\/217476","targetHints":{"allow":["GET"]}}],"collection":[{"href":"https:\/\/diariodominicano.com\/index.php?rest_route=\/wp\/v2\/posts"}],"about":[{"href":"https:\/\/diariodominicano.com\/index.php?rest_route=\/wp\/v2\/types\/post"}],"author":[{"embeddable":true,"href":"https:\/\/diariodominicano.com\/index.php?rest_route=\/wp\/v2\/users\/3"}],"replies":[{"embeddable":true,"href":"https:\/\/diariodominicano.com\/index.php?rest_route=%2Fwp%2Fv2%2Fcomments&post=217476"}],"version-history":[{"count":0,"href":"https:\/\/diariodominicano.com\/index.php?rest_route=\/wp\/v2\/posts\/217476\/revisions"}],"wp:attachment":[{"href":"https:\/\/diariodominicano.com\/index.php?rest_route=%2Fwp%2Fv2%2Fmedia&parent=217476"}],"wp:term":[{"taxonomy":"category","embeddable":true,"href":"https:\/\/diariodominicano.com\/index.php?rest_route=%2Fwp%2Fv2%2Fcategories&post=217476"},{"taxonomy":"post_tag","embeddable":true,"href":"https:\/\/diariodominicano.com\/index.php?rest_route=%2Fwp%2Fv2%2Ftags&post=217476"}],"curies":[{"name":"wp","href":"https:\/\/api.w.org\/{rel}","templated":true}]}}