{"id":217475,"date":"2016-09-22T11:07:48","date_gmt":"2016-09-22T11:07:48","guid":{"rendered":"http:\/\/diariodominicano.ddns.net\/?p=217475"},"modified":"2016-09-22T11:07:48","modified_gmt":"2016-09-22T11:07:48","slug":"danilo-medina-se-reune-con-director-de-la-fao","status":"publish","type":"post","link":"https:\/\/diariodominicano.com\/?p=217475","title":{"rendered":"Danilo Medina se re\u00fane con director de la FAO"},"content":{"rendered":"<p><body><\/p>\n<p><span class=\"text1noticias\">Nueva York, 22 de septiembre. &#8211; El presidente Danilo Medina se reuni\u00f3 hoy con el director general de la FAO, Jos\u00e9 Graziano da Silva e intercambiaron impresiones sobre asuntos relacionados con la regi\u00f3n.<\/span><\/p>\n<p><span class=\"text1noticias\"> <\/span><\/p>\n<p><span class=\"text1noticias\">Comparten publicaci\u00f3n UNFAO<\/span><\/p>\n<p><span class=\"text1noticias\">De igual modo, da Silva comparti\u00f3 con Danilo Medina la m\u00e1s reciente publicaci\u00f3n de esa agencia de Naciones Unidas. Fue un encuentro cordial y de camarader\u00eda, que se desarroll\u00f3 en el marco de la 71 Asamblea de la ONU.<\/span><\/p>\n<p><span class=\"text1noticias\"> <\/span><\/p>\n<p><span class=\"text1noticias\">Estuvieron junto al Presidente, el ministro administrativo de la Presidencia, Jos\u00e9 Ram\u00f3n Peralta. Igualmente, el ministro de Relaciones Exteriores, Miguel Vargas y el embajador dominicano en la ONU, Frank Cortorreal.<\/span><\/p>\n<\/p>\n<h6> 2016-09-22 11:07:48 <\/h6>\n<p><!--\n<link rel=\"stylesheet\" href=\"css\/bootstrap.min.css\">\n\n\n<ul class=\"pagination\">\n\t    \n\t\n\n<li >\n\t<a href='?page_no=11993'>Previous<\/a>\n\t<\/li>\n\n\n       \n    \n\n<li><a href='?page_no=1'>1<\/a><\/li>\n\n\n\n<li><a href='?page_no=2'>2<\/a><\/li>\n\n\n\n<li><a>...<\/a><\/li>\n\n\n\n<li><a href='?page_no=11992'>11992<\/a><\/li>\n\n\n\n<li><a href='?page_no=11993'>11993<\/a><\/li>\n\n\n\n<li class='active'><a>11994<\/a><\/li>\n\n\n\n<li><a href='?page_no=11995'>11995<\/a><\/li>\n\n\n\n<li><a href='?page_no=11996'>11996<\/a><\/li>\n\n\n\n<li><a>...<\/a><\/li>\n\n\n\n<li><a href='?page_no=56169'>56169<\/a><\/li>\n\n\n\n<li><a href='?page_no=56170'>56170<\/a><\/li>\n\n    \n\t\n\n<li >\n\t<a href='?page_no=11995'>Next<\/a>\n\t<\/li>\n\n\n    \n\n<li><a href='?page_no=56170'>Last &rsaquo;&rsaquo;<\/a><\/li>\n\n<\/ul>\n\n\n--><br \/>\n<\/body><\/p>\n","protected":false},"excerpt":{"rendered":"<p>Nueva York, 22 de septiembre. &#8211; El presidente Danilo Medina se reuni\u00f3 hoy con el director general de la FAO, Jos\u00e9 Graziano da Silva e intercambiaron impresiones sobre asuntos relacionados con la regi\u00f3n. Comparten publicaci\u00f3n UNFAO De igual modo, da Silva comparti\u00f3 con Danilo Medina la m\u00e1s reciente publicaci\u00f3n de esa agencia de Naciones Unidas. [&hellip;]<\/p>\n","protected":false},"author":3,"featured_media":0,"comment_status":"open","ping_status":"open","sticky":false,"template":"","format":"standard","meta":{"footnotes":""},"categories":[20],"tags":[],"class_list":["post-217475","post","type-post","status-publish","format-standard","hentry","category-dominicana-hoy"],"_links":{"self":[{"href":"https:\/\/diariodominicano.com\/index.php?rest_route=\/wp\/v2\/posts\/217475","targetHints":{"allow":["GET"]}}],"collection":[{"href":"https:\/\/diariodominicano.com\/index.php?rest_route=\/wp\/v2\/posts"}],"about":[{"href":"https:\/\/diariodominicano.com\/index.php?rest_route=\/wp\/v2\/types\/post"}],"author":[{"embeddable":true,"href":"https:\/\/diariodominicano.com\/index.php?rest_route=\/wp\/v2\/users\/3"}],"replies":[{"embeddable":true,"href":"https:\/\/diariodominicano.com\/index.php?rest_route=%2Fwp%2Fv2%2Fcomments&post=217475"}],"version-history":[{"count":0,"href":"https:\/\/diariodominicano.com\/index.php?rest_route=\/wp\/v2\/posts\/217475\/revisions"}],"wp:attachment":[{"href":"https:\/\/diariodominicano.com\/index.php?rest_route=%2Fwp%2Fv2%2Fmedia&parent=217475"}],"wp:term":[{"taxonomy":"category","embeddable":true,"href":"https:\/\/diariodominicano.com\/index.php?rest_route=%2Fwp%2Fv2%2Fcategories&post=217475"},{"taxonomy":"post_tag","embeddable":true,"href":"https:\/\/diariodominicano.com\/index.php?rest_route=%2Fwp%2Fv2%2Ftags&post=217475"}],"curies":[{"name":"wp","href":"https:\/\/api.w.org\/{rel}","templated":true}]}}