{"id":217474,"date":"2016-09-22T23:54:16","date_gmt":"2016-09-22T23:54:16","guid":{"rendered":"http:\/\/diariodominicano.ddns.net\/?p=217474"},"modified":"2016-09-22T23:54:16","modified_gmt":"2016-09-22T23:54:16","slug":"presidente-danilo-medina-regresa-tras-participacion-en-la-71-sesion-de-la-onu","status":"publish","type":"post","link":"https:\/\/diariodominicano.com\/?p=217474","title":{"rendered":"Presidente Danilo Medina regresa tras participaci\u00f3n en la 71 sesi\u00f3n de la ONU"},"content":{"rendered":"<p><body><\/p>\n<p><img decoding=\"async\" src=\"img3\/fanilo vino22092016.jpg\" \/><br \/><img decoding=\"async\" src=\"img3\/unnamed2.jpg\" \/><br \/><img decoding=\"async\" src=\"img3\/unnamed33.jpg\" \/>  <\/p>\n<p><strong><span class=\"text1noticias\">El presidente Danilo Medina lleg\u00f3 a las 4:00 de la tarde desde New York, acompa\u00f1ado de la Primera Dama, C\u00e1ndida Montilla de Medina. Su arribo fue por el Aeropuerto Internacional de Las Am\u00e9ricas. Lo recibi\u00f3 el ministro de Defensa, teniente general Dar\u00edo Paulino Sem. Y el director del Departamento Aeroportuario, Marino Collante.<\/span><\/strong><\/p>\n<p><span class=\"text1noticias\"> <\/span><\/p>\n<p><span class=\"text1noticias\"><strong>De Servicios DICOM<\/strong><\/span><\/p>\n<\/p>\n<p><strong><span class=\"text1noticias\">SANTO DOMINGO, RD, 22 de septiembre de 2016.-<\/span><\/strong><span class=\"text1noticias\"> El Presidente Danilo Medina regres\u00f3 al pa\u00eds tras participar en la 71 sesi\u00f3n de la Organizaci\u00f3n de las Naciones Unidas (ONU). En su discurso dijo que las relaciones entre pa\u00edses ricos y pobres deben cambiar y llam\u00f3 a humanizar la econom\u00eda.<\/span><\/p>\n<p><span class=\"text1noticias\"> <\/span><\/p>\n<p><span class=\"text1noticias\">Lleg\u00f3 a las 4:00 de la tarde desde New York, acompa\u00f1ado de la Primera Dama, C\u00e1ndida Montilla de Medina. Su arribo fue por el Aeropuerto Internacional de Las Am\u00e9ricas. Lo recibi\u00f3 el ministro de Defensa, teniente general Dar\u00edo Paulino Sem. Al igual que el director del Departamento Aeroportuario, Marino Collante.<\/span><\/p>\n<p><span class=\"text1noticias\"> <\/span><\/p>\n<p><span class=\"text1noticias\">Lo acompa\u00f1\u00f3 una comitiva compuesta por el ministro Administrativo de la Presidencia, Jos\u00e9 Ram\u00f3n Peralta. Tambi\u00e9n el ministro de Relaciones Exteriores, Miguel Vargas. Adem\u00e1s, los asistentes del presidente, Carlos Pared P\u00e9rez y Robert de la Cruz.<\/span><\/p>\n<p><span class=\"text1noticias\"> <\/span><\/p>\n<p><span class=\"text1noticias\">Del mismo modo, el Portavoz del Gobierno y director general de Comunicaci\u00f3n, Roberto Rodr\u00edguez Marchena. As\u00ed como el jefe del Cuerpo de Seguridad Presidencial, mayor general Ad\u00e1n C\u00e1ceres.<\/span><\/p>\n<p><span class=\"text1noticias\"> <\/span><\/p>\n<p><span class=\"text1noticias\">Deplor\u00f3 situaci\u00f3n de pa\u00eds en v\u00edas de desarrollo<\/span><\/p>\n<p><span class=\"text1noticias\">En su alocuci\u00f3n Danilo Medina deplor\u00f3 la situaci\u00f3n de pa\u00edses afectados por el proteccionismo de pa\u00edses desarrollados. Critic\u00f3 la existencia de para\u00edsos fiscales que da\u00f1an la soberan\u00eda fiscal de los Estados.<\/span><\/p>\n<p><span class=\"text1noticias\"> <\/span><\/p>\n<p><span class=\"text1noticias\"><strong>Bilaterales y otros encuentros<\/strong><\/span><\/p>\n<\/p>\n<p><span class=\"text1noticias\">En el marco del evento, Danilo Medina sostuvo una reuni\u00f3n bilateral con su hom\u00f3logo de Hait\u00ed, Jocelerme Privert. En la misma, acordaron una reuni\u00f3n entre los cancilleres y los directores de aduanas de ambas naciones.<\/span><\/p>\n<p><span class=\"text1noticias\"> <\/span><\/p>\n<p><span class=\"text1noticias\">Asimismo, el jefe de Estado se reuni\u00f3 con el director de la FAO, Jos\u00e9 Graziano da Silva. Adem\u00e1s, con la troika de los pa\u00edses de la Comunidad de Estados Latinoamericanos y Caribe\u00f1os (CELAC). De esta \u00faltima, Rep\u00fablica Dominicana ostenta la Presidencia Pro T\u00e9mpore.<\/span><\/p>\n<p><span class=\"text1noticias\"> <\/span><\/p>\n<p><span class=\"text1noticias\">En ese mismo escenario, tambi\u00e9n convers\u00f3 con los cancilleres de Ecuador y Dominica. Guillaume Long y Syvanie Burton, respectivamente.<\/span><\/p>\n<p><span class=\"text1noticias\"> <\/span><\/p>\n<p><span class=\"text1noticias\">La reuni\u00f3n tuvo como objetivo procurar una candidatura de consenso a la sucesi\u00f3n de la presidencia pro t\u00e9mpore de la CELAC.<\/span><\/p>\n<p><span class=\"text1noticias\"> <\/span><\/p>\n<p><span class=\"text1noticias\">El gobierno de Danilo Medina es admirado en el mundo<\/span><\/p>\n<p><span class=\"text1noticias\">El gobierno del presidente Danilo Medina cuenta con altos niveles de aprobaci\u00f3n del pueblo dominicano. 83% de acuerdo a la Consulta Mitofsky, l\u00edder en toda An\u00e9rica.<\/span><\/p>\n<p><span class=\"text1noticias\"> <\/span><\/p>\n<p><span class=\"text1noticias\">Su forma de gobernar, cercana, dialogante y solidaria, le ha ganado admiraci\u00f3n de otros pa\u00edses y gobiernos. Muchos gobernantes han replicado el modelo de gesti\u00f3n y pol\u00edticas aplicadas por Danilo Medina.<\/span><\/p>\n<p><span class=\"text1noticias\"> <\/span><\/p>\n<p><span class=\"text1noticias\"><strong>Plan de regularizaci\u00f3n de extranjeros en condici\u00f3n migratoria irregular<\/strong><\/span><\/p>\n<\/p>\n<p><span class=\"text1noticias\">Como nunca antes, extranjeros tuvieron la oportunidad de normalizar su estatus en Rep\u00fablica Dominicana en orden y humanidad, respetando los derechos humanos. Reconocido por la Uni\u00f3n Europea, la OIM, Organizaci\u00f3n Internacional para las Migraciones, el PARLACEN, entre otros.<\/span><\/p>\n<\/p>\n<p><span class=\"text1noticias\">La tasa de pobreza monetaria baj\u00f3 de 42.2% en septiembre de 2012 a 31.5% en septiembre de 2015. Mientras que la pobreza extrema se redujo de 11.1% a 6.8%. Por primera vez, los niveles de pobreza general y extrema est\u00e1n por debajo de los existentes antes de la crisis del 2003-2004.<\/span><\/p>\n<p><span class=\"text1noticias\"> <\/span><\/p>\n<p><span class=\"text1noticias\">Durante la primera gesti\u00f3n de Danilo Medina, aument\u00f3 el n\u00famero de personas en clase media. M\u00e1s de un mill\u00f3n 200 mil personas experimentaron movilidad social ascendente. Colocar a la gente como centro de las pol\u00edticas p\u00fablicas logr\u00f3 que estos mejoraran su calidad de vida.<\/span><\/p>\n<p><span class=\"text1noticias\"> <\/span><\/p>\n<p><span class=\"text1noticias\">Esto en parte se debe a las Visitas Sorpresa. Gracias a estos encuentros con la gente, Danilo Medina ha democratizado el cr\u00e9dito y promovido la asociatividad. Asimismo, ha descentralizado la inversi\u00f3n y convertido a los agricultores en agroempresarios.<\/span><\/p>\n<p><span class=\"text1noticias\"> <\/span><\/p>\n<p><span class=\"text1noticias\">Igualmente, se ha fomentado la exportaci\u00f3n y producci\u00f3n nacional. Todo esto se ha traducido en mejora de la calidad de vida de la gente del campo. Ya no tienen que emigrar hacia los barrios marginados de la capital por razones econ\u00f3micas.<\/span><\/p>\n<p><span class=\"text1noticias\"> <\/span><\/p>\n<p><span class=\"text1noticias\"><strong>Visitas Sorpresa despiertan inter\u00e9s de la FAO<\/strong><\/span><\/p>\n<\/p>\n<p><span class=\"text1noticias\">Este resurgir del campo concit\u00f3 el inter\u00e9s de la Organizaci\u00f3n de las Naciones Unidas para la Alimentaci\u00f3n y la Agricultura (FAO). El organismo invit\u00f3 a Danilo Medina a Roma, en septiembre de 2014. All\u00ed expuso sobre la metodolog\u00eda y el impacto de las Visitas Sorpresa.<\/span><\/p>\n<p><span class=\"text1noticias\"> <\/span><\/p>\n<p><span class=\"text1noticias\">Rep\u00fablica Dominicana, uno de los pa\u00edses con m\u00e1s seguridad alimentaria<\/span><\/p>\n<p><span class=\"text1noticias\">Eso ha contribuido a que la Rep\u00fablica Dominicana sea unos de los pa\u00edses con m\u00e1s alto nivel de seguridad alimentaria en el mundo. 80% de lo que comemos lo producen nuestros productores agropecuarios.<\/span><\/p>\n<\/p>\n<p><span class=\"text1noticias\">La Revoluci\u00f3n Educativa constituye otro motivo de admiraci\u00f3n. Danilo Medina cumpli\u00f3 con la asignaci\u00f3n del 4% del Producto Interno Bruto a la Educaci\u00f3n.<\/span><\/p>\n<p><span class=\"text1noticias\"> <\/span><\/p>\n<p><span class=\"text1noticias\">En la actualidad, el 50 % de todos los estudiantes est\u00e1n integrados a la Jornada Escolar Extendida. Bajo esta modalidad tienen garantizados desayuno, almuerzo y merienda, adem\u00e1s de educaci\u00f3n de calidad.<\/span><\/p>\n<p><span class=\"text1noticias\">En esta segunda gesti\u00f3n, el 100% de los estudiantes disfrutar\u00e1 de los beneficios de la Jornada Escolar Extendida.<\/span><\/p>\n<p><span class=\"text1noticias\"> <\/span><\/p>\n<p><span class=\"text1noticias\"><strong>Democratizaci\u00f3n de las compras y obras del Estado<\/strong><\/span><\/p>\n<\/p>\n<p><span class=\"text1noticias\">Las compras y obras del Estado se han democratizado. Se ha permitido la participaci\u00f3n en las licitaciones y concursos de MIPYMES y mujeres en igualdad de condiciones. En el periodo 2012-2016, se inscribieron 40,200 nuevos proveedores.<\/span><\/p>\n<\/p>\n<p><span class=\"text1noticias\">Nuestra econom\u00eda es la que ha registrado mayor crecimiento en Am\u00e9rica Latina y El Caribe. 7% en los \u00faltimos 4 a\u00f1os. El buen clima de negocios producto de las certeras pol\u00edticas econ\u00f3micas aplicadas por Danilo Medina ha quedado evidenciado.<\/span><\/p>\n<p><span class=\"text1noticias\"> <\/span><\/p>\n<p><span class=\"text1noticias\">La Rep\u00fablica Dominicana es el pa\u00eds que ha atra\u00eddo mayor inversi\u00f3n extranjera en el Caribe. Muestra de ello es como ha crecido la denominada Locomotora del Desarrollo, el turismo.<\/span><\/p>\n<p><span class=\"text1noticias\">En este a\u00f1o, 6 millones de turistas visitar\u00e1n nuestro pa\u00eds. 6,500 millones de d\u00f3lares ingresar\u00e1n este a\u00f1o por turismo. Tenemos 70 mil habitaciones hoteleras y otras 5,500 est\u00e1n en construcci\u00f3n.<\/span><\/p>\n<p><span class=\"text1noticias\"><strong> <\/strong><\/span><\/p>\n<p><span class=\"text1noticias\"><strong>911, motivo de orgullo del pueblo dominicano<\/strong><\/span><\/p>\n<\/p>\n<p><span class=\"text1noticias\">El Sistema Nacional de Atenci\u00f3n a Emergencias y Seguridad 911, es otro motivo de orgullo para el pueblo dominicano. Constituye otra de las conquistas obtenidas durante el gobierno de Danilo Medina.<\/span><\/p>\n<p><span class=\"text1noticias\"> <\/span><\/p>\n<p><span class=\"text1noticias\">Desde su puesta en servicio, el Sistema ha atendido 689 mil 922 emergencias reportadas por las y los ciudadanos.<\/span><\/p>\n<p><span class=\"text1noticias\"> <\/span><\/p>\n<p><span class=\"text1noticias\">Honduras replica exitoso modelo dominicano de atenci\u00f3n a emergencias<\/span><\/p>\n<p><span class=\"text1noticias\">El exitoso modelo dominicano de atenci\u00f3n a emergencias y seguridad ha concitado el inter\u00e9s del gobierno de Honduras. El presidente de esa naci\u00f3n, Juan Orlando Hern\u00e1ndez, ha venido al pa\u00eds para conocer el Sistema.<\/span><\/p>\n<p><span class=\"text1noticias\"> <\/span><\/p>\n<p><span class=\"text1noticias\">Asimismo, una delegaci\u00f3n hondure\u00f1a realiza visitas de intercambio para replicar la experiencia dominicana.<\/span><\/p>\n<p><span class=\"text1noticias\"> <\/span><\/p>\n<p><span class=\"text1noticias\">Panam\u00e1 replicar\u00e1 una de las m\u00e1s grandes obras de amor del gobierno dominicano<\/span><\/p>\n<p><span class=\"text1noticias\">Otra iniciativa que ha despertado la admiraci\u00f3n, es el Centro de Atenci\u00f3n Integral para la Discapacidad (CAID).  Panam\u00e1 replicar\u00e1 una de las m\u00e1s grandes obras de amor del gobierno dominicano.<\/span><\/p>\n<p><span class=\"text1noticias\"> <\/span><\/p>\n<p><span class=\"text1noticias\">Se han puesto en operaci\u00f3n tres CAID, para ni\u00f1os y ni\u00f1as diagnosticados con S\u00edndrome de Down, Par\u00e1lisis Cerebral. Asimismo, Trastorno del Espectro Autista.<\/span><\/p>\n<p><span class=\"text1noticias\"> <\/span><\/p>\n<p><span class=\"text1noticias\">\u00abCAID, es un caso para contar e imitar\u00bb<\/span><\/p>\n<\/p>\n<p><span class=\"text1noticias\"> El presidente paname\u00f1o, Juan Carlos Varela y su esposa, Lorena Castillo de Varela, han venido a la Rep\u00fablica Dominicana. El motivo ha sido conocer la iniciativa de la Primera Dama de la Rep\u00fablica. <\/span><\/p>\n<p><span class=\"text1noticias\">C\u00e1ndida Montilla de Medina ha dado respuestas a la infancia con habilidades especiales, as\u00ed como a sus familiares.<\/span><\/p>\n<p><span class=\"text1noticias\"> <\/span><\/p>\n<p><span class=\"text1noticias\">\u00abEsto es un caso de \u00e9xito realmente para contar y para imitarlo y creo que es un sue\u00f1o\u00bb. As\u00ed lo dijo Yolanda Eleta de Varela, asesora del presidente paname\u00f1o. Ella forma parte de la delegaci\u00f3n paname\u00f1a que ha visitado los CAID en reiteradas ocasiones.<\/span><\/p>\n<p><span class=\"text1noticias\"> <\/span><\/p>\n<p><span class=\"text1noticias\">Democratizaci\u00f3n del acceso a la vivienda<\/span><\/p>\n<p><span class=\"text1noticias\">El pueblo dominicano y el mundo tambi\u00e9n valoran las pol\u00edticas de democratizaci\u00f3n de acceso a la vivienda. Los gobiernos dominicanos de los \u00faltimos 50 a\u00f1os construyeron a un ritmo de 2,200 por a\u00f1o. Es decir, unas 113,000 viviendas.<\/span><\/p>\n<p><span class=\"text1noticias\"> <\/span><\/p>\n<p><span class=\"text1noticias\">Mientras, Danilo Medina est\u00e1 construyendo viviendas a un ritmo 7 veces mayor. Es decir, 15,400 por a\u00f1o, para un total de 62,000 viviendas.<\/span><\/p>\n<p><span class=\"text1noticias\"> <\/span><\/p>\n<p><span class=\"text1noticias\">Adem\u00e1s, con el Bono Tierra y el Bono ITBIS que facilita el gobierno a los adquirentes de viviendas y la alianza p\u00fablico-privada, los y las ciudadanos podr\u00e1n tener casa propia a bajo costo.<\/span><\/p>\n<p><span class=\"text1noticias\">Igualmente, podr\u00e1n financiarla a una tasa de inter\u00e9s de 8% fija por 20 a\u00f1os.<\/span><\/p>\n<p><span class=\"text1noticias\"> <\/span><\/p>\n<p><span class=\"text1noticias\"><strong>M\u00e1s de 560 mil personas salieron de la oscuridad<\/strong><\/span><\/p>\n<\/p>\n<p><span class=\"text1noticias\">Los altos niveles de aprobaci\u00f3n tambi\u00e9n son producto del Plan Nacional de Alfabetizaci\u00f3n. Del 2012 al 2015, m\u00e1s de 560 mil personas concluyeron la etapa b\u00e1sica de Quisqueya Aprende Contigo.<\/span><\/p>\n<p><span class=\"text1noticias\">De estos, el 80% pertenece a los estratos de pobreza extrema y pobreza moderada.<\/span><\/p>\n<p><span class=\"text1noticias\">Asimismo, m\u00e1s del 60% son mujeres, en su gran mayor\u00eda jefas de hogar.<\/span><\/p>\n<p><span class=\"text1noticias\"> <\/span><\/p>\n<p><span class=\"text1noticias\">El Estado dominicano cuida y educa a la primera infancia<\/span><\/p>\n<p><span class=\"text1noticias\">Otra valiosa ayuda para estas mujeres han sido las Estancias Infantiles. El estado dominicano cuida y educa a ni\u00f1os y ni\u00f1as de 0 a 5 a\u00f1os de edad. Lo hace a trav\u00e9s del Instituto Nacional de Atenci\u00f3n Integral a la Primera Infancia. M\u00e1s de 90 mil menores de cinco a\u00f1os son beneficiados.<\/span><\/p>\n<\/p>\n<p><span class=\"text1noticias\">Somos un mejor pa\u00eds porque 6 millones 700 mil personas cuentan con seguro m\u00e9dico. Adem\u00e1s, se elimin\u00f3 el pago de la cuota de recuperaci\u00f3n de los hospitales p\u00fablicos.<\/span><\/p>\n<p><span class=\"text1noticias\"> <\/span><\/p>\n<p><span class=\"text1noticias\">Adem\u00e1s, el presidente Danilo Medina reafirm\u00f3 su compromiso con la protecci\u00f3n del medioambiente. Tan pronto se jurament\u00f3 para su segundo periodo, declar\u00f3 que este ser\u00e1 el Cuatrienio del Agua. Se marcar\u00e1 un antes y un despu\u00e9s en el uso del preciado l\u00edquido.<\/span><\/p>\n<p><span class=\"text1noticias\"> <\/span><\/p>\n<p><span class=\"text1noticias\">Los rostros de los dominicanos y dominicanas han cambiado. Exhiben una sonrisa, porque tienen la certeza de que a\u00fan lo mejor est\u00e1 por venir. En la primera gesti\u00f3n de Gobierno vieron que s\u00ed se puede construir un mejor pa\u00eds. Cuentan con un gobierno que trabaja con la gente y para la gente.<\/span><\/p>\n<\/p>\n<h6> 2016-09-22 23:54:16 <\/h6>\n<p><!--\n<link rel=\"stylesheet\" href=\"css\/bootstrap.min.css\">\n\n\n<ul class=\"pagination\">\n\t    \n\t\n\n<li >\n\t<a href='?page_no=11992'>Previous<\/a>\n\t<\/li>\n\n\n       \n    \n\n<li><a href='?page_no=1'>1<\/a><\/li>\n\n\n\n<li><a href='?page_no=2'>2<\/a><\/li>\n\n\n\n<li><a>...<\/a><\/li>\n\n\n\n<li><a href='?page_no=11991'>11991<\/a><\/li>\n\n\n\n<li><a href='?page_no=11992'>11992<\/a><\/li>\n\n\n\n<li class='active'><a>11993<\/a><\/li>\n\n\n\n<li><a href='?page_no=11994'>11994<\/a><\/li>\n\n\n\n<li><a href='?page_no=11995'>11995<\/a><\/li>\n\n\n\n<li><a>...<\/a><\/li>\n\n\n\n<li><a href='?page_no=56169'>56169<\/a><\/li>\n\n\n\n<li><a href='?page_no=56170'>56170<\/a><\/li>\n\n    \n\t\n\n<li >\n\t<a href='?page_no=11994'>Next<\/a>\n\t<\/li>\n\n\n    \n\n<li><a href='?page_no=56170'>Last &rsaquo;&rsaquo;<\/a><\/li>\n\n<\/ul>\n\n\n--><br \/>\n<\/body><\/p>\n","protected":false},"excerpt":{"rendered":"<p>El presidente Danilo Medina lleg\u00f3 a las 4:00 de la tarde desde New York, acompa\u00f1ado de la Primera Dama, C\u00e1ndida Montilla de Medina. Su arribo fue por el Aeropuerto Internacional de Las Am\u00e9ricas. Lo recibi\u00f3 el ministro de Defensa, teniente general Dar\u00edo Paulino Sem. Y el director del Departamento Aeroportuario, Marino Collante. De Servicios DICOM [&hellip;]<\/p>\n","protected":false},"author":3,"featured_media":0,"comment_status":"open","ping_status":"open","sticky":false,"template":"","format":"standard","meta":{"footnotes":""},"categories":[20],"tags":[],"class_list":["post-217474","post","type-post","status-publish","format-standard","hentry","category-dominicana-hoy"],"_links":{"self":[{"href":"https:\/\/diariodominicano.com\/index.php?rest_route=\/wp\/v2\/posts\/217474","targetHints":{"allow":["GET"]}}],"collection":[{"href":"https:\/\/diariodominicano.com\/index.php?rest_route=\/wp\/v2\/posts"}],"about":[{"href":"https:\/\/diariodominicano.com\/index.php?rest_route=\/wp\/v2\/types\/post"}],"author":[{"embeddable":true,"href":"https:\/\/diariodominicano.com\/index.php?rest_route=\/wp\/v2\/users\/3"}],"replies":[{"embeddable":true,"href":"https:\/\/diariodominicano.com\/index.php?rest_route=%2Fwp%2Fv2%2Fcomments&post=217474"}],"version-history":[{"count":0,"href":"https:\/\/diariodominicano.com\/index.php?rest_route=\/wp\/v2\/posts\/217474\/revisions"}],"wp:attachment":[{"href":"https:\/\/diariodominicano.com\/index.php?rest_route=%2Fwp%2Fv2%2Fmedia&parent=217474"}],"wp:term":[{"taxonomy":"category","embeddable":true,"href":"https:\/\/diariodominicano.com\/index.php?rest_route=%2Fwp%2Fv2%2Fcategories&post=217474"},{"taxonomy":"post_tag","embeddable":true,"href":"https:\/\/diariodominicano.com\/index.php?rest_route=%2Fwp%2Fv2%2Ftags&post=217474"}],"curies":[{"name":"wp","href":"https:\/\/api.w.org\/{rel}","templated":true}]}}