{"id":217472,"date":"2016-09-23T01:34:23","date_gmt":"2016-09-23T01:34:23","guid":{"rendered":"http:\/\/diariodominicano.ddns.net\/?p=217472"},"modified":"2016-09-23T01:34:23","modified_gmt":"2016-09-23T01:34:23","slug":"unefa-informa-llegada-de-restos-de-su-rector-matos-sena","status":"publish","type":"post","link":"https:\/\/diariodominicano.com\/?p=217472","title":{"rendered":"UNEFA informa llegada de restos de su rector Matos Sena"},"content":{"rendered":"<p><body><\/p>\n<p><img decoding=\"async\" src=\"img3\/matos02.jpg\" \/>  <\/p>\n<p><strong>El <\/strong> <strong>doctor Matos Sena, rector-fundador de la UNEFA, falleci\u00f3 el lunes, en la noche, en la ciudad de Nueva York, donde recib\u00eda asistencia m\u00e9dica.<\/strong><\/p>\n<\/p>\n<p><strong>SANTO DOMINGO, RD, 22 de Septiembre de 2016.-<\/strong>  La Universidad Experimental F\u00e9lix Adam (UNEFA) inform\u00f3 la tarde de este jueves que los restos mortales de su rector, doctor  Andr\u00e9s Matos Sena, llegar\u00e1n al pa\u00eds este viernes, a las 12:30 de la tarde, por el Aeropuerto Internacional de Las Am\u00e9ricas.<\/p>\n<\/p>\n<p>La UNEFA inform\u00f3, igualmente, que a partir de las 3:30 de la tarde, de este viernes, el cuerpo de su fenecido rector y fundador, ser\u00e1 expuesto en la Funeraria Blandino, de la avenida Abraham Lincoln, en el Distrito Nacional.<\/p>\n<\/p>\n<p>El s\u00e1bado, a las 7:00 de la ma\u00f1ana, los restos del doctor Matos Sena ser\u00e1n trasladados a su pueblo natal, Villa Jaragua, donde recibir\u00e1n cristianas sepulturas.<\/p>\n<\/p>\n<p>El doctor Matos Sena, rector-fundador de la UNEFA, falleci\u00f3 el lunes, en la noche, en la ciudad de Nueva York, donde recib\u00eda asistencia m\u00e9dica.<\/p>\n<h6> 2016-09-23 01:34:23 <\/h6>\n<p><!--\n<link rel=\"stylesheet\" href=\"css\/bootstrap.min.css\">\n\n\n<ul class=\"pagination\">\n\t    \n\t\n\n<li >\n\t<a href='?page_no=11990'>Previous<\/a>\n\t<\/li>\n\n\n       \n    \n\n<li><a href='?page_no=1'>1<\/a><\/li>\n\n\n\n<li><a href='?page_no=2'>2<\/a><\/li>\n\n\n\n<li><a>...<\/a><\/li>\n\n\n\n<li><a href='?page_no=11989'>11989<\/a><\/li>\n\n\n\n<li><a href='?page_no=11990'>11990<\/a><\/li>\n\n\n\n<li class='active'><a>11991<\/a><\/li>\n\n\n\n<li><a href='?page_no=11992'>11992<\/a><\/li>\n\n\n\n<li><a href='?page_no=11993'>11993<\/a><\/li>\n\n\n\n<li><a>...<\/a><\/li>\n\n\n\n<li><a href='?page_no=56169'>56169<\/a><\/li>\n\n\n\n<li><a href='?page_no=56170'>56170<\/a><\/li>\n\n    \n\t\n\n<li >\n\t<a href='?page_no=11992'>Next<\/a>\n\t<\/li>\n\n\n    \n\n<li><a href='?page_no=56170'>Last &rsaquo;&rsaquo;<\/a><\/li>\n\n<\/ul>\n\n\n--><br \/>\n<\/body><\/p>\n","protected":false},"excerpt":{"rendered":"<p>El doctor Matos Sena, rector-fundador de la UNEFA, falleci\u00f3 el lunes, en la noche, en la ciudad de Nueva York, donde recib\u00eda asistencia m\u00e9dica. SANTO DOMINGO, RD, 22 de Septiembre de 2016.- La Universidad Experimental F\u00e9lix Adam (UNEFA) inform\u00f3 la tarde de este jueves que los restos mortales de su rector, doctor Andr\u00e9s Matos Sena, [&hellip;]<\/p>\n","protected":false},"author":3,"featured_media":0,"comment_status":"open","ping_status":"open","sticky":false,"template":"","format":"standard","meta":{"footnotes":""},"categories":[20],"tags":[],"class_list":["post-217472","post","type-post","status-publish","format-standard","hentry","category-dominicana-hoy"],"_links":{"self":[{"href":"https:\/\/diariodominicano.com\/index.php?rest_route=\/wp\/v2\/posts\/217472","targetHints":{"allow":["GET"]}}],"collection":[{"href":"https:\/\/diariodominicano.com\/index.php?rest_route=\/wp\/v2\/posts"}],"about":[{"href":"https:\/\/diariodominicano.com\/index.php?rest_route=\/wp\/v2\/types\/post"}],"author":[{"embeddable":true,"href":"https:\/\/diariodominicano.com\/index.php?rest_route=\/wp\/v2\/users\/3"}],"replies":[{"embeddable":true,"href":"https:\/\/diariodominicano.com\/index.php?rest_route=%2Fwp%2Fv2%2Fcomments&post=217472"}],"version-history":[{"count":0,"href":"https:\/\/diariodominicano.com\/index.php?rest_route=\/wp\/v2\/posts\/217472\/revisions"}],"wp:attachment":[{"href":"https:\/\/diariodominicano.com\/index.php?rest_route=%2Fwp%2Fv2%2Fmedia&parent=217472"}],"wp:term":[{"taxonomy":"category","embeddable":true,"href":"https:\/\/diariodominicano.com\/index.php?rest_route=%2Fwp%2Fv2%2Fcategories&post=217472"},{"taxonomy":"post_tag","embeddable":true,"href":"https:\/\/diariodominicano.com\/index.php?rest_route=%2Fwp%2Fv2%2Ftags&post=217472"}],"curies":[{"name":"wp","href":"https:\/\/api.w.org\/{rel}","templated":true}]}}