{"id":217471,"date":"2016-09-23T08:42:58","date_gmt":"2016-09-23T08:42:58","guid":{"rendered":"http:\/\/diariodominicano.ddns.net\/?p=217471"},"modified":"2016-09-23T08:42:58","modified_gmt":"2016-09-23T08:42:58","slug":"gobernador-de-la-vega-garantiza-seguridad-en-festividades-de-las-mercedes","status":"publish","type":"post","link":"https:\/\/diariodominicano.com\/?p=217471","title":{"rendered":"Gobernador de La Vega garantiza seguridad en festividades de Las Mercedes"},"content":{"rendered":"<p><body><\/p>\n<p><img decoding=\"async\" src=\"img3\/lavega23-9.jpg\" \/>  <\/p>\n<p><span class=\"text1noticias\">La Vega, R. D., 23 de septiembre.- El gobernador de La Vega, Bol\u00edvar Marte dijo que garantizar\u00e1 la seguridad de los asistentes al Santo Cerro con motivo de las Festividades de Las Mercedes que inicia este viernes y s\u00e1bado 24.<\/span><\/p>\n<\/p>\n<p><span class=\"text1noticias\">Marte ofreci\u00f3 los detalles del operativo de seguridad Las Mercedes 2016,  junto al <\/span><\/p>\n<p><span class=\"text1noticias\">alcalde municipal de La Vega, ingeniero Kelvin Cruz; el p\u00e1rroco del Santo <\/span><\/p>\n<p><span class=\"text1noticias\">Cerro, Michel Rosario;  la directora provincial de la Defensa Civil, Jacqueline Polonia; el coronel de la Polic\u00eda Nacional Mariano Cabrera, as\u00ed como los representantes de la  Autoridad Metropolitana de Transporte y Cuerpo Especializado de Seguridad Tur\u00edstica (CESTUR) en esa provincia.<\/span><\/p>\n<\/p>\n<p><span class=\"text1noticias\">El gobernador sostuvo que la Polic\u00eda Nacional y los organismos de socorro han sido instruidos para no permitir el ingreso al Santo de Cerro de personas con armas de fuego y blanca.<\/span><\/p>\n<\/p>\n<p><span class=\"text1noticias\">\u00abSe controlar\u00e1 la venta de bebidas alcoh\u00f3lica. Tampoco se permitir\u00e1 subir en veh\u00edculos al Santo Cerro y se controlar\u00e1 la velocidad en las carreteras adyacentes al Santuario Mariano. En las carreteras y la autopista Duarte la comisi\u00f3n Policiaco-Militar del Ministerio de Obras Publicas realizar\u00e1 dos tandas de carreteos en la ma\u00f1ana y la tarde de cada d\u00eda\u00bb, explic\u00f3 el funcionario.<\/span><\/p>\n<\/p>\n<p><span class=\"text1noticias\">Agreg\u00f3 que en el operativo participar\u00e1n 1,400 voluntarios de la Defensa Civil, la Cruz Roja, Cuerpo de Bomberos, militares y agente del CESTUR y toda la dotaci\u00f3n de Polic\u00eda Nacional  de La Vega. <\/span><\/p>\n<\/p>\n<p><span class=\"text1noticias\">Asimismo, dijo que para mayor eficiencia se trabajar\u00e1 en dos tandas diarias de trabajo, para garantizar la asistencia segura de los miles de feligreses a los actos de las Mercedes en el Santo Cerro y el regreso sanos y salvos a sus hogares.<\/span><\/p>\n<\/p>\n<p><span class=\"text1noticias\">\u00abTodas las coordinaciones se han realizado entre las autoridades para garantizar que las festividades de la Virgen de Las Mercedes, como patrona de la Rep\u00fablica Dominicana, se realicen en orden y de la manera m\u00e1s segura, pues son la fiesta religiosa de todos los veganos y del pa\u00eds  entero que nos visita\u00bb, sostuvo Bol\u00edvar. <\/span><\/p>\n<h6> 2016-09-23 08:42:58 <\/h6>\n<p><!--\n<link rel=\"stylesheet\" href=\"css\/bootstrap.min.css\">\n\n\n<ul class=\"pagination\">\n\t    \n\t\n\n<li >\n\t<a href='?page_no=11989'>Previous<\/a>\n\t<\/li>\n\n\n       \n    \n\n<li><a href='?page_no=1'>1<\/a><\/li>\n\n\n\n<li><a href='?page_no=2'>2<\/a><\/li>\n\n\n\n<li><a>...<\/a><\/li>\n\n\n\n<li><a href='?page_no=11988'>11988<\/a><\/li>\n\n\n\n<li><a href='?page_no=11989'>11989<\/a><\/li>\n\n\n\n<li class='active'><a>11990<\/a><\/li>\n\n\n\n<li><a href='?page_no=11991'>11991<\/a><\/li>\n\n\n\n<li><a href='?page_no=11992'>11992<\/a><\/li>\n\n\n\n<li><a>...<\/a><\/li>\n\n\n\n<li><a href='?page_no=56169'>56169<\/a><\/li>\n\n\n\n<li><a href='?page_no=56170'>56170<\/a><\/li>\n\n    \n\t\n\n<li >\n\t<a href='?page_no=11991'>Next<\/a>\n\t<\/li>\n\n\n    \n\n<li><a href='?page_no=56170'>Last &rsaquo;&rsaquo;<\/a><\/li>\n\n<\/ul>\n\n\n--><br \/>\n<\/body><\/p>\n","protected":false},"excerpt":{"rendered":"<p>La Vega, R. D., 23 de septiembre.- El gobernador de La Vega, Bol\u00edvar Marte dijo que garantizar\u00e1 la seguridad de los asistentes al Santo Cerro con motivo de las Festividades de Las Mercedes que inicia este viernes y s\u00e1bado 24. Marte ofreci\u00f3 los detalles del operativo de seguridad Las Mercedes 2016, junto al alcalde municipal [&hellip;]<\/p>\n","protected":false},"author":3,"featured_media":0,"comment_status":"open","ping_status":"open","sticky":false,"template":"","format":"standard","meta":{"footnotes":""},"categories":[20],"tags":[],"class_list":["post-217471","post","type-post","status-publish","format-standard","hentry","category-dominicana-hoy"],"_links":{"self":[{"href":"https:\/\/diariodominicano.com\/index.php?rest_route=\/wp\/v2\/posts\/217471","targetHints":{"allow":["GET"]}}],"collection":[{"href":"https:\/\/diariodominicano.com\/index.php?rest_route=\/wp\/v2\/posts"}],"about":[{"href":"https:\/\/diariodominicano.com\/index.php?rest_route=\/wp\/v2\/types\/post"}],"author":[{"embeddable":true,"href":"https:\/\/diariodominicano.com\/index.php?rest_route=\/wp\/v2\/users\/3"}],"replies":[{"embeddable":true,"href":"https:\/\/diariodominicano.com\/index.php?rest_route=%2Fwp%2Fv2%2Fcomments&post=217471"}],"version-history":[{"count":0,"href":"https:\/\/diariodominicano.com\/index.php?rest_route=\/wp\/v2\/posts\/217471\/revisions"}],"wp:attachment":[{"href":"https:\/\/diariodominicano.com\/index.php?rest_route=%2Fwp%2Fv2%2Fmedia&parent=217471"}],"wp:term":[{"taxonomy":"category","embeddable":true,"href":"https:\/\/diariodominicano.com\/index.php?rest_route=%2Fwp%2Fv2%2Fcategories&post=217471"},{"taxonomy":"post_tag","embeddable":true,"href":"https:\/\/diariodominicano.com\/index.php?rest_route=%2Fwp%2Fv2%2Ftags&post=217471"}],"curies":[{"name":"wp","href":"https:\/\/api.w.org\/{rel}","templated":true}]}}