{"id":217469,"date":"2016-09-23T13:13:21","date_gmt":"2016-09-23T13:13:21","guid":{"rendered":"http:\/\/diariodominicano.ddns.net\/?p=217469"},"modified":"2016-09-23T13:13:21","modified_gmt":"2016-09-23T13:13:21","slug":"rinden-homenaje-a-pena-tapia-dirigente-fundador-del-cdp","status":"publish","type":"post","link":"https:\/\/diariodominicano.com\/?p=217469","title":{"rendered":"Rinden homenaje a  Pe\u00f1a Tapia, dirigente fundador del CDP"},"content":{"rendered":"<p><body><\/p>\n<p><img decoding=\"async\" src=\"http:\/\/10.0.0.82:8080\/img3\/Pe%C3%83%C2%B1aTapia23-9.jpg\" \/>  <\/p>\n<p><span class=\"text1noticias\">Santo Domingo, R. D., 23 de septiembre.-  El Colegio Dominicano de Periodistas (CDP) rindi\u00f3 un homenaje al periodista Frank Pe\u00f1a Tapia, fallecido este mi\u00e9rcoles tras casi dos semanas hospitalizado en la unidad de cuidados intensivos del Centro de  Ginecolog\u00eda y Obstetricia por complicaciones renales.<\/span><\/p>\n<p><span class=\"text1noticias\"> <\/span><\/p>\n<p><span class=\"text1noticias\">Pe\u00f1a Tapia, quien falleci\u00f3 a la edad de 68 a\u00f1os, fue un dirigente fundador tanto del Sindicato de Periodistas Profesionales (SNPP) como del Colegio Dominicano de Periodistas (CDP).<\/span><\/p>\n<p><span class=\"text1noticias\"> <\/span><\/p>\n<p><span class=\"text1noticias\">Por la funeraria Blandino de la Sabana Larga pasaron decenas de periodistas a expresar sus condolencias a su esposa la tambi\u00e9n periodista, Sandra Meyer, sus hijos y dem\u00e1s familiares.<\/span><\/p>\n<p><span class=\"text1noticias\"> <\/span><\/p>\n<p><span class=\"text1noticias\">El homenaje a Pe\u00f1a Tapia  fue encabezado por Olivo De Le\u00f3n, presidente del CDP, Mercedes Catillos y otros directivos del CDP, as\u00ed como otros dirigentes como David Lorenzo, coordinador del movimiento period\u00edstico Convergencia.<\/span><\/p>\n<p><span class=\"text1noticias\"> <\/span><\/p>\n<p><span class=\"text1noticias\">Los restos de Pe\u00f1a Tapia fueron sepultados en el Cementerio Cristo Redent<\/span>or. <\/p>\n<h6> 2016-09-23 13:13:21 <\/h6>\n<p><!--\n<link rel=\"stylesheet\" href=\"css\/bootstrap.min.css\">\n\n\n<ul class=\"pagination\">\n\t    \n\t\n\n<li >\n\t<a href='?page_no=11988'>Previous<\/a>\n\t<\/li>\n\n\n       \n    \n\n<li><a href='?page_no=1'>1<\/a><\/li>\n\n\n\n<li><a href='?page_no=2'>2<\/a><\/li>\n\n\n\n<li><a>...<\/a><\/li>\n\n\n\n<li><a href='?page_no=11987'>11987<\/a><\/li>\n\n\n\n<li><a href='?page_no=11988'>11988<\/a><\/li>\n\n\n\n<li class='active'><a>11989<\/a><\/li>\n\n\n\n<li><a href='?page_no=11990'>11990<\/a><\/li>\n\n\n\n<li><a href='?page_no=11991'>11991<\/a><\/li>\n\n\n\n<li><a>...<\/a><\/li>\n\n\n\n<li><a href='?page_no=56169'>56169<\/a><\/li>\n\n\n\n<li><a href='?page_no=56170'>56170<\/a><\/li>\n\n    \n\t\n\n<li >\n\t<a href='?page_no=11990'>Next<\/a>\n\t<\/li>\n\n\n    \n\n<li><a href='?page_no=56170'>Last &rsaquo;&rsaquo;<\/a><\/li>\n\n<\/ul>\n\n\n--><br \/>\n<\/body><\/p>\n","protected":false},"excerpt":{"rendered":"<p>Santo Domingo, R. D., 23 de septiembre.- El Colegio Dominicano de Periodistas (CDP) rindi\u00f3 un homenaje al periodista Frank Pe\u00f1a Tapia, fallecido este mi\u00e9rcoles tras casi dos semanas hospitalizado en la unidad de cuidados intensivos del Centro de Ginecolog\u00eda y Obstetricia por complicaciones renales. Pe\u00f1a Tapia, quien falleci\u00f3 a la edad de 68 a\u00f1os, fue [&hellip;]<\/p>\n","protected":false},"author":3,"featured_media":0,"comment_status":"open","ping_status":"open","sticky":false,"template":"","format":"standard","meta":{"footnotes":""},"categories":[20],"tags":[],"class_list":["post-217469","post","type-post","status-publish","format-standard","hentry","category-dominicana-hoy"],"_links":{"self":[{"href":"https:\/\/diariodominicano.com\/index.php?rest_route=\/wp\/v2\/posts\/217469","targetHints":{"allow":["GET"]}}],"collection":[{"href":"https:\/\/diariodominicano.com\/index.php?rest_route=\/wp\/v2\/posts"}],"about":[{"href":"https:\/\/diariodominicano.com\/index.php?rest_route=\/wp\/v2\/types\/post"}],"author":[{"embeddable":true,"href":"https:\/\/diariodominicano.com\/index.php?rest_route=\/wp\/v2\/users\/3"}],"replies":[{"embeddable":true,"href":"https:\/\/diariodominicano.com\/index.php?rest_route=%2Fwp%2Fv2%2Fcomments&post=217469"}],"version-history":[{"count":0,"href":"https:\/\/diariodominicano.com\/index.php?rest_route=\/wp\/v2\/posts\/217469\/revisions"}],"wp:attachment":[{"href":"https:\/\/diariodominicano.com\/index.php?rest_route=%2Fwp%2Fv2%2Fmedia&parent=217469"}],"wp:term":[{"taxonomy":"category","embeddable":true,"href":"https:\/\/diariodominicano.com\/index.php?rest_route=%2Fwp%2Fv2%2Fcategories&post=217469"},{"taxonomy":"post_tag","embeddable":true,"href":"https:\/\/diariodominicano.com\/index.php?rest_route=%2Fwp%2Fv2%2Ftags&post=217469"}],"curies":[{"name":"wp","href":"https:\/\/api.w.org\/{rel}","templated":true}]}}