{"id":217468,"date":"2016-09-23T13:20:03","date_gmt":"2016-09-23T13:20:03","guid":{"rendered":"http:\/\/diariodominicano.ddns.net\/?p=217468"},"modified":"2016-09-23T13:20:03","modified_gmt":"2016-09-23T13:20:03","slug":"concluye-plazo-para-recepcion-documentos-de-aspirantes-a-miembros-jce","status":"publish","type":"post","link":"https:\/\/diariodominicano.com\/?p=217468","title":{"rendered":"Concluye Plazo  para recepci\u00f3n documentos de aspirantes  a miembros  JCE"},"content":{"rendered":"<p><body><\/p>\n<p><img decoding=\"async\" src=\"img3\/Senado23-9.jpg\" \/>  <\/p>\n<p><span class=\"text1noticias\">Santo Domingo, R. D., 23 de septiembre.- La Comisi\u00f3n Especial del Senado, designada para evaluar  aspirantes a miembros y suplentes de la Junta Central Electoral (JCE) para el per\u00edodo 2016-2020, concluy\u00f3 este viernes el proceso de recepci\u00f3n de expedientes ascendentes.<\/span><\/p>\n<\/p>\n<p><span class=\"text1noticias\">Dionis S\u00e1nchez, presidente de la Comisi\u00f3n, explic\u00f3 que en el art\u00edculo 308 del Reglamento Interior del Senado de la Rep\u00fablica, se establece que el Plazo para la elecci\u00f3n de los miembros y suplentes de la Junta Central Electoral no ser\u00e1 mayor de los 60 d\u00edas h\u00e1biles siguientes al inicio del per\u00edodo constitucional correspondiente. <\/span><\/p>\n<\/p>\n<p><span class=\"text1noticias\">Adem\u00e1s, explic\u00f3 que de acuerdo a la estrategia trazada, esa Comisi\u00f3n Especial, tiene plazo hasta finales de octubre para presentar al pleno de los senadores la terna, conteniendo los nombres, que ser\u00e1 el resultado de los evaluados.<\/span><\/p>\n<\/p>\n<p><span class=\"text1noticias\">S\u00e1nchez, a\u00f1adi\u00f3 que durante el desarrollo de la sesi\u00f3n, los senadores podr\u00e1n proponer otros nombres, de los ya evaluados, que no est\u00e9n en la terna propuesta por la Comisi\u00f3n Especial.  <\/span><\/p>\n<\/p>\n<p><span class=\"text1noticias\">La Comisi\u00f3n Especial, continuar\u00e1 las entrevistas el pr\u00f3ximo lunes a partir de las 3:00 de la tarde, donde ser\u00e1n evaluados otros 12 aspirantes. <\/span><\/p>\n<p><span class=\"text1noticias\"> <\/span><\/p>\n<p><span class=\"text1noticias\">La Comisi\u00f3n Especial  que eval\u00faa a los aspirantes a miembros de la Junta Central Electoral, la preside el senador Dionis S\u00e1nchez,   e integrada adem\u00e1s, por Rub\u00e9n Antonio Cruz, Rafael Porfirio Calder\u00f3n, Prim Pujals Nolasco, Pedro Jos\u00e9 Alegr\u00eda, Tommy Alberto Gal\u00e1n, F\u00e9lix Mar\u00eda Nova y Amable Aristy Castro.<\/span><\/p>\n<h6> 2016-09-23 13:20:03 <\/h6>\n<p><!--\n<link rel=\"stylesheet\" href=\"css\/bootstrap.min.css\">\n\n\n<ul class=\"pagination\">\n\t    \n\t\n\n<li >\n\t<a href='?page_no=11987'>Previous<\/a>\n\t<\/li>\n\n\n       \n    \n\n<li><a href='?page_no=1'>1<\/a><\/li>\n\n\n\n<li><a href='?page_no=2'>2<\/a><\/li>\n\n\n\n<li><a>...<\/a><\/li>\n\n\n\n<li><a href='?page_no=11986'>11986<\/a><\/li>\n\n\n\n<li><a href='?page_no=11987'>11987<\/a><\/li>\n\n\n\n<li class='active'><a>11988<\/a><\/li>\n\n\n\n<li><a href='?page_no=11989'>11989<\/a><\/li>\n\n\n\n<li><a href='?page_no=11990'>11990<\/a><\/li>\n\n\n\n<li><a>...<\/a><\/li>\n\n\n\n<li><a href='?page_no=56169'>56169<\/a><\/li>\n\n\n\n<li><a href='?page_no=56170'>56170<\/a><\/li>\n\n    \n\t\n\n<li >\n\t<a href='?page_no=11989'>Next<\/a>\n\t<\/li>\n\n\n    \n\n<li><a href='?page_no=56170'>Last &rsaquo;&rsaquo;<\/a><\/li>\n\n<\/ul>\n\n\n--><br \/>\n<\/body><\/p>\n","protected":false},"excerpt":{"rendered":"<p>Santo Domingo, R. D., 23 de septiembre.- La Comisi\u00f3n Especial del Senado, designada para evaluar aspirantes a miembros y suplentes de la Junta Central Electoral (JCE) para el per\u00edodo 2016-2020, concluy\u00f3 este viernes el proceso de recepci\u00f3n de expedientes ascendentes. Dionis S\u00e1nchez, presidente de la Comisi\u00f3n, explic\u00f3 que en el art\u00edculo 308 del Reglamento Interior [&hellip;]<\/p>\n","protected":false},"author":3,"featured_media":0,"comment_status":"open","ping_status":"open","sticky":false,"template":"","format":"standard","meta":{"footnotes":""},"categories":[20],"tags":[],"class_list":["post-217468","post","type-post","status-publish","format-standard","hentry","category-dominicana-hoy"],"_links":{"self":[{"href":"https:\/\/diariodominicano.com\/index.php?rest_route=\/wp\/v2\/posts\/217468","targetHints":{"allow":["GET"]}}],"collection":[{"href":"https:\/\/diariodominicano.com\/index.php?rest_route=\/wp\/v2\/posts"}],"about":[{"href":"https:\/\/diariodominicano.com\/index.php?rest_route=\/wp\/v2\/types\/post"}],"author":[{"embeddable":true,"href":"https:\/\/diariodominicano.com\/index.php?rest_route=\/wp\/v2\/users\/3"}],"replies":[{"embeddable":true,"href":"https:\/\/diariodominicano.com\/index.php?rest_route=%2Fwp%2Fv2%2Fcomments&post=217468"}],"version-history":[{"count":0,"href":"https:\/\/diariodominicano.com\/index.php?rest_route=\/wp\/v2\/posts\/217468\/revisions"}],"wp:attachment":[{"href":"https:\/\/diariodominicano.com\/index.php?rest_route=%2Fwp%2Fv2%2Fmedia&parent=217468"}],"wp:term":[{"taxonomy":"category","embeddable":true,"href":"https:\/\/diariodominicano.com\/index.php?rest_route=%2Fwp%2Fv2%2Fcategories&post=217468"},{"taxonomy":"post_tag","embeddable":true,"href":"https:\/\/diariodominicano.com\/index.php?rest_route=%2Fwp%2Fv2%2Ftags&post=217468"}],"curies":[{"name":"wp","href":"https:\/\/api.w.org\/{rel}","templated":true}]}}