{"id":217467,"date":"2016-09-25T09:39:28","date_gmt":"2016-09-25T09:39:28","guid":{"rendered":"http:\/\/diariodominicano.ddns.net\/?p=217467"},"modified":"2016-09-25T09:39:28","modified_gmt":"2016-09-25T09:39:28","slug":"presidente-del-indotel-asegura-hay-mucho-desorden-en-la-asignacion-de-frecuencias","status":"publish","type":"post","link":"https:\/\/diariodominicano.com\/?p=217467","title":{"rendered":"Presidente del Indotel asegura hay mucho desorden en la asignaci\u00f3n de frecuencias"},"content":{"rendered":"<p><body><\/p>\n<p><img decoding=\"async\" src=\"img3\/jose del castillo03.jpg\" \/>  <\/p>\n<p><strong>El licenciado Jos\u00e9 del Castillo Savi\u00f1\u00f3n en el momento que inform\u00f3 el 6 de septiembre que el Consejo Directivo de Indotel, design\u00f3 a Evelyn Katrina Naut Senci\u00f3n como nueva directora ejecutiva en sustituci\u00f3n de Leonardo Alberty Canela Fern\u00e1ndez. Entrevistado por H\u00e9ctor Herrera Cabral en el programa D\u00b4AGENDA que cada domingo se difunde por Telesistema Canal 11, el presidente del Indotel agreg\u00f3 que con la auditor\u00eda tambi\u00e9n pretende establecer cu\u00e1ntos operadores hay en el pa\u00eds, para luego proceder a reorganizar el espectro. <\/strong><\/p>\n<\/p>\n<p><strong>Dice RD ha perdido espacio de referente en innovaci\u00f3n y mercado telecomunicaciones<\/strong><\/p>\n<\/p>\n<p><strong>SANTO DOMINGO, RD, 25 de Septiembre de 2016.-<\/strong> El presidente del Instituto Dominicano de las Telecomunicaciones, Indotel, Jos\u00e9 Del Castillo Savi\u00f1\u00f3n asegur\u00f3 que tradicionalmente en Rep\u00fablica Dominicana ha existido mucho desorden en la asignaci\u00f3n de frecuencias de radio y televisi\u00f3n, y otros componentes de ese vital servicio. Y dijo que se apresta a ordenar la realizaci\u00f3n de una auditor\u00eda para determinar la realidad del espectro, y adem\u00e1s qui\u00e9n tiene las frecuencias en los diferentes anchos de bandas.<\/p>\n<p>Del Castillo Savi\u00f1\u00f3n advirti\u00f3 tambi\u00e9n, que a partir de ahora el Indotel retomar\u00e1 el rol regulador de las telecomunicaciones conforme lo establece la ley 153-98 que rige la materia.<\/p>\n<p>Entrevistado por H\u00e9ctor Herrera Cabral en el programa D\u00b4AGENDA que cada domingo se difunde por Telesistema Canal 11, el presidente del Indotel agreg\u00f3 que con la auditor\u00eda tambi\u00e9n pretende establecer cu\u00e1ntos operadores hay en el pa\u00eds, para luego proceder a reorganizar el espectro.<\/p>\n<p>Explic\u00f3 que en lo que lleva en el cargo el Consejo Directivo se ha reunido en cuatro ocasiones, y tiene contemplado que  los encuentros se produzcan semanalmente, pues luego de determinar la realidad existente se proceder\u00e1 a la liberalizaci\u00f3n del espectro una vez reorganizado.<\/p>\n<p>\u00abHist\u00f3ricamente, y eso no es un tema reciente, pero ha habido mucho desorden en el tema de asignaci\u00f3n de frecuencia, y por lo tanto hoy en d\u00eda nos vamos a embarcar en una auditor\u00eda para determinar qui\u00e9n tiene los diferentes anchos de bandas, cu\u00e1ntos operadores hay, y luego el proceso de reorganizaci\u00f3n de este espectro\u00bb.<\/p>\n<p>Sostuvo que su gesti\u00f3n tambi\u00e9n se propone dar un impulso al internet en todos los \u00e1mbitos, no solo en cuanto a infraestructura, sino tambi\u00e9n en lo referente al contenido, a la vez que record\u00f3 que todav\u00eda la mitad de la poblaci\u00f3n dominicana no tiene acceso a ese servicio.<\/p>\n<p>\u00abTambi\u00e9n vamos abordar el impulso de la televisi\u00f3n digital, y concomitantemente con eso abordar la liberaci\u00f3n del espacio radioel\u00e9ctrico, y la reorganizaci\u00f3n del espectro que es un tema, un reto que tiene la instituci\u00f3n\u00bb, enfatiz\u00f3 Jos\u00e9 del Castillo.<\/p>\n<p>Sobre el tema de la televisi\u00f3n digital, el director del Indotel dijo que el pa\u00eds debe avanzar en esa direcci\u00f3n, ya que su implementaci\u00f3n est\u00e1 previsto para el 2021.<\/p>\n<p>\u00abYo debo anunciar aqu\u00ed que con los planes de Rep\u00fablica Dominicana Digital, vamos a proponerle al ejecutivo que reconsidere esa pr\u00f3rroga, porque si no se libera el ancho de banda en la Rep\u00fablica Dominicana va a ser muy dif\u00edcil mejorar la calidad de los servicios de internet y de telecomunicaciones\u00bb.<\/p>\n<p>Dijo que tambi\u00e9n ser\u00eda un obst\u00e1culo para liberar espacios para atraer m\u00e1s competidores a un mercado que hoy en d\u00eda solamente est\u00e1n presentes algunos actores, es decir un mercado peque\u00f1o en t\u00e9rmino de operadores pero grande en t\u00e9rminos de vol\u00famenes.<\/p>\n<p>\u00abPara que se tenga una idea, la Rep\u00fablica Dominicana es el cuarto receptor mundial de minutos de llamadas entrantes, por la gran cantidad de emigrantes que llama para comunicarse con su gente aqu\u00ed, y el segundo de  Am\u00e9rica Latina, solamente superado por M\u00e9xico\u00bb.<\/p>\n<p>Subray\u00f3 que eso quiere decir que el pa\u00eds tiene un mercado importante en el rango de las telecomunicaciones y se requiere liberar espacio de frecuencias, que se traducir\u00e1 en la licitaci\u00f3n de anchos de bandas que va a significar importantes ingresos al Estado dominicano.<\/p>\n<\/p>\n<p>Rep\u00fablica Dominicana Digital<\/p>\n<\/p>\n<p>El director del Instituto Dominicano de las Telecomunicaciones, Jos\u00e9 del Castillo Savi\u00f1\u00f3n  defini\u00f3 a la Rep\u00fablica Dominicana Digital como una novedad en cuanto a oferta p\u00fablica para beneficiar a la poblaci\u00f3n.<\/p>\n<p>\u00abEs el primer gobierno que ha puesto al desarrollo de la tecnolog\u00eda de la informaci\u00f3n, es decir el acceso a ese servicio, como una prioridad de Estado, es decir es la primera vez que se impulsa de una manera sistematizada\u00bb.<\/p>\n<p>Record\u00f3 que la iniciativa consta de cuatro ejes fundamentales que son: un estudiante, una computadora; Un maestro, una computadora; Banda ancha para todos, productividad y empleo, y Gobierno digital, abierto y transparente. <\/p>\n<\/p>\n<p>Sostuvo que para el Sistema educativo ser\u00e1 de un impacto de tal magnitud que se prev\u00e9 la primera entrega de un mill\u00f3n de computadoras a ser distribuidas entre alumnos y profesores.<\/p>\n<p>\u00abEn el caso de la conectividad donde el Indotel tiene un rol importante, evidentemente que uno de los puntos b\u00e1sicos es, como paradigma, el acceso universal a internet, es decir que cada dominicano tenga la posibilidad de acceder al internet como fuente de conocimiento, salud, servicios, y como herramienta para hacer negocios, innovar y hasta para la interacci\u00f3n social\u00bb.<\/p>\n<p>Record\u00f3 que el internet se ha convertido un eje transversal en todos los aspectos de la vida del ser humano, y por lo tanto mientras m\u00e1s halla acceso a esta herramienta, mejor calidad de vida tiene la poblaci\u00f3n.<\/p>\n<\/p>\n<p>Reconoce RD ha perdido espacio en innovaci\u00f3n y mercado de telecomunicaciones en AL<\/p>\n<\/p>\n<p>El licenciado Jos\u00e9 del Castillo Savi\u00f1\u00f3n reconoci\u00f3 que la Rep\u00fablica Dominicana ha perdido espacios en cuanto a la innovaci\u00f3n y el mercado de las telecomunicaciones en la regi\u00f3n de Am\u00e9rica Latina y el Caribe.<\/p>\n<p>El presidente del Instituto Dominicano de las Telecomunicaciones asegur\u00f3 que una de sus metas al frente del Indotel, es recuperar el dinamismo que exhibi\u00f3 a\u00f1os atr\u00e1s.<\/p>\n<p>No obstante el funcionario aclar\u00f3 que ese sector sigue siendo uno de los principales en cuanto a su aporte al Producto Interno Bruto, y por consiguiente en la generaci\u00f3n de empleos.<\/p>\n<p>\u00abLa Rep\u00fablica Dominicana lleg\u00f3 a ser uno de los pa\u00edses punteros en cuanto a innovaci\u00f3n y en manejo de telecomunicaciones un referente regional, pero ha perdido ese espacio por razones que no viene al caso analizar\u00bb, insisti\u00f3 del Castillo Savi\u00f1\u00f3n.<\/p>\n<p>Dijo que hoy en d\u00eda hay un nivel de penetraci\u00f3n de un cien por ciento en t\u00e9rmino de l\u00edneas telef\u00f3nicas entre fijas e inal\u00e1mbricas en el pa\u00eds, la Rep\u00fablica Dominicana cuenta con diez millones y medio de l\u00edneas de tel\u00e9fonos, lo que implica que hay una por cada ciudadano.<\/p>\n<p>Sostuvo que al ser un mercado tan din\u00e1mico aqu\u00ed y en la mayor\u00eda de los pa\u00edses del mundo, su gesti\u00f3n al frente del Indotel persigue darle un gran impulso, acorde con el desarrollo de la tecnolog\u00eda que auspicia el gobierno del presidente Danilo Medina.<\/p>\n<\/p>\n<h6> 2016-09-25 09:39:28 <\/h6>\n<p><!--\n<link rel=\"stylesheet\" href=\"css\/bootstrap.min.css\">\n\n\n<ul class=\"pagination\">\n\t    \n\t\n\n<li >\n\t<a href='?page_no=11986'>Previous<\/a>\n\t<\/li>\n\n\n       \n    \n\n<li><a href='?page_no=1'>1<\/a><\/li>\n\n\n\n<li><a href='?page_no=2'>2<\/a><\/li>\n\n\n\n<li><a>...<\/a><\/li>\n\n\n\n<li><a href='?page_no=11985'>11985<\/a><\/li>\n\n\n\n<li><a href='?page_no=11986'>11986<\/a><\/li>\n\n\n\n<li class='active'><a>11987<\/a><\/li>\n\n\n\n<li><a href='?page_no=11988'>11988<\/a><\/li>\n\n\n\n<li><a href='?page_no=11989'>11989<\/a><\/li>\n\n\n\n<li><a>...<\/a><\/li>\n\n\n\n<li><a href='?page_no=56169'>56169<\/a><\/li>\n\n\n\n<li><a href='?page_no=56170'>56170<\/a><\/li>\n\n    \n\t\n\n<li >\n\t<a href='?page_no=11988'>Next<\/a>\n\t<\/li>\n\n\n    \n\n<li><a href='?page_no=56170'>Last &rsaquo;&rsaquo;<\/a><\/li>\n\n<\/ul>\n\n\n--><br \/>\n<\/body><\/p>\n","protected":false},"excerpt":{"rendered":"<p>El licenciado Jos\u00e9 del Castillo Savi\u00f1\u00f3n en el momento que inform\u00f3 el 6 de septiembre que el Consejo Directivo de Indotel, design\u00f3 a Evelyn Katrina Naut Senci\u00f3n como nueva directora ejecutiva en sustituci\u00f3n de Leonardo Alberty Canela Fern\u00e1ndez. Entrevistado por H\u00e9ctor Herrera Cabral en el programa D\u00b4AGENDA que cada domingo se difunde por Telesistema Canal [&hellip;]<\/p>\n","protected":false},"author":3,"featured_media":0,"comment_status":"open","ping_status":"open","sticky":false,"template":"","format":"standard","meta":{"footnotes":""},"categories":[20],"tags":[],"class_list":["post-217467","post","type-post","status-publish","format-standard","hentry","category-dominicana-hoy"],"_links":{"self":[{"href":"https:\/\/diariodominicano.com\/index.php?rest_route=\/wp\/v2\/posts\/217467","targetHints":{"allow":["GET"]}}],"collection":[{"href":"https:\/\/diariodominicano.com\/index.php?rest_route=\/wp\/v2\/posts"}],"about":[{"href":"https:\/\/diariodominicano.com\/index.php?rest_route=\/wp\/v2\/types\/post"}],"author":[{"embeddable":true,"href":"https:\/\/diariodominicano.com\/index.php?rest_route=\/wp\/v2\/users\/3"}],"replies":[{"embeddable":true,"href":"https:\/\/diariodominicano.com\/index.php?rest_route=%2Fwp%2Fv2%2Fcomments&post=217467"}],"version-history":[{"count":0,"href":"https:\/\/diariodominicano.com\/index.php?rest_route=\/wp\/v2\/posts\/217467\/revisions"}],"wp:attachment":[{"href":"https:\/\/diariodominicano.com\/index.php?rest_route=%2Fwp%2Fv2%2Fmedia&parent=217467"}],"wp:term":[{"taxonomy":"category","embeddable":true,"href":"https:\/\/diariodominicano.com\/index.php?rest_route=%2Fwp%2Fv2%2Fcategories&post=217467"},{"taxonomy":"post_tag","embeddable":true,"href":"https:\/\/diariodominicano.com\/index.php?rest_route=%2Fwp%2Fv2%2Ftags&post=217467"}],"curies":[{"name":"wp","href":"https:\/\/api.w.org\/{rel}","templated":true}]}}