{"id":217463,"date":"2016-09-26T04:04:01","date_gmt":"2016-09-26T04:04:01","guid":{"rendered":"http:\/\/diariodominicano.ddns.net\/?p=217463"},"modified":"2016-09-26T04:04:01","modified_gmt":"2016-09-26T04:04:01","slug":"mandatario-va-a-colombia-a-firma-del-acuerdo-de-paz","status":"publish","type":"post","link":"https:\/\/diariodominicano.com\/?p=217463","title":{"rendered":"Mandatario va a Colombia a firma del acuerdo de paz"},"content":{"rendered":"<p><body><\/p>\n<p><img decoding=\"async\" src=\"img3\/portada_presidente_danilo_medina_va_manana_a_colombia.jpg\" \/>  <\/p>\n<p> <strong>Lo har\u00e1 en su calidad de presidente pro t\u00e9mpore de la CELAC y en representaci\u00f3n del pueblo dominicano, hist\u00f3ricamente pac\u00edfico, tolerante y valiente.<\/strong><\/p>\n<\/p>\n<\/p>\n<p><strong>SANTO DOMINGO, RD, 25 de Septiembre de 2016.-<\/strong> El presidente Danilo Medina saldr\u00e1 hacia Cartagena de Indias, Colombia. Participar\u00e1 en la firma del acuerdo de paz entre el gobierno colombiano y las FARC-EP.<\/p>\n<\/p>\n<p> Lo har\u00e1 en su calidad de presidente pro t\u00e9mpore de la CELAC y en representaci\u00f3n del pueblo dominicano, hist\u00f3ricamente pac\u00edfico, tolerante y valiente.<\/p>\n<\/p>\n<p>El jefe de Estado dominicano saldr\u00e1 desde la Base A\u00e9rea de San Isidro.Le acompa\u00f1ar\u00e1n el ministro Administrativo de la Presidencia, Jos\u00e9 Ram\u00f3n Peralta, y el canciller, Miguel Vargas. <\/p>\n<\/p>\n<p>Del mismo modo, el portavoz del Gobierno y director general de Comunicaci\u00f3n, Roberto Rodr\u00edguez Marchena. Tambi\u00e9n el director ejecutivo de la Unidad Ejecutora para la Readecuaci\u00f3n de La Barquita y Entornos, Jos\u00e9 Miguel Gonz\u00e1lez. <\/p>\n<\/p>\n<p>Igualmente, el asistente del jefe de Estado, Carlos Pared P\u00e9rez. Adem\u00e1s, el jefe del Cuerpo de Seguridad Presidencial, mayor general Ad\u00e1n C\u00e1ceres.<\/p>\n<\/p>\n<p>Testigo del anuncio del alto al fuego; Danilo, hombre de paz<\/p>\n<\/p>\n<p>El presidente Danilo Medina tambi\u00e9n fue testigo del anuncio del alto al fuego bilateral y definitivo. Ese acontecimiento tuvo lugar en La Habana, Cuba, el pasado 23 de junio.<\/p>\n<\/p>\n<p>En aquella ocasi\u00f3n, el jefe de Estado dominicano, manifest\u00f3 a trav\u00e9s de su cuenta de Twitter @DaniloMedina:<\/p>\n<\/p>\n<p>\u00abCuenten con la CELAC y con todo el apoyo de la Presidencia de la Rep\u00fablica Dominicana, para que esta fase final del di\u00e1logo garantice una paz duradera en Colombia\u00bb.<\/p>\n<\/p>\n<p>Termina un conflicto que dur\u00f3 52 a\u00f1os<\/p>\n<\/p>\n<p>El gobierno colombiano inform\u00f3 que la jornada iniciar\u00e1 a las 8:00 de la ma\u00f1ana. Ser\u00e1 en la Escuela Naval de Cadetes Almirante Padilla.<\/p>\n<\/p>\n<p>All\u00ed el presidente Juan Manuel Santos, homenajear\u00e1 a los miembros de la Fuerza P\u00fablica. Espec\u00edficamente a los que contribuyeron a la consecuci\u00f3n de la paz.<\/p>\n<\/p>\n<p>En ese acto, estar\u00e1n presentes 100 representantes del Ej\u00e9rcito del pa\u00eds suramericano. Asimismo, de la Fuerza A\u00e9rea, la Armada y la Polic\u00eda.<\/p>\n<\/p>\n<p>Ceremonia lit\u00fargica<\/p>\n<\/p>\n<p>A las 12:00 del d\u00eda, se oficiar\u00e1 una ceremonia lit\u00fargica para orar por la reconciliaci\u00f3n de todos los colombianos. La misma se celebrar\u00e1 en la Iglesia de San Pedro Claver.<\/p>\n<\/p>\n<p>El secretario de Estado del Vaticano, cardenal Pietro Parolin, oficiar\u00e1 la ceremonia. En el acto religioso estar\u00e1n presentes los jefes de Estado y los directivos de organismos multilaterales.<\/p>\n<\/p>\n<p>De igual manera, los presidentes del Senado de la Rep\u00fablica y la C\u00e1mara de Representantes y de las Altas Cortes. Tambi\u00e9n el gabinete ministerial, el equipo negociador del acuerdo, el cuerpo diplom\u00e1tico y las autoridades locales.<\/p>\n<\/p>\n<p>Ese d\u00eda en todas las iglesias y lugares de culto del pa\u00eds suramericano se realizar\u00e1 una ceremonia similar.<\/p>\n<\/p>\n<p>Almuerzo a los jefes de Estado y directivos de organismos multilaterales<\/p>\n<\/p>\n<p>Finalizada la liturgia, ser\u00e1 ofrecido un almuerzo a los jefes de Estado y directores de organismos multilaterales.<\/p>\n<\/p>\n<p>Acto de firma del acuerdo de paz<\/p>\n<\/p>\n<p>El acto principal ser\u00e1 la firma del acuerdo de paz. Comenzar\u00e1 a las 5:00 de la tarde, en el patio de banderas del Centro de Convenciones de Cartagena.<\/p>\n<\/p>\n<p>Estar\u00e1n presentes alrededor de 2,500 personas, incluyendo jefes de Estado y delegaciones internacionales.<\/p>\n<\/p>\n<p>Presencia de los principales l\u00edderes regionales y mundiales<\/p>\n<\/p>\n<p>Junto a Danilo Medina, otros importantes l\u00edderes mundiales ser\u00e1n testigos del fin a 52 a\u00f1os de guerra en Colombia.<\/p>\n<\/p>\n<p>La Presidencia de esa naci\u00f3n anunci\u00f3 que 15 presidentes y 27 cancilleres presenciar\u00e1n el hist\u00f3rico momento.<\/p>\n<\/p>\n<p>Han confirmado los presidentes de Argentina, Bolivia, Costa Rica, Cuba, Chile, Ecuador y El Salvador. Tambi\u00e9n los dignatarios de Guatemala, Honduras, M\u00e9xico, Panam\u00e1, Paraguay, Per\u00fa y Venezuela.<\/p>\n<\/p>\n<p>A ellos se sumar\u00e1 el rey em\u00e9rito de Espa\u00f1a, don Juan Carlos I. Adem\u00e1s, los expresidentes, Felipe Gonz\u00e1lez, de Espa\u00f1a; Ernesto Zedillo, de M\u00e9xico, y de Uruguay, Jos\u00e9 Mujica.<\/p>\n<\/p>\n<p>Igualmente estar\u00e1n el secretario general de la ONU Ban Ki-moon y el exsecretario de esa entidad, Kofi Annan.<\/p>\n<\/p>\n<p>Del mismo modo, el secretario general de la OEA, Luis Almagro. Tambi\u00e9n los presidentes del Banco Mundial, Jim Yong Kim, y del Fondo Monetario Internacional, Christine Lagarde.<\/p>\n<\/p>\n<p>Adem\u00e1s, el presidente del BID, Luis Alberto Moreno y la secretaria general iberoamericana, Rebeca Grynspan. La secretaria de la CEPAL, Alicia B\u00e1rcenas y el presidente del CAF, Enrique Garc\u00eda, tambi\u00e9n estar\u00e1n en los actos.<\/p>\n<h6> 2016-09-26 04:04:01 <\/h6>\n<p><!--\n<link rel=\"stylesheet\" href=\"css\/bootstrap.min.css\">\n\n\n<ul class=\"pagination\">\n\t    \n\t\n\n<li >\n\t<a href='?page_no=11982'>Previous<\/a>\n\t<\/li>\n\n\n       \n    \n\n<li><a href='?page_no=1'>1<\/a><\/li>\n\n\n\n<li><a href='?page_no=2'>2<\/a><\/li>\n\n\n\n<li><a>...<\/a><\/li>\n\n\n\n<li><a href='?page_no=11981'>11981<\/a><\/li>\n\n\n\n<li><a href='?page_no=11982'>11982<\/a><\/li>\n\n\n\n<li class='active'><a>11983<\/a><\/li>\n\n\n\n<li><a href='?page_no=11984'>11984<\/a><\/li>\n\n\n\n<li><a href='?page_no=11985'>11985<\/a><\/li>\n\n\n\n<li><a>...<\/a><\/li>\n\n\n\n<li><a href='?page_no=56169'>56169<\/a><\/li>\n\n\n\n<li><a href='?page_no=56170'>56170<\/a><\/li>\n\n    \n\t\n\n<li >\n\t<a href='?page_no=11984'>Next<\/a>\n\t<\/li>\n\n\n    \n\n<li><a href='?page_no=56170'>Last &rsaquo;&rsaquo;<\/a><\/li>\n\n<\/ul>\n\n\n--><br \/>\n<\/body><\/p>\n","protected":false},"excerpt":{"rendered":"<p>Lo har\u00e1 en su calidad de presidente pro t\u00e9mpore de la CELAC y en representaci\u00f3n del pueblo dominicano, hist\u00f3ricamente pac\u00edfico, tolerante y valiente. SANTO DOMINGO, RD, 25 de Septiembre de 2016.- El presidente Danilo Medina saldr\u00e1 hacia Cartagena de Indias, Colombia. Participar\u00e1 en la firma del acuerdo de paz entre el gobierno colombiano y las [&hellip;]<\/p>\n","protected":false},"author":3,"featured_media":0,"comment_status":"open","ping_status":"open","sticky":false,"template":"","format":"standard","meta":{"footnotes":""},"categories":[20],"tags":[],"class_list":["post-217463","post","type-post","status-publish","format-standard","hentry","category-dominicana-hoy"],"_links":{"self":[{"href":"https:\/\/diariodominicano.com\/index.php?rest_route=\/wp\/v2\/posts\/217463","targetHints":{"allow":["GET"]}}],"collection":[{"href":"https:\/\/diariodominicano.com\/index.php?rest_route=\/wp\/v2\/posts"}],"about":[{"href":"https:\/\/diariodominicano.com\/index.php?rest_route=\/wp\/v2\/types\/post"}],"author":[{"embeddable":true,"href":"https:\/\/diariodominicano.com\/index.php?rest_route=\/wp\/v2\/users\/3"}],"replies":[{"embeddable":true,"href":"https:\/\/diariodominicano.com\/index.php?rest_route=%2Fwp%2Fv2%2Fcomments&post=217463"}],"version-history":[{"count":0,"href":"https:\/\/diariodominicano.com\/index.php?rest_route=\/wp\/v2\/posts\/217463\/revisions"}],"wp:attachment":[{"href":"https:\/\/diariodominicano.com\/index.php?rest_route=%2Fwp%2Fv2%2Fmedia&parent=217463"}],"wp:term":[{"taxonomy":"category","embeddable":true,"href":"https:\/\/diariodominicano.com\/index.php?rest_route=%2Fwp%2Fv2%2Fcategories&post=217463"},{"taxonomy":"post_tag","embeddable":true,"href":"https:\/\/diariodominicano.com\/index.php?rest_route=%2Fwp%2Fv2%2Ftags&post=217463"}],"curies":[{"name":"wp","href":"https:\/\/api.w.org\/{rel}","templated":true}]}}