{"id":217462,"date":"2016-09-26T08:46:13","date_gmt":"2016-09-26T08:46:13","guid":{"rendered":"http:\/\/diariodominicano.ddns.net\/?p=217462"},"modified":"2016-09-26T08:46:13","modified_gmt":"2016-09-26T08:46:13","slug":"pro-consumidor-dispone-decomiso-leche-no-apta-para-consumo-humano","status":"publish","type":"post","link":"https:\/\/diariodominicano.com\/?p=217462","title":{"rendered":"PRO Consumidor dispone decomiso leche no apta para consumo humano"},"content":{"rendered":"<p><body><\/p>\n<p><img decoding=\"async\" src=\"img3\/suero-de-leche26-9.jpg\" \/>  <\/p>\n<p><span class=\"text1noticias\">Santo Domingo, R. D., 26 de septiembre.- La directora ejecutiva del  Instituto Nacional de Protecci\u00f3n de los Derechos del Consumidor (Pro Consumidor), Anina Marcelina del Castillo inform\u00f3 que dispuso el decomiso de toda la leche en polvo importada que se est\u00e1 vendiendo al granel  en muchos establecimientos comerciales tras comprobarse que no est\u00e1 apta para el consumo.<\/span><\/p>\n<p><span class=\"text1noticias\"> <\/span><\/p>\n<p><span class=\"text1noticias\">Explic\u00f3 que tan pronto Pro Consumidor fue notificado sobre la comercializaci\u00f3n de ese tipo de leche de dudosa calidad y sin el debido registro sanitario, se procedi\u00f3 a investigar la situaci\u00f3n procedi\u00e9ndose al decomiso de grandes lotes del producto cuyo consumo estaba poniendo en peligro la salud de la poblaci\u00f3n.<\/span><\/p>\n<p><span class=\"text1noticias\"> <\/span><\/p>\n<p><span class=\"text1noticias\">La funcionaria dijo adem\u00e1s, que se proceder\u00e1 a sancionar a los comerciantes que en desacato a la medida de Pro Consumidor contin\u00faen distribuyendo ese y otros productos l\u00e1cteos importados que no est\u00e9n amparados del correspondiente registro sanitario y etiquetado.<\/span><\/p>\n<p><span class=\"text1noticias\"> <\/span><\/p>\n<p><span class=\"text1noticias\">Marcelina del Castillo, precis\u00f3 adem\u00e1s, que junto al Ministerio de Agricultura, Aduanas y Pro Consumidor se coordinan acciones con miras a evitar se contin\u00fae introduciendo l\u00e1cteos y otros productos carentes de registros sanitarios.<\/span><\/p>\n<p><span class=\"text1noticias\"> <\/span><\/p>\n<p><span class=\"text1noticias\">La titular de Pro Consumidor, tambi\u00e9n detall\u00f3 que la Comisi\u00f3n Interinstitucional designada por el Presidente Danilo Medina, para el establecimiento del reglamento sobre el etiquetado en los productos, a partir del primero de enero del pr\u00f3ximo a\u00f1o, ha avanzado bastante, y  con lo cual se dar\u00e1 al traste con la comercializaci\u00f3n de productos  sin los debidos est\u00e1ndares de calidad.<\/span><\/p>\n<p><span class=\"text1noticias\"> <\/span><\/p>\n<p><span class=\"text1noticias\">Record\u00f3 no obstante, que desde agosto pasado inspectores de Pro Consumidor han estado supervisando distintos establecimientos comerciales  decomisando miles de productos en mal estado y fechas de caducidades vencidas, incluyendo lotes de leche en polvo a granel.<\/span><\/p>\n<p><span class=\"text1noticias\"> <\/span><\/p>\n<p><span class=\"text1noticias\">Advirti\u00f3 que ese proceso ser\u00e1 intensificado a nivel de colmados y otros negocios donde se tiene informe que se est\u00e1 comercializando leche al granel no apta para el consumo y que fue importada de manera irregular desde Europa.<\/span><\/p>\n<p><span class=\"text1noticias\"> <\/span><\/p>\n<p><span class=\"text1noticias\">Agreg\u00f3 que ese y otros productos que sean decomisados ser\u00e1n incinerados y que los responsables de la distribuci\u00f3n ser\u00e1n multados por dedicarse a pr\u00e1ctica que atentan contra la salud de los consumidores.<\/span><\/p>\n<p><span class=\"text1noticias\"> <\/span><\/p>\n<p><span class=\"text1noticias\">Reconoci\u00f3 que es deber de Proconsumidor, los Ministerios de Salud e Industria y Comercio, as\u00ed como la Direcci\u00f3n General de Adunas, establecer los mecanismos de controles requeridos para evitar se importe y comercialice alimentos en mal estado, como ha sido el caso de grandes de lotes de leche en polvo reci\u00e9n importada y de dudosa calidad.<\/span><\/p>\n<p><span class=\"text1noticias\"> <\/span><\/p>\n<p><span class=\"text1noticias\">El pasado jueves, el Ministerio de Salud P\u00fablica confirm\u00f3 la comercializaci\u00f3n de lotes de leche en polvo importados de dudosa calidad y sin el registro sanitario correspondiente, lo que es investigado para aplicar los correctivos correspondientes, incluso el decomiso del producto.<\/span><\/p>\n<p><span class=\"text1noticias\"> <\/span><\/p>\n<p><span class=\"text1noticias\"> <\/span><\/p>\n<p><span class=\"text1noticias\">La  doctora Carina Mena, titular de la Direcci\u00f3n General de Medicamentos, Alimentos y Productos Sanitarios (DIGEMAPS) del Ministerio de Salud, dijo que un cuerpo de inspectores de esa dependencia est\u00e1 encargado de la supervisi\u00f3n de distintos establecimientos comerciales donde conforme a denuncias se est\u00e1 vendiendo el producto y han comprobado que carece del correspondiente registro sanitario.<\/span><\/p>\n<p><span class=\"text1noticias\"> <\/span><\/p>\n<p><span class=\"text1noticias\">Explic\u00f3 adem\u00e1s, que  Digemaps trabaja junto a la Direcci\u00f3n General de Ganader\u00eda El Consejo Nacional para la Reglamentaci\u00f3n y Fomento de la Industria Lechera (CONALECHE), con miras a la aplicaci\u00f3n del reglamento sobre el etiquetado y control sanitario de los productos importados, lo cual entrar\u00e1 en vigencia a partir del primero de enero del pr\u00f3ximo a\u00f1o.<\/span><\/p>\n<p><span class=\"text1noticias\"> <\/span><\/p>\n<p><span class=\"text1noticias\">En lo relativo a la importaci\u00f3n de cargamentos de leche en polvo procedente de Europa y que no estar\u00eda apto para el consumo humano por tener fecha de caducidad vencida o a punto de vencer, la funcionaria record\u00f3 que el manejo de ese tipo de importaci\u00f3n est\u00e1 bajo el control del Ministerio de Agricultura.<\/span><\/p>\n<p><span class=\"text1noticias\"> <\/span><\/p>\n<p><span class=\"text1noticias\">La denuncia sobre la comercializaci\u00f3n de leche en polvo no apta para su comercializaci\u00f3n y consumo, fue hecha por los principales dirigentes de las Asociaciones y Federaciones de Ganaderos, quienes reclamaron  a las autoridades correspondientes investigarla y disponer el decomiso del producto.<\/span><\/p>\n<p><span class=\"text1noticias\"> <\/span><\/p>\n<p><span class=\"text1noticias\">En  t\u00e9rminos similares se pronunci\u00f3 la presidenta de la Asociaci\u00f3n de Comit\u00e9s de Amas de Casa Consumidoras y Usuarias de Servicios, Ana Vertilia Cabrera, quien exhort\u00f3 a la poblaci\u00f3n abstenerse de consumir ese tipo de leche e inst\u00f3 a las autoridades a retirar el producto.<\/span><\/p>\n<p><span class=\"text1noticias\"> <\/span><\/p>\n<p><span class=\"text1noticias\">Mientras que De su lado Erick Rivero, presidente  de la Asociaci\u00f3n Dominicana de Productores de Leche (Aproleche) ,  Analdo G\u00f3mez, director del Consejo Nacional para la Reglamentaci\u00f3n y Fomento de la Industria Lechera (Conaleche) y  Ulises de Beras, presidente de la Asociaci\u00f3n Dominicana de Hacendados y Agricultores, coincidieron en que esa pr\u00e1ctica adem\u00e1s de ser violatorio de los controles sanitarios, constituya competencia desleal porque al tratarse de productos de dudosa calidad es comercializado por debajo del costo de producci\u00f3n.<\/span><\/p>\n<\/p>\n<h6> 2016-09-26 08:46:13 <\/h6>\n<p><!--\n<link rel=\"stylesheet\" href=\"css\/bootstrap.min.css\">\n\n\n<ul class=\"pagination\">\n\t    \n\t\n\n<li >\n\t<a href='?page_no=11981'>Previous<\/a>\n\t<\/li>\n\n\n       \n    \n\n<li><a href='?page_no=1'>1<\/a><\/li>\n\n\n\n<li><a href='?page_no=2'>2<\/a><\/li>\n\n\n\n<li><a>...<\/a><\/li>\n\n\n\n<li><a href='?page_no=11980'>11980<\/a><\/li>\n\n\n\n<li><a href='?page_no=11981'>11981<\/a><\/li>\n\n\n\n<li class='active'><a>11982<\/a><\/li>\n\n\n\n<li><a href='?page_no=11983'>11983<\/a><\/li>\n\n\n\n<li><a href='?page_no=11984'>11984<\/a><\/li>\n\n\n\n<li><a>...<\/a><\/li>\n\n\n\n<li><a href='?page_no=56169'>56169<\/a><\/li>\n\n\n\n<li><a href='?page_no=56170'>56170<\/a><\/li>\n\n    \n\t\n\n<li >\n\t<a href='?page_no=11983'>Next<\/a>\n\t<\/li>\n\n\n    \n\n<li><a href='?page_no=56170'>Last &rsaquo;&rsaquo;<\/a><\/li>\n\n<\/ul>\n\n\n--><br \/>\n<\/body><\/p>\n","protected":false},"excerpt":{"rendered":"<p>Santo Domingo, R. D., 26 de septiembre.- La directora ejecutiva del Instituto Nacional de Protecci\u00f3n de los Derechos del Consumidor (Pro Consumidor), Anina Marcelina del Castillo inform\u00f3 que dispuso el decomiso de toda la leche en polvo importada que se est\u00e1 vendiendo al granel en muchos establecimientos comerciales tras comprobarse que no est\u00e1 apta para [&hellip;]<\/p>\n","protected":false},"author":3,"featured_media":0,"comment_status":"open","ping_status":"open","sticky":false,"template":"","format":"standard","meta":{"footnotes":""},"categories":[20],"tags":[],"class_list":["post-217462","post","type-post","status-publish","format-standard","hentry","category-dominicana-hoy"],"_links":{"self":[{"href":"https:\/\/diariodominicano.com\/index.php?rest_route=\/wp\/v2\/posts\/217462","targetHints":{"allow":["GET"]}}],"collection":[{"href":"https:\/\/diariodominicano.com\/index.php?rest_route=\/wp\/v2\/posts"}],"about":[{"href":"https:\/\/diariodominicano.com\/index.php?rest_route=\/wp\/v2\/types\/post"}],"author":[{"embeddable":true,"href":"https:\/\/diariodominicano.com\/index.php?rest_route=\/wp\/v2\/users\/3"}],"replies":[{"embeddable":true,"href":"https:\/\/diariodominicano.com\/index.php?rest_route=%2Fwp%2Fv2%2Fcomments&post=217462"}],"version-history":[{"count":0,"href":"https:\/\/diariodominicano.com\/index.php?rest_route=\/wp\/v2\/posts\/217462\/revisions"}],"wp:attachment":[{"href":"https:\/\/diariodominicano.com\/index.php?rest_route=%2Fwp%2Fv2%2Fmedia&parent=217462"}],"wp:term":[{"taxonomy":"category","embeddable":true,"href":"https:\/\/diariodominicano.com\/index.php?rest_route=%2Fwp%2Fv2%2Fcategories&post=217462"},{"taxonomy":"post_tag","embeddable":true,"href":"https:\/\/diariodominicano.com\/index.php?rest_route=%2Fwp%2Fv2%2Ftags&post=217462"}],"curies":[{"name":"wp","href":"https:\/\/api.w.org\/{rel}","templated":true}]}}