{"id":217461,"date":"2016-09-26T09:25:10","date_gmt":"2016-09-26T09:25:10","guid":{"rendered":"http:\/\/diariodominicano.ddns.net\/?p=217461"},"modified":"2016-09-26T09:25:10","modified_gmt":"2016-09-26T09:25:10","slug":"sindico-de-la-victoria-anuncia-licitacion-para-la-adquisicion-de-cinco-autobuses","status":"publish","type":"post","link":"https:\/\/diariodominicano.com\/?p=217461","title":{"rendered":"S\u00edndico de La Victoria  anuncia licitaci\u00f3n para la adquisici\u00f3n de cinco autobuses"},"content":{"rendered":"<p><body><\/p>\n<p><img decoding=\"async\" src=\"img3\/sindico26-9.jpg\" \/>  <\/p>\n<p><span class=\"text1noticias\">Distrito Municipal de La Victoria, R. D., 26 de septiembre.- El s\u00edndico del distrito municipal de La Victoria, Jos\u00e9 Ram\u00f3n Hern\u00e1ndez, anuncio la licitaci\u00f3n para la adquisici\u00f3n de cinco autobuses para el transporte gratuito de los estudiantes que cursan estudios en diferentes universidades del Distrito Nacional.<\/span><\/p>\n<p><span class=\"text1noticias\"> <\/span><\/p>\n<p><span class=\"text1noticias\">Hern\u00e1ndez, dijo que la compra de los veh\u00edculos se har\u00e1 con fondos propios del cabildo, gracias a la optimizaci\u00f3n en la administraci\u00f3n de recursos asignados, con los que se pretende hacer un ayuntamiento ejemplar.<\/span><\/p>\n<p><span class=\"text1noticias\"> <\/span><\/p>\n<p><span class=\"text1noticias\">\u00abSe han dise\u00f1ado las rutas por las diferentes comunidades donde los estudiantes abordaran los autobuses sin costo, que lo transportaran hasta la estaci\u00f3n Mama Tingo de Villa Mella, para continuar con sus rutas\u00bb, sostuvo.<\/span><\/p>\n<p><span class=\"text1noticias\"> <\/span><\/p>\n<p><span class=\"text1noticias\">Asimismo el Alcalde del Distrito Municipal de La Victoria anuncio que conjuntamente con los autobuses se gestiona con las autoridades del Metro de Santo Domingo 500 tarjetas a igual n\u00famero de estudiantes.<\/span><\/p>\n<p><span class=\"text1noticias\"> <\/span><\/p>\n<p><span class=\"text1noticias\">\u00abDoy garant\u00eda a los padres para que no se preocupen por los recursos diarios que tienen que buscarle a sus hijos para el transporte a la universidad, por que el ayuntamiento lo cubrir\u00e1\u00bb, declar\u00f3. <\/span><\/p>\n<p><span class=\"text1noticias\"> <\/span><\/p>\n<p><span class=\"text1noticias\">Indic\u00f3 que las rutas en los autobuses estar\u00e1n cubiertas de 06:00 de la ma\u00f1ana a 01: 00 de la tarde y de 06: 00 de la tarde a 10:00 de la noche, como una forma de contribuir a disminuir el gasto de los padres para que sus hijos cursen sus estudios sin dificultades.<\/span><\/p>\n<p><span class=\"text1noticias\"> <\/span><\/p>\n<p><span class=\"text1noticias\">\u00abEstamos abocado a la realizaci\u00f3n de un censo para terminar la gran cantidad de estudiantes universitarios que tiene la comunidad como una forma de poder cumplir mejor con las facilidades que nos estamos proponiendo otorgar\u00bb, a\u00f1adi\u00f3.<\/span><\/p>\n<p><span class=\"text1noticias\"> <\/span><\/p>\n<p><span class=\"text1noticias\">El s\u00edndico del Distrito Municipal de La Vitoria, Ram\u00f3n Hern\u00e1ndez se\u00f1al\u00f3 que los estudiantes, profesionales, agricultores y las amas de casas ser\u00e1n de suma importancia de su gesti\u00f3n para impulsar el desarrollo de esa empobrecida comunidad que hoy requiere el apoyo de sus mejores municipales.   <\/span><\/p>\n<p><span class=\"text1noticias\"> <\/span><\/p>\n<p><span class=\"text1noticias\">El Edil insisti\u00f3 en que no descansar\u00e1 en ver libre del analfabetismo y el desempleo a la comunidad de La Victoria, que este 19 de septiembre se apresta a cumplir 153 a\u00f1os de su fundaci\u00f3n<\/span>.   <\/p>\n<\/p>\n<h6> 2016-09-26 09:25:10 <\/h6>\n<p><!--\n<link rel=\"stylesheet\" href=\"css\/bootstrap.min.css\">\n\n\n<ul class=\"pagination\">\n\t    \n\t\n\n<li >\n\t<a href='?page_no=11980'>Previous<\/a>\n\t<\/li>\n\n\n       \n    \n\n<li><a href='?page_no=1'>1<\/a><\/li>\n\n\n\n<li><a href='?page_no=2'>2<\/a><\/li>\n\n\n\n<li><a>...<\/a><\/li>\n\n\n\n<li><a href='?page_no=11979'>11979<\/a><\/li>\n\n\n\n<li><a href='?page_no=11980'>11980<\/a><\/li>\n\n\n\n<li class='active'><a>11981<\/a><\/li>\n\n\n\n<li><a href='?page_no=11982'>11982<\/a><\/li>\n\n\n\n<li><a href='?page_no=11983'>11983<\/a><\/li>\n\n\n\n<li><a>...<\/a><\/li>\n\n\n\n<li><a href='?page_no=56169'>56169<\/a><\/li>\n\n\n\n<li><a href='?page_no=56170'>56170<\/a><\/li>\n\n    \n\t\n\n<li >\n\t<a href='?page_no=11982'>Next<\/a>\n\t<\/li>\n\n\n    \n\n<li><a href='?page_no=56170'>Last &rsaquo;&rsaquo;<\/a><\/li>\n\n<\/ul>\n\n\n--><br \/>\n<\/body><\/p>\n","protected":false},"excerpt":{"rendered":"<p>Distrito Municipal de La Victoria, R. D., 26 de septiembre.- El s\u00edndico del distrito municipal de La Victoria, Jos\u00e9 Ram\u00f3n Hern\u00e1ndez, anuncio la licitaci\u00f3n para la adquisici\u00f3n de cinco autobuses para el transporte gratuito de los estudiantes que cursan estudios en diferentes universidades del Distrito Nacional. Hern\u00e1ndez, dijo que la compra de los veh\u00edculos se [&hellip;]<\/p>\n","protected":false},"author":3,"featured_media":0,"comment_status":"open","ping_status":"open","sticky":false,"template":"","format":"standard","meta":{"footnotes":""},"categories":[20],"tags":[],"class_list":["post-217461","post","type-post","status-publish","format-standard","hentry","category-dominicana-hoy"],"_links":{"self":[{"href":"https:\/\/diariodominicano.com\/index.php?rest_route=\/wp\/v2\/posts\/217461","targetHints":{"allow":["GET"]}}],"collection":[{"href":"https:\/\/diariodominicano.com\/index.php?rest_route=\/wp\/v2\/posts"}],"about":[{"href":"https:\/\/diariodominicano.com\/index.php?rest_route=\/wp\/v2\/types\/post"}],"author":[{"embeddable":true,"href":"https:\/\/diariodominicano.com\/index.php?rest_route=\/wp\/v2\/users\/3"}],"replies":[{"embeddable":true,"href":"https:\/\/diariodominicano.com\/index.php?rest_route=%2Fwp%2Fv2%2Fcomments&post=217461"}],"version-history":[{"count":0,"href":"https:\/\/diariodominicano.com\/index.php?rest_route=\/wp\/v2\/posts\/217461\/revisions"}],"wp:attachment":[{"href":"https:\/\/diariodominicano.com\/index.php?rest_route=%2Fwp%2Fv2%2Fmedia&parent=217461"}],"wp:term":[{"taxonomy":"category","embeddable":true,"href":"https:\/\/diariodominicano.com\/index.php?rest_route=%2Fwp%2Fv2%2Fcategories&post=217461"},{"taxonomy":"post_tag","embeddable":true,"href":"https:\/\/diariodominicano.com\/index.php?rest_route=%2Fwp%2Fv2%2Ftags&post=217461"}],"curies":[{"name":"wp","href":"https:\/\/api.w.org\/{rel}","templated":true}]}}