{"id":217460,"date":"2016-09-26T09:52:42","date_gmt":"2016-09-26T09:52:42","guid":{"rendered":"http:\/\/diariodominicano.ddns.net\/?p=217460"},"modified":"2016-09-26T09:52:42","modified_gmt":"2016-09-26T09:52:42","slug":"iad-supervisa-proyectos-limon-del-yuna-y-maria-trinidad-sanchez","status":"publish","type":"post","link":"https:\/\/diariodominicano.com\/?p=217460","title":{"rendered":"IAD supervisa proyectos Lim\u00f3n del Yuna y  Mar\u00eda Trinidad S\u00e1nchez"},"content":{"rendered":"<p><body><\/p>\n<p><span class=\"text1noticias\">Maria Trinidad Sanchez, R. D., 26 de septiembre.- El director general del Instituto Agrario Dominicano (IAD), Emilio Toribio Olivo, realiz\u00f3 un recorrido de supervisi\u00f3n por distintos proyectos para constatar los avances de los trabajos que lleva a cabo la instituci\u00f3n en la zona Lim\u00f3n del Yuna y Mar\u00eda Trinidad S\u00e1nchez.<\/span><\/p>\n<p><span class=\"text1noticias\"> <\/span><\/p>\n<p><span class=\"text1noticias\">Toribio Olivo dijo que por instrucciones del presidente Danilo Medina, el IAD evaluar\u00e1 las condiciones de fluidez de las aguas del rio Yuna, para posteriormente someter una propuesta.<\/span><\/p>\n<p><span class=\"text1noticias\"> <\/span><\/p>\n<p><span class=\"text1noticias\">\u00abSe le har\u00e1 un trabajo de mantenimiento a la parte baja del Yuna, para que las aguas puedan fluir sin ninguna dificultad, como lo ha hecho en los \u00faltimos a\u00f1os luego del dragado a que fue sometido, para que los productores sigan tranquilos y que les vaya bien en su producci\u00f3n, tanto agr\u00edcola como pecuaria\u00bb, expres\u00f3  Olivo.<\/span><\/p>\n<p><span class=\"text1noticias\"> <\/span><\/p>\n<p><span class=\"text1noticias\">Gran producci\u00f3n pisc\u00edcola en Copeyito<\/span><\/p>\n<p><span class=\"text1noticias\"> <\/span><\/p>\n<p><span class=\"text1noticias\">El director del IAD se traslad\u00f3 al Proyecto Pisc\u00edcola de Copeyito, producto tambi\u00e9n de una Visita Sorpresa, y al reunirse con los productores, les plante\u00f3 el inter\u00e9s del jefe de Estado en que ellos aumenten la producci\u00f3n y poder incorporarlos al Programa de Desayuno Escolar y abastecer m\u00e1s la demanda nacional.<\/span><\/p>\n<p><span class=\"text1noticias\"> <\/span><\/p>\n<p><span class=\"text1noticias\">Detall\u00f3 que este proyecto no es s\u00f3lo de peces, sino que aqu\u00ed se producen camarones de excelente calidad, y que ahora mismo hay una gran producci\u00f3n de unas 4 mil libras semanales destinadas al mercado nacional.<\/span><\/p>\n<p><span class=\"text1noticias\"> <\/span><\/p>\n<p><span class=\"text1noticias\">Precis\u00f3 que los estanques que se construyeron gracias a la Visita Sorpresa, est\u00e1n recibiendo el agua, lo que permite producir a toda capacidad, tal y como orden\u00f3 Danilo Medina.<\/span><\/p>\n<p><span class=\"text1noticias\"> <\/span><\/p>\n<p><span class=\"text1noticias\">Avanzan trabajos en Planta procesadora de alimentos <\/span><\/p>\n<p><span class=\"text1noticias\"> <\/span><\/p>\n<p><span class=\"text1noticias\">Tambi\u00e9n el funcionario visit\u00f3 las instalaciones del Consorcio Arrocero El Pozo, en el Factor de Nagua, con el fin de constatar los trabajos de rehabilitaci\u00f3n de la planta procesadora de alimentos para ni\u00f1os.<\/span><\/p>\n<p><span class=\"text1noticias\"> <\/span><\/p>\n<p><span class=\"text1noticias\">Las labores para la puesta en funcionamiento de esta planta, estan muy avanzados y en unos 120 d\u00edas estar\u00e1 lista, seg\u00fan explixaron los ingenieros encargados de los trabajos.<\/span><\/p>\n<p><span class=\"text1noticias\"> <\/span><\/p>\n<p><span class=\"text1noticias\">Durante el recorrido estuvo acompa\u00f1ado del gerente y subgerente del IAD, Rufino Jim\u00e9nez y F\u00e9lix Arias, asi como el encargado de Ingenier\u00eda V\u00edctor Hugo Ra<\/span>m\u00edrez. <\/p>\n<\/p>\n<h6> 2016-09-26 09:52:42 <\/h6>\n<p><!--\n<link rel=\"stylesheet\" href=\"css\/bootstrap.min.css\">\n\n\n<ul class=\"pagination\">\n\t    \n\t\n\n<li >\n\t<a href='?page_no=11979'>Previous<\/a>\n\t<\/li>\n\n\n       \n    \n\n<li><a href='?page_no=1'>1<\/a><\/li>\n\n\n\n<li><a href='?page_no=2'>2<\/a><\/li>\n\n\n\n<li><a>...<\/a><\/li>\n\n\n\n<li><a href='?page_no=11978'>11978<\/a><\/li>\n\n\n\n<li><a href='?page_no=11979'>11979<\/a><\/li>\n\n\n\n<li class='active'><a>11980<\/a><\/li>\n\n\n\n<li><a href='?page_no=11981'>11981<\/a><\/li>\n\n\n\n<li><a href='?page_no=11982'>11982<\/a><\/li>\n\n\n\n<li><a>...<\/a><\/li>\n\n\n\n<li><a href='?page_no=56169'>56169<\/a><\/li>\n\n\n\n<li><a href='?page_no=56170'>56170<\/a><\/li>\n\n    \n\t\n\n<li >\n\t<a href='?page_no=11981'>Next<\/a>\n\t<\/li>\n\n\n    \n\n<li><a href='?page_no=56170'>Last &rsaquo;&rsaquo;<\/a><\/li>\n\n<\/ul>\n\n\n--><br \/>\n<\/body><\/p>\n","protected":false},"excerpt":{"rendered":"<p>Maria Trinidad Sanchez, R. D., 26 de septiembre.- El director general del Instituto Agrario Dominicano (IAD), Emilio Toribio Olivo, realiz\u00f3 un recorrido de supervisi\u00f3n por distintos proyectos para constatar los avances de los trabajos que lleva a cabo la instituci\u00f3n en la zona Lim\u00f3n del Yuna y Mar\u00eda Trinidad S\u00e1nchez. Toribio Olivo dijo que por [&hellip;]<\/p>\n","protected":false},"author":3,"featured_media":0,"comment_status":"open","ping_status":"open","sticky":false,"template":"","format":"standard","meta":{"footnotes":""},"categories":[20],"tags":[],"class_list":["post-217460","post","type-post","status-publish","format-standard","hentry","category-dominicana-hoy"],"_links":{"self":[{"href":"https:\/\/diariodominicano.com\/index.php?rest_route=\/wp\/v2\/posts\/217460","targetHints":{"allow":["GET"]}}],"collection":[{"href":"https:\/\/diariodominicano.com\/index.php?rest_route=\/wp\/v2\/posts"}],"about":[{"href":"https:\/\/diariodominicano.com\/index.php?rest_route=\/wp\/v2\/types\/post"}],"author":[{"embeddable":true,"href":"https:\/\/diariodominicano.com\/index.php?rest_route=\/wp\/v2\/users\/3"}],"replies":[{"embeddable":true,"href":"https:\/\/diariodominicano.com\/index.php?rest_route=%2Fwp%2Fv2%2Fcomments&post=217460"}],"version-history":[{"count":0,"href":"https:\/\/diariodominicano.com\/index.php?rest_route=\/wp\/v2\/posts\/217460\/revisions"}],"wp:attachment":[{"href":"https:\/\/diariodominicano.com\/index.php?rest_route=%2Fwp%2Fv2%2Fmedia&parent=217460"}],"wp:term":[{"taxonomy":"category","embeddable":true,"href":"https:\/\/diariodominicano.com\/index.php?rest_route=%2Fwp%2Fv2%2Fcategories&post=217460"},{"taxonomy":"post_tag","embeddable":true,"href":"https:\/\/diariodominicano.com\/index.php?rest_route=%2Fwp%2Fv2%2Ftags&post=217460"}],"curies":[{"name":"wp","href":"https:\/\/api.w.org\/{rel}","templated":true}]}}