{"id":217458,"date":"2016-09-26T10:37:57","date_gmt":"2016-09-26T10:37:57","guid":{"rendered":"http:\/\/diariodominicano.ddns.net\/?p=217458"},"modified":"2016-09-26T10:37:57","modified_gmt":"2016-09-26T10:37:57","slug":"dominicanos-asisten-a-primera-feria-consular-comunitaria-dominicana-en-ny","status":"publish","type":"post","link":"https:\/\/diariodominicano.com\/?p=217458","title":{"rendered":"Dominicanos asisten a primera Feria Consular Comunitaria  dominicana en NY"},"content":{"rendered":"<p><body><\/p>\n<p><span class=\"text1noticias\">Nueva York, 26 de septiembre. &#8211;  Cientos de dominicanos participaron en la Feria Consular Comunitaria realizada por primera vez por el Consulado General de la Rep\u00fablica Dominicana en esta ciudad, donde recibieron informaciones precisas sobre los distintos servicios que ofrece y los programas sociales de protecci\u00f3n a la comunidad  que desarrolla ese organismo.<\/span><\/p>\n<p><span class=\"text1noticias\"> <\/span><\/p>\n<p><span class=\"text1noticias\">Se colocaron mesas por las cuales desfilaban los dominicanos en procura de boletines sobre los servicios consulares en la actividad que se realiz\u00f3 en la calle 175, entre las avenidas Wadsworth y Broadway, en el alto Manhattan.<\/span><\/p>\n<p><span class=\"text1noticias\"> <\/span><\/p>\n<p><span class=\"text1noticias\">En representaci\u00f3n del c\u00f3nsul Carlos Castillo se dirigi\u00f3 a los presentes su asistente especial, licenciado Haile Rivera, quien resalt\u00f3 la importancia que reviste el evento para la comunidad y aprovech\u00f3 para trasmitirles un mensaje del funcionario consular en el sentido de que \u00ablas puertas del consulado estar\u00e1n abiertas para todos los ciudadanos y organizaciones de la comunidad dominicana.\u00bb<\/span><\/p>\n<p><span class=\"text1noticias\"> <\/span><\/p>\n<p><span class=\"text1noticias\">El personal del Consulado ofreci\u00f3 informaciones sobre los servicios que se ofrecen, entre ellos tr\u00e1mite de pasaportes, poder especial para ventas de propiedades, adopci\u00f3n de menores, venta y retiro de veh\u00edculos, autorizaci\u00f3n de viajes de menores acompa\u00f1ados de sus padres o tutores, apostilla de documentos, tr\u00e1mites bancarios, hipotecas, Etc.<\/span><\/p>\n<p><span class=\"text1noticias\"> <\/span><\/p>\n<p><span class=\"text1noticias\">El organismo consular tambi\u00e9n invit\u00f3 a los dominicanos a hacerse de un techo propio en Ciudad Juan Bosch, cuyo proyecto incluye la construcci\u00f3n de 25,000 viviendas en Santo Domingo Este y 10,000 en Santiago, mientras que pr\u00f3ximamente tambi\u00e9n se implementar\u00e1 en La Vega y San Francisco de Macor\u00eds, tal como anunci\u00f3 el Presidente Danilo Medina en su discurso ante la Asamblea Nacional en agosto pasado.<\/span><\/p>\n<p><span class=\"text1noticias\"> <\/span><\/p>\n<p><span class=\"text1noticias\">El Consulado no vende apartamentos, sino que facilita su espacio a empresas constructoras del sector privado que participan en proyectos del Gobierno para que informen a los dominicanos residentes en Nueva York, Nueva Jersey, Connecticut y Pennsylvania sobre las estructuras y habitaciones de las viviendas y los requisitos y facilidades para adquirirlas.<\/span><\/p>\n<p><span class=\"text1noticias\"> <\/span><\/p>\n<p><span class=\"text1noticias\">Asimismo, por instrucciones del c\u00f3nsul Castillo, se promovi\u00f3 adem\u00e1s CieloRD, un servicio consular de repatriaci\u00f3n de dominicanos fallecidos que por s\u00f3lo 50 d\u00f3lares anual cubre todo lo referente a servicios f\u00fanebres y el traslado hasta el cementerio en la Rep\u00fablica Dominicana e incluye tambi\u00e9n la entrega de un bono de mil d\u00f3lares a los familiares para cubrir gastos imprevistos.<\/span><\/p>\n<p><span class=\"text1noticias\"> <\/span><\/p>\n<p><span class=\"text1noticias\">De su lado, el activista Tirso Santiago Pi\u00f1a, quien estuvo como organizador de la feria, agradeci\u00f3 el apoyo y la confianza que depositaron en \u00e9l para el \u00e9xito que, afirm\u00f3, tuvo la Feria Consular Comunitaria.<\/span><\/p>\n<p><span class=\"text1noticias\"> <\/span><\/p>\n<p><span class=\"text1noticias\">Tambi\u00e9n participaron la oficina de la Junta Central Electoral que funciona en la sede consular y varias instituciones comunitarias que proveyeron a los asistentes de informaciones sobre inmigraci\u00f3n, salud, educaci\u00f3n, derechos civiles, vivienda, etc. De hecho, las ventanillas de Salud y de Educaci\u00f3n del consulado tambi\u00e9n suministraban informaciones a los asistentes.<\/span><\/p>\n<p><span class=\"text1noticias\"> <\/span><\/p>\n<p><span class=\"text1noticias\">Se destacan, entre otras, Fidelis Health Care of NY, la Coalici\u00f3n del Norte de Manhattan por los Derechos de los Inmigrantes, presidida por \u00c1ngela Fern\u00e1ndez; Cibao Meat Products, Mamita?s Ices, Nesquik, Latina Share, Inwood Coalici\u00f3n; Asociaci\u00f3n Hispana de Trabajadores de la Salud presidida por los doctores Aritmedes Restituyo y Di\u00f3genes Ferm\u00edn; Asociaci\u00f3n M\u00e9dica Dominicana, presidida por el doctor Francisco Roa; Mary Kay, CUNY in the Heights, WorkForce, Centro de Desarrollo de la Mujer Dominicana, North Manhattan Improvement Corporation, departamentos de Polic\u00eda (NYPD) y de Bomberos de Nueva York (FDNY), Mujeres en Desaf\u00edo y la Librer\u00eda P\u00fablica de la Ciudad de Nueva York.<\/span><\/p>\n<p><span class=\"text1noticias\"> <\/span><\/p>\n<p><span class=\"text1noticias\">Los asistentes a la Feria Consular Comunitaria disfrutaron m\u00fasica variada, un brinca-brinca para los ni\u00f1os, entre otras distra<\/span>cciones.<\/p>\n<\/p>\n<h6> 2016-09-26 10:37:57 <\/h6>\n<p><!--\n<link rel=\"stylesheet\" href=\"css\/bootstrap.min.css\">\n\n\n<ul class=\"pagination\">\n\t    \n\t\n\n<li >\n\t<a href='?page_no=11978'>Previous<\/a>\n\t<\/li>\n\n\n       \n    \n\n<li><a href='?page_no=1'>1<\/a><\/li>\n\n\n\n<li><a href='?page_no=2'>2<\/a><\/li>\n\n\n\n<li><a>...<\/a><\/li>\n\n\n\n<li><a href='?page_no=11977'>11977<\/a><\/li>\n\n\n\n<li><a href='?page_no=11978'>11978<\/a><\/li>\n\n\n\n<li class='active'><a>11979<\/a><\/li>\n\n\n\n<li><a href='?page_no=11980'>11980<\/a><\/li>\n\n\n\n<li><a href='?page_no=11981'>11981<\/a><\/li>\n\n\n\n<li><a>...<\/a><\/li>\n\n\n\n<li><a href='?page_no=56169'>56169<\/a><\/li>\n\n\n\n<li><a href='?page_no=56170'>56170<\/a><\/li>\n\n    \n\t\n\n<li >\n\t<a href='?page_no=11980'>Next<\/a>\n\t<\/li>\n\n\n    \n\n<li><a href='?page_no=56170'>Last &rsaquo;&rsaquo;<\/a><\/li>\n\n<\/ul>\n\n\n--><br \/>\n<\/body><\/p>\n","protected":false},"excerpt":{"rendered":"<p>Nueva York, 26 de septiembre. &#8211; Cientos de dominicanos participaron en la Feria Consular Comunitaria realizada por primera vez por el Consulado General de la Rep\u00fablica Dominicana en esta ciudad, donde recibieron informaciones precisas sobre los distintos servicios que ofrece y los programas sociales de protecci\u00f3n a la comunidad que desarrolla ese organismo. Se colocaron [&hellip;]<\/p>\n","protected":false},"author":3,"featured_media":0,"comment_status":"open","ping_status":"open","sticky":false,"template":"","format":"standard","meta":{"footnotes":""},"categories":[20],"tags":[],"class_list":["post-217458","post","type-post","status-publish","format-standard","hentry","category-dominicana-hoy"],"_links":{"self":[{"href":"https:\/\/diariodominicano.com\/index.php?rest_route=\/wp\/v2\/posts\/217458","targetHints":{"allow":["GET"]}}],"collection":[{"href":"https:\/\/diariodominicano.com\/index.php?rest_route=\/wp\/v2\/posts"}],"about":[{"href":"https:\/\/diariodominicano.com\/index.php?rest_route=\/wp\/v2\/types\/post"}],"author":[{"embeddable":true,"href":"https:\/\/diariodominicano.com\/index.php?rest_route=\/wp\/v2\/users\/3"}],"replies":[{"embeddable":true,"href":"https:\/\/diariodominicano.com\/index.php?rest_route=%2Fwp%2Fv2%2Fcomments&post=217458"}],"version-history":[{"count":0,"href":"https:\/\/diariodominicano.com\/index.php?rest_route=\/wp\/v2\/posts\/217458\/revisions"}],"wp:attachment":[{"href":"https:\/\/diariodominicano.com\/index.php?rest_route=%2Fwp%2Fv2%2Fmedia&parent=217458"}],"wp:term":[{"taxonomy":"category","embeddable":true,"href":"https:\/\/diariodominicano.com\/index.php?rest_route=%2Fwp%2Fv2%2Fcategories&post=217458"},{"taxonomy":"post_tag","embeddable":true,"href":"https:\/\/diariodominicano.com\/index.php?rest_route=%2Fwp%2Fv2%2Ftags&post=217458"}],"curies":[{"name":"wp","href":"https:\/\/api.w.org\/{rel}","templated":true}]}}