{"id":217456,"date":"2016-09-26T11:21:54","date_gmt":"2016-09-26T11:21:54","guid":{"rendered":"http:\/\/diariodominicano.ddns.net\/?p=217456"},"modified":"2016-09-26T11:21:54","modified_gmt":"2016-09-26T11:21:54","slug":"un-laboratorio-para-detectar-e-investigar-enfermedades-congenitas","status":"publish","type":"post","link":"https:\/\/diariodominicano.com\/?p=217456","title":{"rendered":"Un laboratorio para detectar e investigar enfermedades cong\u00e9nitas"},"content":{"rendered":"<p><body><\/p>\n<p><img decoding=\"async\" src=\"img3\/primerdama26-9.jpg\" \/>  <\/p>\n<p><strong><span class=\"text1noticias\">Santo Domingo, R. D., 26 de septiembre.-<\/span><\/strong><span class=\"text1noticias\"> El Instituto de Errores Innatos del Metabolismo (IEIM) ofrece asesor\u00eda y acompa\u00f1amiento al Despacho de la Primera Dama C\u00e1ndida Montilla de Medina, en la instalaci\u00f3n del primer laboratorio de Tamiz Neonatal en la Rep\u00fablica Dominicana.<\/span><\/p>\n<p><span class=\"text1noticias\"> <\/span><\/p>\n<p><span class=\"text1noticias\">El IEIM est\u00e1 adscrito a  la Universidad Javeriana y al hospital universitario San Ignacio, en Bogot\u00e1, Colombia, con cuyos representantes el Despacho de la Primera Dama suscribi\u00f3 un acuerdo, en ese sentido.<\/span><\/p>\n<p><span class=\"text1noticias\"> <\/span><\/p>\n<p><span class=\"text1noticias\">Alcances del acuerdo<\/span><\/p>\n<p><span class=\"text1noticias\"> <\/span><\/p>\n<p><span class=\"text1noticias\">El acuerdo fue firmado por la Coordinadora T\u00e9cnica del Despacho, Martha Rodr\u00edguez, en representaci\u00f3n de Montilla de Medina; y los se\u00f1ores Iv\u00e1n Solarte Rodr\u00edguez y Luis David Prieto Mart\u00ednez, del  hospital San Ignacio y de la Pontificia Javeriana, de Colombia, respectivamente.<\/span><\/p>\n<p><span class=\"text1noticias\"> <\/span><\/p>\n<p><span class=\"text1noticias\">Consigna que el IEIM cuenta con la infraestructura necesaria para desarrollar trabajos de investigaci\u00f3n en el \u00e1rea de las enfermedades cong\u00e9nitas, a nivel de maestr\u00edas y doctorados; as\u00ed como entrenamientos que no conllevan  a t\u00edtulos, \u00abpara formar recursos humanos capacitados y efectuar un adecuado diagn\u00f3stico y manejo de esas condiciones\u00bb.<\/span><\/p>\n<p><span class=\"text1noticias\"> <\/span><\/p>\n<p><span class=\"text1noticias\">Fortalecimiento del Sistema de Salud<\/span><\/p>\n<p><span class=\"text1noticias\">Establece que el prop\u00f3sito del Despacho de la Primera Dama al introducir el novedoso programa de Tamiz Neonatal y Alto Riesgo de la Rep\u00fablica Dominicana es contribuir al fortalecimiento del sistema de salud p\u00fablica en el pa\u00eds, acorde con las l\u00edneas trazadas por el presidente Danilo Medina.<\/span><\/p>\n<p><span class=\"text1noticias\"> <\/span><\/p>\n<p><span class=\"text1noticias\">De acuerdo al documento, el IEIM garantiza que el laboratorio de Tamiz Neonatal que construye el Despacho de la Primera Dama, en el hospital Infantil Robert  Reid Cabral, contar\u00e1 con las pruebas b\u00e1sicas para el diagn\u00f3stico de Errores Innatos del Metabolismo.<\/span><\/p>\n<p><span class=\"text1noticias\"> <\/span><\/p>\n<p><span class=\"text1noticias\">Se\u00f1ala que el IEIM es una instituci\u00f3n l\u00edder en el diagn\u00f3stico e investigaci\u00f3n de los Errores Innatos del Metabolismo, \u00abque brinda ayuda integral a la poblaci\u00f3n que padece este tipo de des\u00f3rdenes, entregando herramientas \u00fatiles  a las entidades que solicitan estos servicios\u00bb.<\/span><\/p>\n<p><span class=\"text1noticias\"> <\/span><\/p>\n<p><span class=\"text1noticias\">RD en la red internacional de Tamiz Neonatal<\/span><\/p>\n<p><span class=\"text1noticias\"> <\/span><\/p>\n<p><span class=\"text1noticias\">Mediante este acuerdo, el Despacho  de la Primera Dama, a trav\u00e9s del programa Tamiz Neonatal, podr\u00e1 integrarse a la Red Internacional a la que pertenece el  Instituto de Errores Innatos del Metabolismo (IEIM), \u00abcon el fin de facilitar la prestaci\u00f3n de todos los servicios necesarios para el tratamiento y diagn\u00f3stico de los EIM\u00bb.<\/span><\/p>\n<p><span class=\"text1noticias\"> <\/span><\/p>\n<p><span class=\"text1noticias\">Tamiz Neonatal,  novedoso y revolucionario<\/span><\/p>\n<p><span class=\"text1noticias\">El programa de Tamiz Neonatal, que coordina la doctora Ceila P\u00e9rez de Ferr\u00e1n, es una de las propuestas m\u00e1s revolucionarias del Despacho de la Primera Dama C\u00e1ndida Montilla de Medina, para el sistema de salud en el pa\u00eds.<\/span><\/p>\n<p><span class=\"text1noticias\"> <\/span><\/p>\n<p><span class=\"text1noticias\">Su aplicaci\u00f3n, establecida por el decreto n\u00famero 380-15 emitido por el presidente Danilo Medina, tendr\u00e1 alcance nacional y comenzar\u00e1 en las maternidades Nuestra Se\u00f1ora de la Altagracia, San Lorenzo de Los Mina y en el Hospital de la Mujer.<\/span><\/p>\n<p><span class=\"text1noticias\"> <\/span><\/p>\n<p><span class=\"text1noticias\">El primer laboratorio del  programa se construye en el hospital infantil Robert  Reid Cabral, en Santo Domingo.<\/span><\/p>\n<p><span class=\"text1noticias\"> <\/span><\/p>\n<p><span class=\"text1noticias\">\u00bfQu\u00e9 aportar\u00e1 el programa?<\/span><\/p>\n<p><span class=\"text1noticias\">El diagn\u00f3stico, mediante una gota de sangre  tomada del tal\u00f3n del beb\u00e9, de enfermedades cong\u00e9nitas o de alteraciones metab\u00f3licas que provocan condiciones especiales en las personas y hasta la muerte.<\/span><\/p>\n<p><span class=\"text1noticias\"> <\/span><\/p>\n<p><span class=\"text1noticias\">Con un diagn\u00f3stico a tiempo de estas enfermedades se aporta calidad de vida a las personas y a la sociedad en su conjunto; as\u00ed como una mayor apertura para la inclusi\u00f3n de quienes resulten di<\/span>agnosticadas.<\/p>\n<\/p>\n<\/p>\n<h6> 2016-09-26 11:21:54 <\/h6>\n<p><!--\n<link rel=\"stylesheet\" href=\"css\/bootstrap.min.css\">\n\n\n<ul class=\"pagination\">\n\t    \n\t\n\n<li >\n\t<a href='?page_no=11976'>Previous<\/a>\n\t<\/li>\n\n\n       \n    \n\n<li><a href='?page_no=1'>1<\/a><\/li>\n\n\n\n<li><a href='?page_no=2'>2<\/a><\/li>\n\n\n\n<li><a>...<\/a><\/li>\n\n\n\n<li><a href='?page_no=11975'>11975<\/a><\/li>\n\n\n\n<li><a href='?page_no=11976'>11976<\/a><\/li>\n\n\n\n<li class='active'><a>11977<\/a><\/li>\n\n\n\n<li><a href='?page_no=11978'>11978<\/a><\/li>\n\n\n\n<li><a href='?page_no=11979'>11979<\/a><\/li>\n\n\n\n<li><a>...<\/a><\/li>\n\n\n\n<li><a href='?page_no=56169'>56169<\/a><\/li>\n\n\n\n<li><a href='?page_no=56170'>56170<\/a><\/li>\n\n    \n\t\n\n<li >\n\t<a href='?page_no=11978'>Next<\/a>\n\t<\/li>\n\n\n    \n\n<li><a href='?page_no=56170'>Last &rsaquo;&rsaquo;<\/a><\/li>\n\n<\/ul>\n\n\n--><br \/>\n<\/body><\/p>\n","protected":false},"excerpt":{"rendered":"<p>Santo Domingo, R. D., 26 de septiembre.- El Instituto de Errores Innatos del Metabolismo (IEIM) ofrece asesor\u00eda y acompa\u00f1amiento al Despacho de la Primera Dama C\u00e1ndida Montilla de Medina, en la instalaci\u00f3n del primer laboratorio de Tamiz Neonatal en la Rep\u00fablica Dominicana. El IEIM est\u00e1 adscrito a la Universidad Javeriana y al hospital universitario San [&hellip;]<\/p>\n","protected":false},"author":3,"featured_media":0,"comment_status":"open","ping_status":"open","sticky":false,"template":"","format":"standard","meta":{"footnotes":""},"categories":[20],"tags":[],"class_list":["post-217456","post","type-post","status-publish","format-standard","hentry","category-dominicana-hoy"],"_links":{"self":[{"href":"https:\/\/diariodominicano.com\/index.php?rest_route=\/wp\/v2\/posts\/217456","targetHints":{"allow":["GET"]}}],"collection":[{"href":"https:\/\/diariodominicano.com\/index.php?rest_route=\/wp\/v2\/posts"}],"about":[{"href":"https:\/\/diariodominicano.com\/index.php?rest_route=\/wp\/v2\/types\/post"}],"author":[{"embeddable":true,"href":"https:\/\/diariodominicano.com\/index.php?rest_route=\/wp\/v2\/users\/3"}],"replies":[{"embeddable":true,"href":"https:\/\/diariodominicano.com\/index.php?rest_route=%2Fwp%2Fv2%2Fcomments&post=217456"}],"version-history":[{"count":0,"href":"https:\/\/diariodominicano.com\/index.php?rest_route=\/wp\/v2\/posts\/217456\/revisions"}],"wp:attachment":[{"href":"https:\/\/diariodominicano.com\/index.php?rest_route=%2Fwp%2Fv2%2Fmedia&parent=217456"}],"wp:term":[{"taxonomy":"category","embeddable":true,"href":"https:\/\/diariodominicano.com\/index.php?rest_route=%2Fwp%2Fv2%2Fcategories&post=217456"},{"taxonomy":"post_tag","embeddable":true,"href":"https:\/\/diariodominicano.com\/index.php?rest_route=%2Fwp%2Fv2%2Ftags&post=217456"}],"curies":[{"name":"wp","href":"https:\/\/api.w.org\/{rel}","templated":true}]}}