{"id":217455,"date":"2016-09-26T11:42:38","date_gmt":"2016-09-26T11:42:38","guid":{"rendered":"http:\/\/diariodominicano.ddns.net\/?p=217455"},"modified":"2016-09-26T11:42:38","modified_gmt":"2016-09-26T11:42:38","slug":"pablo-ross-afirma-gobierno-garantizara-inclusion-socio-economica-con-repuclica-digital","status":"publish","type":"post","link":"https:\/\/diariodominicano.com\/?p=217455","title":{"rendered":"Pablo Ross afirma Gobierno garantizar\u00e1 inclusi\u00f3n socio-econ\u00f3mica con  Rep\u00faclica Digital"},"content":{"rendered":"<p><body><\/p>\n<p><span class=\"text1noticias\">Sango Domingo, R. D., 26 de septiembre.- Pablo Ross afirm\u00f3 que el presidente Danilo Medina garantizar\u00e1 con el proyecto Rep\u00fablica Digital, la inclusi\u00f3n social y econ\u00f3mica  de la poblaci\u00f3n que todav\u00eda no est\u00e1 conectada a la red mundial de Internet.<\/span><\/p>\n<p><span class=\"text1noticias\"> <\/span><\/p>\n<p><span class=\"text1noticias\">Dijo que es muy importante el decreto que acaba de emitir el Presidente Medina con relaci\u00f3n a la creaci\u00f3n de las bases del programa  Rep\u00fablica Digital, porque con el mismo se trata de luchar por  la inclusi\u00f3n de aquellos segmentos de la poblaci\u00f3n que de no ser por el amparo del Gobierno se quedar\u00edan sin conectar.<\/span><\/p>\n<p><span class=\"text1noticias\"> <\/span><\/p>\n<p><span class=\"text1noticias\">Destac\u00f3 que el nuevo impacto de las tecnolog\u00edas  ha dado un giro dram\u00e1tico para la socializaci\u00f3n de la distribuci\u00f3n del acceso de la tecnolog\u00eda, y el Instituto Dominicano de las Telecomunicaciones (Indotel) est\u00e1 trabajando para llevar espacio abierto para la promoci\u00f3n de  pol\u00edticas p\u00fablicas de las Tecnolog\u00edas de la Informaci\u00f3n y la Comunicaci\u00f3n (TIC).<\/span><\/p>\n<p><span class=\"text1noticias\"> <\/span><\/p>\n<p><span class=\"text1noticias\">El Indotel con el objetivo de informar sobre el avance y desarrollo de las telecomunicaciones en el pa\u00eds, presenta un ciclo de charla-conferencia  con reconocidos exponentes de las tecnolog\u00edas de las comunicaciones, en su stand de la XIX Feria Internacional del Libro 2016.<\/span><\/p>\n<p><span class=\"text1noticias\"> <\/span><\/p>\n<p><span class=\"text1noticias\">En ese contexto,  el tambi\u00e9n comunicador Pablo Ross, present\u00f3 la conferencia \u00abIntegraci\u00f3n e Inclusi\u00f3n: Los nuevos retos de la sociedad web\u00bb, donde resalt\u00f3 el cambio tecnol\u00f3gico que ha transformado las sociedades desde el 1945 hasta el 1989,  donde las tecnolog\u00edas estaban secuestradas y solo se usaban en la milicia  de gobierno a gobierno.<\/span><\/p>\n<p><span class=\"text1noticias\"> <\/span><\/p>\n<p><span class=\"text1noticias\">No obstante, revel\u00f3 que desde 1989 al 2016 se libera la tecnolog\u00eda y surge lo que se conoce como la sociedad de la web, la digitaci\u00f3n y el internet, hasta el punto de que en la actualidad hay cerca de 8 mil millones de celulares en el mundo, que da un reto nuevo de inclusi\u00f3n e integraci\u00f3n  de las personas a  esta nueva tecnolog\u00eda que est\u00e1 viviendo el mundo.<\/span><\/p>\n<p><span class=\"text1noticias\"> <\/span><\/p>\n<p><span class=\"text1noticias\">Ross record\u00f3 que la primera llamada  por un celular se hizo el 3 de abril del 1973 desde la puerta de un hotel en Nueva York, y sin embargo, el avance de las tecnolog\u00edas desde esa fecha a la actualidad, revela  que se est\u00e1n haciendo  100 millones de llamadas al d\u00eda por la aplicaci\u00f3n  WhatsApp Web.<\/span><\/p>\n<p><span class=\"text1noticias\"> <\/span><\/p>\n<p><span class=\"text1noticias\">Manifest\u00f3 que es por eso que dentro de los objetivos del Indotel est\u00e1  avanzar en la  conexi\u00f3n, inclusi\u00f3n digital y regulaci\u00f3n, para que haya una verdadera integraci\u00f3n a la econom\u00eda digital, y as\u00ed  lograr una  gran mayor\u00eda de hogares dominicanos conectado al internet.<\/span><\/p>\n<p><span class=\"text1noticias\"> <\/span><\/p>\n<p><span class=\"text1noticias\"> Indic\u00f3 que a nadie sorprende estar informado minuto a minuto, comunicarse con personas del otro lado del planeta, ver el video de una canci\u00f3n o trabajar en equipo sin estar en un mismo sitio. Las tecnolog\u00edas de la informaci\u00f3n y comunicaci\u00f3n se han convertido, a una gran velocidad, en parte importante de nuestras vidas. Este concepto que tambi\u00e9n se llama sociedad de la informac<\/span>i\u00f3n.<\/p>\n<\/p>\n<h6> 2016-09-26 11:42:38 <\/h6>\n<p><!--\n<link rel=\"stylesheet\" href=\"css\/bootstrap.min.css\">\n\n\n<ul class=\"pagination\">\n\t    \n\t\n\n<li >\n\t<a href='?page_no=11975'>Previous<\/a>\n\t<\/li>\n\n\n       \n    \n\n<li><a href='?page_no=1'>1<\/a><\/li>\n\n\n\n<li><a href='?page_no=2'>2<\/a><\/li>\n\n\n\n<li><a>...<\/a><\/li>\n\n\n\n<li><a href='?page_no=11974'>11974<\/a><\/li>\n\n\n\n<li><a href='?page_no=11975'>11975<\/a><\/li>\n\n\n\n<li class='active'><a>11976<\/a><\/li>\n\n\n\n<li><a href='?page_no=11977'>11977<\/a><\/li>\n\n\n\n<li><a href='?page_no=11978'>11978<\/a><\/li>\n\n\n\n<li><a>...<\/a><\/li>\n\n\n\n<li><a href='?page_no=56169'>56169<\/a><\/li>\n\n\n\n<li><a href='?page_no=56170'>56170<\/a><\/li>\n\n    \n\t\n\n<li >\n\t<a href='?page_no=11977'>Next<\/a>\n\t<\/li>\n\n\n    \n\n<li><a href='?page_no=56170'>Last &rsaquo;&rsaquo;<\/a><\/li>\n\n<\/ul>\n\n\n--><br \/>\n<\/body><\/p>\n","protected":false},"excerpt":{"rendered":"<p>Sango Domingo, R. D., 26 de septiembre.- Pablo Ross afirm\u00f3 que el presidente Danilo Medina garantizar\u00e1 con el proyecto Rep\u00fablica Digital, la inclusi\u00f3n social y econ\u00f3mica de la poblaci\u00f3n que todav\u00eda no est\u00e1 conectada a la red mundial de Internet. Dijo que es muy importante el decreto que acaba de emitir el Presidente Medina con [&hellip;]<\/p>\n","protected":false},"author":3,"featured_media":0,"comment_status":"open","ping_status":"open","sticky":false,"template":"","format":"standard","meta":{"footnotes":""},"categories":[20],"tags":[],"class_list":["post-217455","post","type-post","status-publish","format-standard","hentry","category-dominicana-hoy"],"_links":{"self":[{"href":"https:\/\/diariodominicano.com\/index.php?rest_route=\/wp\/v2\/posts\/217455","targetHints":{"allow":["GET"]}}],"collection":[{"href":"https:\/\/diariodominicano.com\/index.php?rest_route=\/wp\/v2\/posts"}],"about":[{"href":"https:\/\/diariodominicano.com\/index.php?rest_route=\/wp\/v2\/types\/post"}],"author":[{"embeddable":true,"href":"https:\/\/diariodominicano.com\/index.php?rest_route=\/wp\/v2\/users\/3"}],"replies":[{"embeddable":true,"href":"https:\/\/diariodominicano.com\/index.php?rest_route=%2Fwp%2Fv2%2Fcomments&post=217455"}],"version-history":[{"count":0,"href":"https:\/\/diariodominicano.com\/index.php?rest_route=\/wp\/v2\/posts\/217455\/revisions"}],"wp:attachment":[{"href":"https:\/\/diariodominicano.com\/index.php?rest_route=%2Fwp%2Fv2%2Fmedia&parent=217455"}],"wp:term":[{"taxonomy":"category","embeddable":true,"href":"https:\/\/diariodominicano.com\/index.php?rest_route=%2Fwp%2Fv2%2Fcategories&post=217455"},{"taxonomy":"post_tag","embeddable":true,"href":"https:\/\/diariodominicano.com\/index.php?rest_route=%2Fwp%2Fv2%2Ftags&post=217455"}],"curies":[{"name":"wp","href":"https:\/\/api.w.org\/{rel}","templated":true}]}}