{"id":217454,"date":"2016-09-27T08:03:10","date_gmt":"2016-09-27T08:03:10","guid":{"rendered":"http:\/\/diariodominicano.ddns.net\/?p=217454"},"modified":"2016-09-27T08:03:10","modified_gmt":"2016-09-27T08:03:10","slug":"danilo-medina-nos-unimos-a-la-enorme-alegria-por-triunfo-de-la-paz-y-la-convivencia","status":"publish","type":"post","link":"https:\/\/diariodominicano.com\/?p=217454","title":{"rendered":"Danilo Medina: Nos unimos a la enorme alegr\u00eda por triunfo de la paz y la convivencia"},"content":{"rendered":"<p><body><\/p>\n<p><img decoding=\"async\" src=\"img3\/danilocolombia27-9.jpg\" \/>  <\/p>\n<p><span class=\"text1noticias\">CARTAGENA, 27 de septiembre.- \u00abNos unimos a la enorme alegr\u00eda que hoy embarga a Colombia\u00bb. Asimismo \u00aba toda Am\u00e9rica Latina por el triunfo de la paz y la convivencia\u00bb.<\/span><\/p>\n<p><span class=\"text1noticias\"> <\/span><\/p>\n<p><span class=\"text1noticias\">Esta afirmaci\u00f3n la hizo hoy el jefe de Estado dominicano, a pocos minutos de pisar suelo colombiano. La expres\u00f3 mediante  su cuenta de Twitter @DaniloMedina.<\/span><\/p>\n<p><span class=\"text1noticias\"> <\/span><\/p>\n<p><span class=\"text1noticias\">El gobernante dominicano es uno de los l\u00edderes mundiales invitados a la firma del Acuerdo de Paz del gobierno colombiano y las FARC-EP.<\/span><\/p>\n<p><span class=\"text1noticias\"> <\/span><\/p>\n<p><span class=\"text1noticias\">Participar\u00e1 en su calidad de presidente pro t\u00e9mpore de la CELAC. Asimismo, en representaci\u00f3n del pueblo dominicano, hist\u00f3ricamente pac\u00edfico, tolerante y valiente.<\/span><\/p>\n<p><span class=\"text1noticias\"> <\/span><\/p>\n<p><span class=\"text1noticias\">\u00abEs un gran honor acompa\u00f1ar al pueblo colombiano en la firma de este Acuerdo de Paz, con el que se da inicio una nueva etapa en su historia\u00bb.<\/span><\/p>\n<p><span class=\"text1noticias\"> <\/span><\/p>\n<p><span class=\"text1noticias\">Felicita a presidente Santos y a las FARC-EP<\/span><\/p>\n<p><span class=\"text1noticias\"> <\/span><\/p>\n<p><span class=\"text1noticias\">El jefe de Estado dominicano tambi\u00e9n expres\u00f3 sus congratulaciones al presidente de Colombia y a las FARC-EP, por poner fin a 52 a\u00f1os de conflictos b\u00e9licos.<\/span><\/p>\n<p><span class=\"text1noticias\"> <\/span><\/p>\n<p><span class=\"text1noticias\">\u00abFelicitamos al presidente Juan Manuel Santos y a las FARC-EP por hacer posible la firma de este Acuerdo de Paz que hoy celebra el mundo entero\u00bb.<\/span><\/p>\n<p><span class=\"text1noticias\"> <\/span><\/p>\n<p><span class=\"text1noticias\">Nueva etapa de desarrollo y prosperidad<\/span><\/p>\n<p><span class=\"text1noticias\"> <\/span><\/p>\n<p><span class=\"text1noticias\">A seguidas, manifest\u00f3: \u00abEstamos seguros de que este Acuerdo de Paz ser\u00e1 el punto de partida de una nueva etapa de desarrollo\u00bb. Asimismo, \u00abde prosperidad en Colombia. \u00a1Enhorabuena!\u00bb<\/span><\/p>\n<p><span class=\"text1noticias\"> <\/span><\/p>\n<p><span class=\"text1noticias\">Comparte con hom\u00f3logos<\/span><\/p>\n<p><span class=\"text1noticias\"> <\/span><\/p>\n<p><span class=\"text1noticias\">El presidente Danilo Medina participa en un almuerzo que ofrece el gobierno colombiano a los jefes de Estado.<\/span><\/p>\n<p><span class=\"text1noticias\"> <\/span><\/p>\n<p><span class=\"text1noticias\">Igualmente, a los directivos de los organismos multilaterales que se dieron cita al hist\u00f3rico evento.<\/span><\/p>\n<p><span class=\"text1noticias\"> <\/span><\/p>\n<p><span class=\"text1noticias\">Comparte la mesa con el presidente anfitri\u00f3n, Juan Manuel Santos. Adem\u00e1s, con sus hom\u00f3logos de Cuba, Ra\u00fal Castro, y de M\u00e9xico, Enrique Pe\u00f1a Nieto.<\/span><\/p>\n<p><span class=\"text1noticias\"> <\/span><\/p>\n<p><span class=\"text1noticias\">De la misma manera, con el rey em\u00e9rito de Espa\u00f1a, Juan Carlos I, as\u00ed como el secretario general de la ONU, Ban Ki-moon.<\/span><\/p>\n<p><span class=\"text1noticias\"> <\/span><\/p>\n<p><span class=\"text1noticias\">Posteriormente asistir\u00e1, al acto principal, la firma del Acuerdo de Paz, en el Patio de Banderas del Centro de Convenciones de Cartagena.<\/span><\/p>\n<p><span class=\"text1noticias\"> <\/span><\/p>\n<p><span class=\"text1noticias\">Est\u00e1 previsto que el jefe de Estado dominicano regrese hoy mismo en horas de la noche, por la misma<\/span> terminal a\u00e9rea.<\/p>\n<h6> 2016-09-27 08:03:10 <\/h6>\n<p><!--\n<link rel=\"stylesheet\" href=\"css\/bootstrap.min.css\">\n\n\n<ul class=\"pagination\">\n\t    \n\t\n\n<li >\n\t<a href='?page_no=11974'>Previous<\/a>\n\t<\/li>\n\n\n       \n    \n\n<li><a href='?page_no=1'>1<\/a><\/li>\n\n\n\n<li><a href='?page_no=2'>2<\/a><\/li>\n\n\n\n<li><a>...<\/a><\/li>\n\n\n\n<li><a href='?page_no=11973'>11973<\/a><\/li>\n\n\n\n<li><a href='?page_no=11974'>11974<\/a><\/li>\n\n\n\n<li class='active'><a>11975<\/a><\/li>\n\n\n\n<li><a href='?page_no=11976'>11976<\/a><\/li>\n\n\n\n<li><a href='?page_no=11977'>11977<\/a><\/li>\n\n\n\n<li><a>...<\/a><\/li>\n\n\n\n<li><a href='?page_no=56169'>56169<\/a><\/li>\n\n\n\n<li><a href='?page_no=56170'>56170<\/a><\/li>\n\n    \n\t\n\n<li >\n\t<a href='?page_no=11976'>Next<\/a>\n\t<\/li>\n\n\n    \n\n<li><a href='?page_no=56170'>Last &rsaquo;&rsaquo;<\/a><\/li>\n\n<\/ul>\n\n\n--><br \/>\n<\/body><\/p>\n","protected":false},"excerpt":{"rendered":"<p>CARTAGENA, 27 de septiembre.- \u00abNos unimos a la enorme alegr\u00eda que hoy embarga a Colombia\u00bb. Asimismo \u00aba toda Am\u00e9rica Latina por el triunfo de la paz y la convivencia\u00bb. Esta afirmaci\u00f3n la hizo hoy el jefe de Estado dominicano, a pocos minutos de pisar suelo colombiano. La expres\u00f3 mediante su cuenta de Twitter @DaniloMedina. El [&hellip;]<\/p>\n","protected":false},"author":3,"featured_media":0,"comment_status":"open","ping_status":"open","sticky":false,"template":"","format":"standard","meta":{"footnotes":""},"categories":[20],"tags":[],"class_list":["post-217454","post","type-post","status-publish","format-standard","hentry","category-dominicana-hoy"],"_links":{"self":[{"href":"https:\/\/diariodominicano.com\/index.php?rest_route=\/wp\/v2\/posts\/217454","targetHints":{"allow":["GET"]}}],"collection":[{"href":"https:\/\/diariodominicano.com\/index.php?rest_route=\/wp\/v2\/posts"}],"about":[{"href":"https:\/\/diariodominicano.com\/index.php?rest_route=\/wp\/v2\/types\/post"}],"author":[{"embeddable":true,"href":"https:\/\/diariodominicano.com\/index.php?rest_route=\/wp\/v2\/users\/3"}],"replies":[{"embeddable":true,"href":"https:\/\/diariodominicano.com\/index.php?rest_route=%2Fwp%2Fv2%2Fcomments&post=217454"}],"version-history":[{"count":0,"href":"https:\/\/diariodominicano.com\/index.php?rest_route=\/wp\/v2\/posts\/217454\/revisions"}],"wp:attachment":[{"href":"https:\/\/diariodominicano.com\/index.php?rest_route=%2Fwp%2Fv2%2Fmedia&parent=217454"}],"wp:term":[{"taxonomy":"category","embeddable":true,"href":"https:\/\/diariodominicano.com\/index.php?rest_route=%2Fwp%2Fv2%2Fcategories&post=217454"},{"taxonomy":"post_tag","embeddable":true,"href":"https:\/\/diariodominicano.com\/index.php?rest_route=%2Fwp%2Fv2%2Ftags&post=217454"}],"curies":[{"name":"wp","href":"https:\/\/api.w.org\/{rel}","templated":true}]}}