{"id":217453,"date":"2016-09-27T08:15:48","date_gmt":"2016-09-27T08:15:48","guid":{"rendered":"http:\/\/diariodominicano.ddns.net\/?p=217453"},"modified":"2016-09-27T08:15:48","modified_gmt":"2016-09-27T08:15:48","slug":"tras-acompanar-al-pueblo-colombiano-en-firma-acuerdo-de-paz-medina-regresa-al-pais","status":"publish","type":"post","link":"https:\/\/diariodominicano.com\/?p=217453","title":{"rendered":"Tras acompa\u00f1ar al pueblo colombiano en firma acuerdo de paz; Medina regresa al pa\u00eds"},"content":{"rendered":"<p><body><\/p>\n<p><img decoding=\"async\" src=\"img3\/Daniregresa27-9.jpg\" \/>  <\/p>\n<p><span class=\"text1noticias\">Santo Domingo, R. D., 27 de septiembre.- El presidente Danilo Medina regres\u00f3, anoche, al pa\u00eds desde Colombia, luego de ser testigo de la firma del Acuerdo de Paz. Entre el Gobierno colombiano y las FARC-EP, despu\u00e9s de una confrontaci\u00f3n que dur\u00f3 52 a\u00f1os.<\/span><\/p>\n<p><span class=\"text1noticias\"> <\/span><\/p>\n<p><span class=\"text1noticias\">El gobernante dominicano lleg\u00f3 por la Base A\u00e9rea de San Isidro, a las 10:20 de la noche. Lo acompa\u00f1aron el ministro Administrativo de la Presidencia, Jos\u00e9 Ram\u00f3n Peralta y el canciller, Miguel Vargas. Al igual que el director ejecutivo de la Unidad Ejecutora para la Readecuaci\u00f3n de La Barquita, Jos\u00e9 Miguel Gonz\u00e1lez.<\/span><\/p>\n<p><span class=\"text1noticias\"> <\/span><\/p>\n<p><span class=\"text1noticias\">Tambi\u00e9n el portavoz del Gobierno y director general de Comunicaci\u00f3n, Roberto Rodr\u00edguez Marchena. Adem\u00e1s, el asistente especial del Presidente, Carlos Pared. De igual modo, el jefe del Cuerpo de Seguridad Presidencial, mayor general Ad\u00e1n C\u00e1ceres.<\/span><\/p>\n<p><span class=\"text1noticias\"> <\/span><\/p>\n<p><span class=\"text1noticias\">Danilo Medina fue recibido por el ministro de Defensa, teniente general Rub\u00e9n Paulino Sem. As\u00ed como el el mayor general piloto de la Fuerza A\u00e9rea de la Republica Dominicana, Luis Napole\u00f3n D\u00edaz. Lo mismo hizo el jefe del Primer Regimiento de la Guardia Presidencial, Boanerges Reyes Batista.<\/span><\/p>\n<p><span class=\"text1noticias\"> <\/span><\/p>\n<p><span class=\"text1noticias\">Inicio de paz en Colombia<\/span><\/p>\n<p><span class=\"text1noticias\"> <\/span><\/p>\n<p><span class=\"text1noticias\">El jefe de Estado dominicano form\u00f3 parte de los dignatarios que participaron en el hist\u00f3rico acuerdo. El referido pacto marca el inicio de la paz en Colombia<\/span><\/p>\n<p><span class=\"text1noticias\"> <\/span><\/p>\n<p><span class=\"text1noticias\">Danilo Medina estuvo en el acto de la firma del acuerdo, en calidad de presidente pro t\u00e9mpore de la CELAC. Igualmente, en representaci\u00f3n del pueblo dominicano, hist\u00f3ricamente pac\u00edfico, tolerante y valiente.<\/span><\/p>\n<p><span class=\"text1noticias\"> <\/span><\/p>\n<p><span class=\"text1noticias\">Se suma a la alegr\u00eda de colombianos<\/span><\/p>\n<p><span class=\"text1noticias\"> <\/span><\/p>\n<p><span class=\"text1noticias\">A pocos minutos de llegar a esa naci\u00f3n se uni\u00f3 inmediatamente a la alegr\u00eda de los habitantes de ese pa\u00eds. \u00abEs un gran honor acompa\u00f1ar al pueblo colombiano en la firma de este Acuerdo de Paz\u00bb, expres\u00f3.<\/span><\/p>\n<p><span class=\"text1noticias\"> <\/span><\/p>\n<p><span class=\"text1noticias\">Tambi\u00e9n felicit\u00f3 al presidente Juan Manuel Santos y a las FARC-EP, por hacer posible la r\u00fabrica de dicho pacto. El mismo fue celebrado en el Patio de Banderas del Centro de Convenciones de Cartagena. Estuvieron presentes jefes de Estado y delegaciones internacionales e invitados especiales.<\/span><\/p>\n<p><span class=\"text1noticias\"> <\/span><\/p>\n<p><span class=\"text1noticias\">Danilo Medina particip\u00f3 en otras actividades<\/span><\/p>\n<p><span class=\"text1noticias\"> <\/span><\/p>\n<p><span class=\"text1noticias\">Adem\u00e1s, el gobernante dominicano estuvo en un almuerzo que ofreci\u00f3 el gobierno de Colombia a los jefes de Estado e invitados internacionales.<\/span><\/p>\n<p><span class=\"text1noticias\"> <\/span><\/p>\n<p><span class=\"text1noticias\">Danilo Medina comparti\u00f3 con el presidente anfitri\u00f3n, Juan Manuel Santos. Adem\u00e1s, con sus hom\u00f3logos de Cuba, Ra\u00fal Castro, y de M\u00e9xico, Enrique Pe\u00f1a Nieto.<\/span><\/p>\n<p><span class=\"text1noticias\"> <\/span><\/p>\n<p><span class=\"text1noticias\">De la misma manera, con el rey em\u00e9rito de Espa\u00f1a, Juan Carlos I, as\u00ed como el secretario general de la ONU, Ban Ki-moon. Igualmente con otros presidentes, expresidentes y ejecutivos de organismos internacionales presentes.<\/span><\/p>\n<p><span class=\"text1noticias\"> <\/span><\/p>\n<p><span class=\"text1noticias\">Testigo en Cuba del alto al fuego<\/span><\/p>\n<p><span class=\"text1noticias\"> <\/span><\/p>\n<p><span class=\"text1noticias\">En Cuba, el presidente Danilo Medina tambi\u00e9n fue testigo del anuncio del alto al fuego bilateral y definitivo. Esto fue el pasado 23 de junio del presente a\u00f1o.<\/span><\/p>\n<p><span class=\"text1noticias\"> <\/span><\/p>\n<p><span class=\"text1noticias\">En ese momento Danilo Medina expres\u00f3:<\/span><\/p>\n<p><span class=\"text1noticias\"> <\/span><\/p>\n<p><span class=\"text1noticias\">\u00abCuenten con la CELAC y con todo el apoyo de la Presidencia de la Rep\u00fablica Dominicana. Para que esta fase final del di\u00e1logo garantice una paz duradera en Colombia\u00bb.<\/span><\/p>\n<h6> 2016-09-27 08:15:48 <\/h6>\n<p><!--\n<link rel=\"stylesheet\" href=\"css\/bootstrap.min.css\">\n\n\n<ul class=\"pagination\">\n\t    \n\t\n\n<li >\n\t<a href='?page_no=11973'>Previous<\/a>\n\t<\/li>\n\n\n       \n    \n\n<li><a href='?page_no=1'>1<\/a><\/li>\n\n\n\n<li><a href='?page_no=2'>2<\/a><\/li>\n\n\n\n<li><a>...<\/a><\/li>\n\n\n\n<li><a href='?page_no=11972'>11972<\/a><\/li>\n\n\n\n<li><a href='?page_no=11973'>11973<\/a><\/li>\n\n\n\n<li class='active'><a>11974<\/a><\/li>\n\n\n\n<li><a href='?page_no=11975'>11975<\/a><\/li>\n\n\n\n<li><a href='?page_no=11976'>11976<\/a><\/li>\n\n\n\n<li><a>...<\/a><\/li>\n\n\n\n<li><a href='?page_no=56169'>56169<\/a><\/li>\n\n\n\n<li><a href='?page_no=56170'>56170<\/a><\/li>\n\n    \n\t\n\n<li >\n\t<a href='?page_no=11975'>Next<\/a>\n\t<\/li>\n\n\n    \n\n<li><a href='?page_no=56170'>Last &rsaquo;&rsaquo;<\/a><\/li>\n\n<\/ul>\n\n\n--><br \/>\n<\/body><\/p>\n","protected":false},"excerpt":{"rendered":"<p>Santo Domingo, R. D., 27 de septiembre.- El presidente Danilo Medina regres\u00f3, anoche, al pa\u00eds desde Colombia, luego de ser testigo de la firma del Acuerdo de Paz. Entre el Gobierno colombiano y las FARC-EP, despu\u00e9s de una confrontaci\u00f3n que dur\u00f3 52 a\u00f1os. El gobernante dominicano lleg\u00f3 por la Base A\u00e9rea de San Isidro, a [&hellip;]<\/p>\n","protected":false},"author":3,"featured_media":0,"comment_status":"open","ping_status":"open","sticky":false,"template":"","format":"standard","meta":{"footnotes":""},"categories":[20],"tags":[],"class_list":["post-217453","post","type-post","status-publish","format-standard","hentry","category-dominicana-hoy"],"_links":{"self":[{"href":"https:\/\/diariodominicano.com\/index.php?rest_route=\/wp\/v2\/posts\/217453","targetHints":{"allow":["GET"]}}],"collection":[{"href":"https:\/\/diariodominicano.com\/index.php?rest_route=\/wp\/v2\/posts"}],"about":[{"href":"https:\/\/diariodominicano.com\/index.php?rest_route=\/wp\/v2\/types\/post"}],"author":[{"embeddable":true,"href":"https:\/\/diariodominicano.com\/index.php?rest_route=\/wp\/v2\/users\/3"}],"replies":[{"embeddable":true,"href":"https:\/\/diariodominicano.com\/index.php?rest_route=%2Fwp%2Fv2%2Fcomments&post=217453"}],"version-history":[{"count":0,"href":"https:\/\/diariodominicano.com\/index.php?rest_route=\/wp\/v2\/posts\/217453\/revisions"}],"wp:attachment":[{"href":"https:\/\/diariodominicano.com\/index.php?rest_route=%2Fwp%2Fv2%2Fmedia&parent=217453"}],"wp:term":[{"taxonomy":"category","embeddable":true,"href":"https:\/\/diariodominicano.com\/index.php?rest_route=%2Fwp%2Fv2%2Fcategories&post=217453"},{"taxonomy":"post_tag","embeddable":true,"href":"https:\/\/diariodominicano.com\/index.php?rest_route=%2Fwp%2Fv2%2Ftags&post=217453"}],"curies":[{"name":"wp","href":"https:\/\/api.w.org\/{rel}","templated":true}]}}