{"id":217446,"date":"2016-09-28T10:28:27","date_gmt":"2016-09-28T10:28:27","guid":{"rendered":"http:\/\/diariodominicano.ddns.net\/?p=217446"},"modified":"2016-09-28T10:28:27","modified_gmt":"2016-09-28T10:28:27","slug":"jovenes-se-integran-acciones-preventivas-del-prosoli-que-ejecuta-la-vicepresidencia","status":"publish","type":"post","link":"https:\/\/diariodominicano.com\/?p=217446","title":{"rendered":"J\u00f3venes se integran acciones preventivas del Prosoli que ejecuta la vicepresidencia"},"content":{"rendered":"<p><body><\/p>\n<p><img decoding=\"async\" src=\"img3\/damaadolescente28-9.jpg\" \/><br \/><img decoding=\"async\" src=\"img3\/audidama28-9.jpg\" \/>  <\/p>\n<p><span class=\"text1noticias\">Santo Domingo, R. D., 28 septiembre.- M\u00e1s de 350 j\u00f3venes estudiantes de diferentes localidades de esta capital fueron integrados a las acciones de prevenci\u00f3n de embarazo en adolescente que ejecuta la Vicepresidencia de la Rep\u00fablica, a trav\u00e9s del programa Progresando con Solidaridad (Prosoli).<\/span><\/p>\n<p><span class=\"text1noticias\"> <\/span><\/p>\n<p><span class=\"text1noticias\">Los j\u00f3venes reafirmaron su compromiso de contribuir con la disminuci\u00f3n de la problem\u00e1tica, durante el Congreso Nacional de Prevenci\u00f3n de Embarazo en Adolescentes Yo Decido Esperar, celebrado en la Biblioteca Pedro Mir, de la Universidad Aut\u00f3noma de Santo Domingo (UASD).<\/span><\/p>\n<p><span class=\"text1noticias\"> <\/span><\/p>\n<p><span class=\"text1noticias\">Seg\u00fan explic\u00f3 el encargado de la Unidad de J\u00f3venes de Prosoli, licenciado Andr\u00e9s Mej\u00eda (Fonsi), estos j\u00f3venes ser\u00e1n los portavoces de crear conciencia sobre las implicaciones sociales, econ\u00f3micas y de salud que tiene el embarazo no planificado en adolescentes.<\/span><\/p>\n<p><span class=\"text1noticias\"> <\/span><\/p>\n<p><span class=\"text1noticias\">Afirm\u00f3 que la Rep\u00fablica Dominicana est\u00e1 en el quinto lugar de los pa\u00edses de Am\u00e9rica Latina con los \u00edndices m\u00e1s altos de embarazos en menores de edad, raz\u00f3n por la cual, la vicepresidenta de la Rep\u00fablica, doctora Margarita Cede\u00f1o, se ha enfocado en promover en la juventud iniciativas de prevenci\u00f3n que permitan reflexionar sobre la realidad, causas y consecuencias de ese mal.<\/span><\/p>\n<p><span class=\"text1noticias\"> <\/span><\/p>\n<p><span class=\"text1noticias\">\u00abLa vicepresidenta de la Rep\u00fablica est\u00e1 atenta a lo que pueda ocurrir aqu\u00ed, porque ella como fiel compromisaria de contribuir al desarrollo, sobre todo de los adolescentes y j\u00f3venes, tiene esperanza, no solo en las cosas que ustedes puedan decir, sino tambi\u00e9n en las cosas que ustedes puedan hacer en sus comunidades y en la escuela\u00bb, enfatiz\u00f3.<\/span><\/p>\n<p><span class=\"text1noticias\"> <\/span><\/p>\n<p><span class=\"text1noticias\">El espacio sirvi\u00f3 adem\u00e1s, para facilitar la reflexi\u00f3n, crear conciencia sobre las causas y consecuencias y propiciar que los participantes construyan planes de acci\u00f3n donde ellos, y desde sus capacidades, puedan generar actividades que contribuyan a prevenir el embarazo en adolescentes.<\/span><\/p>\n<p><span class=\"text1noticias\"> <\/span><\/p>\n<p><span class=\"text1noticias\"> Tambi\u00e9n, recoger sugerencias y construir soluciones que faciliten, mediante su implementaci\u00f3n, reducir la incidencia de este mal.<\/span><\/p>\n<p><span class=\"text1noticias\"> <\/span><\/p>\n<p><span class=\"text1noticias\">En el encuentro, que se realiz\u00f3 con motivo de celebrarse el D\u00eda Mundial de Prevenci\u00f3n del Embarazo No Planificado en Adolescentes, se mostr\u00f3 adem\u00e1s a los participantes los programas de prevenci\u00f3n que se implementan desde el Gabinete de Coordinaci\u00f3n de Pol\u00edticas Sociales que dirige la doctora Margarita Cede\u00f1o, y se motiv\u00f3 a un di\u00e1logo para captar la visi\u00f3n de los j\u00f3venes sobre el tema.<\/span><\/p>\n<p><span class=\"text1noticias\"> <\/span><\/p>\n<p><span class=\"text1noticias\">Adolescentes registran casi 30 mil abortos<\/span><\/p>\n<p><span class=\"text1noticias\"> <\/span><\/p>\n<p><span class=\"text1noticias\">En la actividad tambi\u00e9n habl\u00f3 el consultor en salud del Gabinete de Coordinaci\u00f3n de Pol\u00edticas Sociales (GCPS), doctor Jos\u00e9 De Lancer, quien dijo que de los 100 a 150 mil abortos que se practican cada a\u00f1o en el pa\u00eds, entre 20 y 30 mil corresponden a adolescentes, siendo \u00e9sta una poblaci\u00f3n de alta vulnerabilidad.<\/span><\/p>\n<p><span class=\"text1noticias\"> <\/span><\/p>\n<p><span class=\"text1noticias\"> <\/span><\/p>\n<p><span class=\"text1noticias\">Destac\u00f3 que los j\u00f3venes son los que registran mayor incidencia de enfermedades de transmisi\u00f3n sexual, mayor cantidad de muertes por accidentes y entre los que m\u00e1s inciden la violencia de g\u00e9nero y el consumo de drogas.<\/span><\/p>\n<p><span class=\"text1noticias\"> <\/span><\/p>\n<p><span class=\"text1noticias\">De Lancer resalt\u00f3 que de cada 10 adolescentes hembras, dos ya tienen hijos o est\u00e1n embarazadas; de cada cinco muertes maternas, una corresponde a una adolescente; mientras que sus ni\u00f1os tienen un 50 por ciento m\u00e1s de posibilidades de morir que los de mujeres mayores de 20 a\u00f1os.<\/span><\/p>\n<p><span class=\"text1noticias\"> <\/span><\/p>\n<p><span class=\"text1noticias\">\u00abEl mero hecho de estar embarazada con 16 a\u00f1os, a esa joven le aumenta cuatro veces la probabilidad de morirse, comparado con una jovencita de 20 a\u00f1os\u00bb, agreg\u00f3.<\/span><\/p>\n<p><span class=\"text1noticias\"> <\/span><\/p>\n<p><span class=\"text1noticias\">Se\u00f1al\u00f3 que seg\u00fan las estad\u00edsticas, a los hijos de las adolescentes les va peor en la escuela, y registran un \u00edndice m\u00e1s alto de deserci\u00f3n escolar. <\/span><\/p>\n<p><span class=\"text1noticias\"> <\/span><\/p>\n<p><span class=\"text1noticias\"> <\/span><\/p>\n<p><span class=\"text1noticias\">\u00abEl embarazo en adolescente es m\u00e1s frecuente en hogares de escasos recursos econ\u00f3micos; mientras m\u00e1s apartada es la zona, m\u00e1s alta es la tasa de embarazos en adolescentes\u00bb, destac\u00f3.<\/span><\/p>\n<p><span class=\"text1noticias\"> <\/span><\/p>\n<p><span class=\"text1noticias\"> <\/span><\/p>\n<p><span class=\"text1noticias\">El programa del congreso incluy\u00f3 una conferencia en el Sal\u00f3n Verde del Palacio Nacional, a cargo de la especialista en salud Carolina Gonz\u00e1lez Acero, con la presencia de la Vicemandataria, varios videos sobre distintos aspectos del tema y una jornada de trabajo en la que se formaron grupos para debatir opiniones y formular sugerencias sobre c\u00f3mo los j\u00f3venes deben abordar el problema.<\/span><\/p>\n<p><span class=\"text1noticias\"> <\/span><\/p>\n<p><span class=\"text1noticias\"> <\/span><\/p>\n<p><span class=\"text1noticias\">Iniciativas de impacto<\/span><\/p>\n<p><span class=\"text1noticias\">Mediante el programa Yo decido Esperar, iniciativa de la doctora Margarita Cede\u00f1o, se han capacitado a 24,000 gu\u00edas juveniles en salud sexual y reproductiva, prevenci\u00f3n de enfermedades, embarazos en adolescentes y apoyo socio afectivo, los cuales han orientado a 89, 567 ni\u00f1as de 10 a 17 a\u00f1os y 345,963 de entre 14 y 24 a\u00f1os, para un total de 435, 530 adolescentes intervenidas en todo el pa\u00eds.<\/span><\/p>\n<p><span class=\"text1noticias\"> <\/span><\/p>\n<p><span class=\"text1noticias\"> <\/span><\/p>\n<p><span class=\"text1noticias\">Adem\u00e1s, la Vicepresidencia impulsa el programa Beb\u00e9 Pi\u00e9nsalo Bien, mediante el cual los j\u00f3venes pueden experimentar la paternidad a trav\u00e9s del cuidado continuo al simulador de beb\u00e9 durante un fin de semana.<\/span><\/p>\n<p><span class=\"text1noticias\">Con este programa, que busca librar a las ni\u00f1as de ser madres a destiempo, se ha impactado a m\u00e1s de 45,352 adolescentes de 142 centros educativos de distintos puntos del pa\u00eds.  Adem\u00e1s se han integrado al mismo unos 2<\/span>1,000 padres. <\/p>\n<\/p>\n<h6> 2016-09-28 10:28:27 <\/h6>\n<p><!--\n<link rel=\"stylesheet\" href=\"css\/bootstrap.min.css\">\n\n\n<ul class=\"pagination\">\n\t    \n\t\n\n<li >\n\t<a href='?page_no=11967'>Previous<\/a>\n\t<\/li>\n\n\n       \n    \n\n<li><a href='?page_no=1'>1<\/a><\/li>\n\n\n\n<li><a href='?page_no=2'>2<\/a><\/li>\n\n\n\n<li><a>...<\/a><\/li>\n\n\n\n<li><a href='?page_no=11966'>11966<\/a><\/li>\n\n\n\n<li><a href='?page_no=11967'>11967<\/a><\/li>\n\n\n\n<li class='active'><a>11968<\/a><\/li>\n\n\n\n<li><a href='?page_no=11969'>11969<\/a><\/li>\n\n\n\n<li><a href='?page_no=11970'>11970<\/a><\/li>\n\n\n\n<li><a>...<\/a><\/li>\n\n\n\n<li><a href='?page_no=56169'>56169<\/a><\/li>\n\n\n\n<li><a href='?page_no=56170'>56170<\/a><\/li>\n\n    \n\t\n\n<li >\n\t<a href='?page_no=11969'>Next<\/a>\n\t<\/li>\n\n\n    \n\n<li><a href='?page_no=56170'>Last &rsaquo;&rsaquo;<\/a><\/li>\n\n<\/ul>\n\n\n--><br \/>\n<\/body><\/p>\n","protected":false},"excerpt":{"rendered":"<p>Santo Domingo, R. D., 28 septiembre.- M\u00e1s de 350 j\u00f3venes estudiantes de diferentes localidades de esta capital fueron integrados a las acciones de prevenci\u00f3n de embarazo en adolescente que ejecuta la Vicepresidencia de la Rep\u00fablica, a trav\u00e9s del programa Progresando con Solidaridad (Prosoli). Los j\u00f3venes reafirmaron su compromiso de contribuir con la disminuci\u00f3n de la [&hellip;]<\/p>\n","protected":false},"author":3,"featured_media":0,"comment_status":"open","ping_status":"open","sticky":false,"template":"","format":"standard","meta":{"footnotes":""},"categories":[20],"tags":[],"class_list":["post-217446","post","type-post","status-publish","format-standard","hentry","category-dominicana-hoy"],"_links":{"self":[{"href":"https:\/\/diariodominicano.com\/index.php?rest_route=\/wp\/v2\/posts\/217446","targetHints":{"allow":["GET"]}}],"collection":[{"href":"https:\/\/diariodominicano.com\/index.php?rest_route=\/wp\/v2\/posts"}],"about":[{"href":"https:\/\/diariodominicano.com\/index.php?rest_route=\/wp\/v2\/types\/post"}],"author":[{"embeddable":true,"href":"https:\/\/diariodominicano.com\/index.php?rest_route=\/wp\/v2\/users\/3"}],"replies":[{"embeddable":true,"href":"https:\/\/diariodominicano.com\/index.php?rest_route=%2Fwp%2Fv2%2Fcomments&post=217446"}],"version-history":[{"count":0,"href":"https:\/\/diariodominicano.com\/index.php?rest_route=\/wp\/v2\/posts\/217446\/revisions"}],"wp:attachment":[{"href":"https:\/\/diariodominicano.com\/index.php?rest_route=%2Fwp%2Fv2%2Fmedia&parent=217446"}],"wp:term":[{"taxonomy":"category","embeddable":true,"href":"https:\/\/diariodominicano.com\/index.php?rest_route=%2Fwp%2Fv2%2Fcategories&post=217446"},{"taxonomy":"post_tag","embeddable":true,"href":"https:\/\/diariodominicano.com\/index.php?rest_route=%2Fwp%2Fv2%2Ftags&post=217446"}],"curies":[{"name":"wp","href":"https:\/\/api.w.org\/{rel}","templated":true}]}}