{"id":217434,"date":"2016-09-29T13:37:14","date_gmt":"2016-09-29T13:37:14","guid":{"rendered":"http:\/\/diariodominicano.ddns.net\/?p=217434"},"modified":"2016-09-29T13:37:14","modified_gmt":"2016-09-29T13:37:14","slug":"plan-social-activa-plan-de-contingencia-por-posibles-efectos-de-matthew","status":"publish","type":"post","link":"https:\/\/diariodominicano.com\/?p=217434","title":{"rendered":"&#13;Plan Social activa plan de contingencia por  posibles efectos de Matthew"},"content":{"rendered":"<p><body><\/p>\n<p><img decoding=\"async\" src=\"img3\/iris.jpg\" \/><br \/><img decoding=\"async\" src=\"img3\/colchones.jpg\" \/>  <\/p>\n<\/p>\n<p><span class=\"text1noticias\"> <\/span><\/p>\n<p><span class=\"text1noticias\"><strong>SANTO DOMINGO ESTE, 29 de septiembre, <\/strong>-El gobierno activ\u00f3 hoy a trav\u00e9s del Plan de Asistencia Social de la Presidencia su \u00abPlan de Contingencia\u00bb ante la posibilidad de que familias resulten afectadas con da\u00f1os a la propiedad y aislamientos debido al paso por el \u00e1rea del Caribe del fen\u00f3meno atmosf\u00e9rico Matthew.<\/span><\/p>\n<\/p>\n<p><span class=\"text1noticias\">Los furgones y camiones cerrados conteniendo miles de raciones alimenticias, enlatados,  colchonetas, mosquiteros y sabanas, est\u00e1n listos para ser enviados en caso de ser necesario a los lugares vulnerables que pudiesen resultar afectados, seg\u00fan dijo la directora general de esta instituci\u00f3n de servicios, licenciada Iris Guaba.<\/span><\/p>\n<\/p>\n<p><span class=\"text1noticias\">La funcionaria manifest\u00f3 que se mantiene en comunicaci\u00f3n con la Comisi\u00f3n Nacional de Emergencias y los dem\u00e1s organismos de socorro, para coordinar el posible  env\u00edo de las ayudas oficiales.<\/span><\/p>\n<\/p>\n<p><span class=\"text1noticias\">\u00abPor instrucciones expresas del presidente de la Rep\u00fablica, Danilo Medina, esta instituci\u00f3n esta presta para ayudar en toda ocasi\u00f3n y m\u00e1s en situaciones de emergencia, a las familias que se encuentran en condiciones vulnerables y que son las m\u00e1s afectadas cuando el pa\u00eds es azotado por un fen\u00f3meno natural\u00bb, manifest\u00f3 Iris Guaba.<\/span><\/p>\n<\/p>\n<p><span class=\"text1noticias\">Las raciones alimenticias que distribuye gratuitamente el gobierno dominicano a trav\u00e9s del su Plan Social, contienen arroz, salchichas enlatadas, habichuelas, aceite, harina de ma\u00edz, cocoa, pastas y az\u00facar.<\/span><\/p>\n<\/p>\n<h6> 2016-09-29 13:37:14 <\/h6>\n<p><!--\n<link rel=\"stylesheet\" href=\"css\/bootstrap.min.css\">\n\n\n<ul class=\"pagination\">\n\t    \n\t\n\n<li >\n\t<a href='?page_no=11956'>Previous<\/a>\n\t<\/li>\n\n\n       \n    \n\n<li><a href='?page_no=1'>1<\/a><\/li>\n\n\n\n<li><a href='?page_no=2'>2<\/a><\/li>\n\n\n\n<li><a>...<\/a><\/li>\n\n\n\n<li><a href='?page_no=11955'>11955<\/a><\/li>\n\n\n\n<li><a href='?page_no=11956'>11956<\/a><\/li>\n\n\n\n<li class='active'><a>11957<\/a><\/li>\n\n\n\n<li><a href='?page_no=11958'>11958<\/a><\/li>\n\n\n\n<li><a href='?page_no=11959'>11959<\/a><\/li>\n\n\n\n<li><a>...<\/a><\/li>\n\n\n\n<li><a href='?page_no=56169'>56169<\/a><\/li>\n\n\n\n<li><a href='?page_no=56170'>56170<\/a><\/li>\n\n    \n\t\n\n<li >\n\t<a href='?page_no=11958'>Next<\/a>\n\t<\/li>\n\n\n    \n\n<li><a href='?page_no=56170'>Last &rsaquo;&rsaquo;<\/a><\/li>\n\n<\/ul>\n\n\n--><br \/>\n<\/body><\/p>\n","protected":false},"excerpt":{"rendered":"<p>SANTO DOMINGO ESTE, 29 de septiembre, -El gobierno activ\u00f3 hoy a trav\u00e9s del Plan de Asistencia Social de la Presidencia su \u00abPlan de Contingencia\u00bb ante la posibilidad de que familias resulten afectadas con da\u00f1os a la propiedad y aislamientos debido al paso por el \u00e1rea del Caribe del fen\u00f3meno atmosf\u00e9rico Matthew. Los furgones y camiones [&hellip;]<\/p>\n","protected":false},"author":3,"featured_media":0,"comment_status":"open","ping_status":"open","sticky":false,"template":"","format":"standard","meta":{"footnotes":""},"categories":[20],"tags":[],"class_list":["post-217434","post","type-post","status-publish","format-standard","hentry","category-dominicana-hoy"],"_links":{"self":[{"href":"https:\/\/diariodominicano.com\/index.php?rest_route=\/wp\/v2\/posts\/217434","targetHints":{"allow":["GET"]}}],"collection":[{"href":"https:\/\/diariodominicano.com\/index.php?rest_route=\/wp\/v2\/posts"}],"about":[{"href":"https:\/\/diariodominicano.com\/index.php?rest_route=\/wp\/v2\/types\/post"}],"author":[{"embeddable":true,"href":"https:\/\/diariodominicano.com\/index.php?rest_route=\/wp\/v2\/users\/3"}],"replies":[{"embeddable":true,"href":"https:\/\/diariodominicano.com\/index.php?rest_route=%2Fwp%2Fv2%2Fcomments&post=217434"}],"version-history":[{"count":0,"href":"https:\/\/diariodominicano.com\/index.php?rest_route=\/wp\/v2\/posts\/217434\/revisions"}],"wp:attachment":[{"href":"https:\/\/diariodominicano.com\/index.php?rest_route=%2Fwp%2Fv2%2Fmedia&parent=217434"}],"wp:term":[{"taxonomy":"category","embeddable":true,"href":"https:\/\/diariodominicano.com\/index.php?rest_route=%2Fwp%2Fv2%2Fcategories&post=217434"},{"taxonomy":"post_tag","embeddable":true,"href":"https:\/\/diariodominicano.com\/index.php?rest_route=%2Fwp%2Fv2%2Ftags&post=217434"}],"curies":[{"name":"wp","href":"https:\/\/api.w.org\/{rel}","templated":true}]}}